{"id":23962,"date":"2025-05-05T09:53:25","date_gmt":"2025-05-05T08:53:25","guid":{"rendered":"https:\/\/www.aphyllanthe.fr\/association\/?p=23962"},"modified":"2025-05-26T10:29:12","modified_gmt":"2025-05-26T09:29:12","slug":"recital-de-piano","status":"publish","type":"post","link":"https:\/\/www.aphyllanthe.fr\/association\/recital-de-piano\/","title":{"rendered":"R\u00e9cital de piano &#8211; samedi 24 mai"},"content":{"rendered":"\n<p class=\"has-text-color has-background has-link-color wp-elements-a915c8575fa4f4b77e27c1e423bfe241\" style=\"color:#4e290f;background-color:#e2c28a\">L&rsquo;Aphyllanthe investit la charmante \u00e9glise Notre Dame de Gattigues <strong>samedi 24 mai <\/strong>pour deux r\u00e9citals par le pianiste et compositeur Pascal Lerebours. Comme le lieu est intimiste, il y a deux horaires de concert : <strong>11h et 19h<\/strong>.<br \/>C&rsquo;est \u00e0 un voyage dans l&rsquo;univers de la musique classique contemporaine qu&rsquo;il nous invite, \u00e0 l&rsquo;issue duquel il sera disponible pour une discussion informelle lors d&rsquo;un moment convivial.<br \/><strong>Entr\u00e9e sur r\u00e9servation au 06 98 16 25 23 <\/strong>; libre participation aux frais.<\/p>\n\n\n\n<div class=\"wp-block-columns is-layout-flex wp-container-core-columns-is-layout-9d6595d7 wp-block-columns-is-layout-flex\">\n<div class=\"wp-block-column is-layout-flow wp-block-column-is-layout-flow\">\n<p>N\u00e9 au bord du Lac d&rsquo;Annecy, Pascal Lerebours commence par \u00e9crire de la po\u00e9sie, mais se tourne ensuite vers la musique. Il obtient rapidement les premiers prix de piano et de musique de chambre au conservatoire de Marseille.<\/p>\n<\/div>\n\n\n\n<div class=\"wp-block-column is-layout-flow wp-block-column-is-layout-flow\">\n<figure class=\"wp-block-image size-full\"><a href=\"https:\/\/www.aphyllanthe.fr\/association\/wp-content\/uploads\/2025\/04\/PASCAL-LEREBOURS.webp\"><img loading=\"lazy\" decoding=\"async\" width=\"620\" height=\"563\" src=\"https:\/\/www.aphyllanthe.fr\/association\/wp-content\/uploads\/2025\/04\/PASCAL-LEREBOURS.webp\" alt=\"\" class=\"wp-image-23965\" srcset=\"https:\/\/www.aphyllanthe.fr\/association\/wp-content\/uploads\/2025\/04\/PASCAL-LEREBOURS.webp 620w, https:\/\/www.aphyllanthe.fr\/association\/wp-content\/uploads\/2025\/04\/PASCAL-LEREBOURS-300x272.webp 300w\" sizes=\"auto, (max-width: 620px) 100vw, 620px\" \/><\/a><\/figure>\n<\/div>\n<\/div>\n\n\n\n<p>Engag\u00e9 par le chor\u00e9graphe Roland Petit pour une tourn\u00e9e mondiale de son ballet <em>Les amours de Franz Schubert<\/em>, il travaille avec le pianiste argentin Wilfredo Voguet en rentrant \u00e0 Paris.<\/p>\n\n\n\n<p>Il poursuit ensuite une carri\u00e8re internationale de pianiste soliste et d&rsquo;accompagnateur de chanteurs lyriques.<\/p>\n\n\n\n<p>Son premier album, consacr\u00e9 \u00e0 Franz Schubert, lui vaudra un diapason d&rsquo;or et la presse le placera aux c\u00f4t\u00e9s des plus grands concertistes.<\/p>\n\n\n\n<p>En 2014, il compose son premier recueil, <em>Intuitions<\/em>, qu\u2019il enregistre en 2019, ainsi que les pi\u00e8ces <em>Romantales et Sentimentiques<\/em>.<\/p>\n\n\n\n<p>Aujourd&rsquo;hui, Pascal Lerebours continue de composer et donne \u00e0 entendre son jeu particuli\u00e8rement nuanc\u00e9 lors de concerts. Il interpr\u00e8tera des \u0153uvres de Ravel, Rachmaninov, Debussy,  Satie ainsi que ses compositions originales.<\/p>\n\n\n\n<h5 class=\"wp-block-heading has-text-align-center has-text-color has-background has-link-color wp-elements-f5b3b3d21445c7278d5da45ef1b3656a\" style=\"color:#4e290f;background-color:#e2c28a\">\u00c9glise notre Dame de Gattigues (Aigaliers)<br \/>11h et 19h<br \/>R\u00e9servation sur inscription au 06 98 16 25 23<br \/>Libre participation (aux frais)<\/h5>\n","protected":false},"excerpt":{"rendered":"<p>L&rsquo;Aphyllanthe investit la charmante \u00e9glise Notre Dame de Gattigues samedi 24 mai pour deux r\u00e9citals par le pianiste et compositeur Pascal Lerebours. Comme le lieu est intimiste, il y a deux horaires de concert : 11h et 19h.C&rsquo;est \u00e0 un voyage dans l&rsquo;univers de la musique classique contemporaine qu&rsquo;il nous invite, \u00e0 l&rsquo;issue duquel il &hellip; <a href=\"https:\/\/www.aphyllanthe.fr\/association\/recital-de-piano\/\" class=\"more-link\">Continuer la lecture de <span class=\"screen-reader-text\">R\u00e9cital de piano &#8211; samedi 24 mai<\/span>  <span class=\"meta-nav\">&rarr;<\/span><\/a><\/p>\n","protected":false},"author":10,"featured_media":24011,"comment_status":"closed","ping_status":"closed","sticky":false,"template":"","format":"standard","meta":{"footnotes":""},"categories":[4],"tags":[],"class_list":["post-23962","post","type-post","status-publish","format-standard","has-post-thumbnail","hentry","category-annonce"],"_links":{"self":[{"href":"https:\/\/www.aphyllanthe.fr\/association\/wp-json\/wp\/v2\/posts\/23962","targetHints":{"allow":["GET"]}}],"collection":[{"href":"https:\/\/www.aphyllanthe.fr\/association\/wp-json\/wp\/v2\/posts"}],"about":[{"href":"https:\/\/www.aphyllanthe.fr\/association\/wp-json\/wp\/v2\/types\/post"}],"author":[{"embeddable":true,"href":"https:\/\/www.aphyllanthe.fr\/association\/wp-json\/wp\/v2\/users\/10"}],"replies":[{"embeddable":true,"href":"https:\/\/www.aphyllanthe.fr\/association\/wp-json\/wp\/v2\/comments?post=23962"}],"version-history":[{"count":10,"href":"https:\/\/www.aphyllanthe.fr\/association\/wp-json\/wp\/v2\/posts\/23962\/revisions"}],"predecessor-version":[{"id":24392,"href":"https:\/\/www.aphyllanthe.fr\/association\/wp-json\/wp\/v2\/posts\/23962\/revisions\/24392"}],"wp:featuredmedia":[{"embeddable":true,"href":"https:\/\/www.aphyllanthe.fr\/association\/wp-json\/wp\/v2\/media\/24011"}],"wp:attachment":[{"href":"https:\/\/www.aphyllanthe.fr\/association\/wp-json\/wp\/v2\/media?parent=23962"}],"wp:term":[{"taxonomy":"category","embeddable":true,"href":"https:\/\/www.aphyllanthe.fr\/association\/wp-json\/wp\/v2\/categories?post=23962"},{"taxonomy":"post_tag","embeddable":true,"href":"https:\/\/www.aphyllanthe.fr\/association\/wp-json\/wp\/v2\/tags?post=23962"}],"curies":[{"name":"wp","href":"https:\/\/api.w.org\/{rel}","templated":true}]}}