{"id":23990,"date":"2025-04-16T14:10:25","date_gmt":"2025-04-16T13:10:25","guid":{"rendered":"https:\/\/www.aphyllanthe.fr\/association\/?p=23990"},"modified":"2025-04-23T10:20:21","modified_gmt":"2025-04-23T09:20:21","slug":"programme-du-cine-des-vacances","status":"publish","type":"post","link":"https:\/\/www.aphyllanthe.fr\/association\/programme-du-cine-des-vacances\/","title":{"rendered":"Programme du cin\u00e9 des vacances"},"content":{"rendered":"\n<h5 class=\"wp-block-heading has-text-align-center has-white-color has-text-color has-background\" style=\"background-color:#cd4c15\">On l&rsquo;attendait, il vient de tomber tout chaud !<br \/>Voici le programme du cin\u00e9 des vacances du mardi 22 avril<\/h5>\n\n\n\n<h5 class=\"wp-block-heading\">14h : Minecraft<\/h5>\n\n\n\n<p>Film d&rsquo;animation de Jared Hess (1h41).<br \/><strong>Synopsis<\/strong> : Le malveillant Ender Dragon s&rsquo;engage sur une voie de destruction, poussant une jeune fille et son groupe d&rsquo;aventuriers improbables \u00e0 sauver l&rsquo;Overworld. Avec Jason Momoa, Jack Black et Emma Myers.<\/p>\n\n\n\n<figure class=\"wp-block-embed is-type-video is-provider-youtube wp-block-embed-youtube wp-embed-aspect-16-9 wp-has-aspect-ratio\"><div class=\"wp-block-embed__wrapper\">\n<iframe loading=\"lazy\" title=\"Minecraft, Le Film | Bande-annonce finale (VF)\" width=\"474\" height=\"267\" src=\"https:\/\/www.youtube.com\/embed\/kJb9NgYqpb4?feature=oembed\" frameborder=\"0\" allow=\"accelerometer; autoplay; clipboard-write; encrypted-media; gyroscope; picture-in-picture; web-share\" referrerpolicy=\"strict-origin-when-cross-origin\" allowfullscreen><\/iframe>\n<\/div><\/figure>\n\n\n\n<h5 class=\"wp-block-heading\">14h : Ozi, la voix de la for\u00eat<\/h5>\n\n\n\n<p>Film d&rsquo;animation de Tim Harper (1h27).<br \/><strong>Synopsis<\/strong> : Ozi, une jeune orang-outan, est s\u00e9par\u00e9e de ses parents \u00e0 la suite d\u2019un feu de for\u00eat. Elle grandit dans une r\u00e9serve, entour\u00e9e d\u2019autres animaux devenus ses amis. Mais un jour, guid\u00e9e par son instinct, elle d\u00e9cide de partir \u00e0 la recherche de sa famille. Dans sa qu\u00eate, elle va d\u00e9couvrir la beaut\u00e9 de la nature mais aussi les dangers qui la menacent. Ozi se lance alors dans une incroyable aventure pour retrouver ses parents et sauver la for\u00eat tropicale.<\/p>\n\n\n\n<figure class=\"wp-block-embed is-type-video is-provider-youtube wp-block-embed-youtube wp-embed-aspect-16-9 wp-has-aspect-ratio\"><div class=\"wp-block-embed__wrapper\">\n<iframe loading=\"lazy\" title=\"OZI LA VOIX DE LA FOR\u00caT Bande Annonce VF (2025) Leonardo DiCaprio\" width=\"474\" height=\"267\" src=\"https:\/\/www.youtube.com\/embed\/bzVV96PopaA?feature=oembed\" frameborder=\"0\" allow=\"accelerometer; autoplay; clipboard-write; encrypted-media; gyroscope; picture-in-picture; web-share\" referrerpolicy=\"strict-origin-when-cross-origin\" allowfullscreen><\/iframe>\n<\/div><\/figure>\n\n\n\n<h5 class=\"wp-block-heading\">16h15 : Moon le Panda<\/h5>\n\n\n\n<p>Film de Gilles de Maistre (1h39), avec Alexandra Lamy, No\u00e9 Liu Martane, Y\u00e9 Liu.<br \/><strong>Synopsis<\/strong> : Tian a 12 ans quand il est envoy\u00e9 chez sa grand-m\u00e8re \u00e0 cause de ses mauvais r\u00e9sultats \u00e0 l&rsquo;\u00e9cole. Loin de la ville, dans les myst\u00e9rieuses montagnes chinoises, il se lie d\u2019amiti\u00e9 en secret avec un panda qu\u2019il nomme Moon. C\u2019est le d\u00e9but d\u2019une incroyable aventure qui va changer \u00e0 tout jamais sa vie et celle de sa famille.<\/p>\n\n\n\n<figure class=\"wp-block-embed is-type-video is-provider-youtube wp-block-embed-youtube wp-embed-aspect-16-9 wp-has-aspect-ratio\"><div class=\"wp-block-embed__wrapper\">\n<iframe loading=\"lazy\" title=\"MOON LE PANDA - Bande-annonce officielle [Le 9 avril au cin\u00e9ma]\" width=\"474\" height=\"267\" src=\"https:\/\/www.youtube.com\/embed\/yZyCvepB0fc?feature=oembed\" frameborder=\"0\" allow=\"accelerometer; autoplay; clipboard-write; encrypted-media; gyroscope; picture-in-picture; web-share\" referrerpolicy=\"strict-origin-when-cross-origin\" allowfullscreen><\/iframe>\n<\/div><\/figure>\n\n\n\n<h5 class=\"wp-block-heading\">18h30 : Mikado<\/h5>\n\n\n\n<p>Film de Baya Kasmi avec F\u00e9lix Moati, Vimala Pons, Ramzy Bedia (1h34).<br \/><strong>Synopsis<\/strong> : Mikado et Laetitia vivent avec leurs enfants sur les routes. Une panne de moteur les am\u00e8ne \u00e0 s\u2019installer le temps d\u2019un \u00e9t\u00e9 chez Vincent, un enseignant qui vit seul avec sa fille. C\u2019est le d\u00e9but d\u2019une parenth\u00e8se enchant\u00e9e qui pourrait aussi bouleverser l\u2019\u00e9quilibre de toute la famille alors que Nuage, leur fille a\u00een\u00e9e, se prend \u00e0 r\u00eaver d\u2019une vie normale.<br \/>S\u00e9lection officielle du Festival du film francophone d\u2019Angoul\u00eame 2024.<\/p>\n\n\n\n<figure class=\"wp-block-embed is-type-video is-provider-youtube wp-block-embed-youtube wp-embed-aspect-16-9 wp-has-aspect-ratio\"><div class=\"wp-block-embed__wrapper\">\n<iframe loading=\"lazy\" title=\"MIKADO de Baya Kasmi | BANDE-ANNONCE OFFICIELLE\" width=\"474\" height=\"267\" src=\"https:\/\/www.youtube.com\/embed\/uilgonKlECA?feature=oembed\" frameborder=\"0\" allow=\"accelerometer; autoplay; clipboard-write; encrypted-media; gyroscope; picture-in-picture; web-share\" referrerpolicy=\"strict-origin-when-cross-origin\" allowfullscreen><\/iframe>\n<\/div><\/figure>\n\n\n\n<h5 class=\"wp-block-heading\">18h30 : Ma m\u00e8re, Dieu et Sylvie Vartan<\/h5>\n\n\n\n<p>Film de Ken Scott avec Le\u00efla Bekhti et Jonathan Cohen (1h43).<br \/>Adapt\u00e9 du roman autobiographique de Roland Perez<br \/><strong>Synopsis<\/strong> : En 1963, Esther met au monde Roland, petit dernier d\u2019une famille nombreuse. Roland na\u00eet avec un pied-bot qui l\u2019emp\u00eache de se tenir debout. Contre l\u2019avis de tous, elle promet \u00e0 son fils qu\u2019il marchera comme les autres et qu\u2019il aura une vie fabuleuse. D\u00e8s lors, Esther n\u2019aura de cesse de tout mettre en \u0153uvre pour tenir cette promesse. \u00c0 travers des d\u00e9cennies d\u2019\u00e9preuves et de miracles de la vie, ce film est le r\u00e9cit d\u2019une histoire vraie, dr\u00f4le et bouleversante, celle d\u2019un destin incroyable et du plus grand amour qui soit : celui d\u2019une m\u00e8re pour son enfant.<\/p>\n\n\n\n<figure class=\"wp-block-embed is-type-video is-provider-youtube wp-block-embed-youtube wp-embed-aspect-16-9 wp-has-aspect-ratio\"><div class=\"wp-block-embed__wrapper\">\n<iframe loading=\"lazy\" title=\"Ma M\u00e8re, Dieu et Sylvie Vartan | Bande-Annonce Officielle\" width=\"474\" height=\"267\" src=\"https:\/\/www.youtube.com\/embed\/drn5gXXuwvU?feature=oembed\" frameborder=\"0\" allow=\"accelerometer; autoplay; clipboard-write; encrypted-media; gyroscope; picture-in-picture; web-share\" referrerpolicy=\"strict-origin-when-cross-origin\" allowfullscreen><\/iframe>\n<\/div><\/figure>\n\n\n\n<h5 class=\"wp-block-heading\">21h : Aimons-nous vivants<\/h5>\n\n\n\n<p>Film de Jean-Pierre Am\u00e9ris avec Val\u00e9rie Lemercier, G\u00e9rard Darmon, Patrick Timsit (1h30).<br \/><strong>Synopsis<\/strong> : Dans le train pour Gen\u00e8ve, Victoire, une passag\u00e8re envahissante, croise Antoine Toussaint, son idole, une grande vedette de la chanson fran\u00e7aise. Entre lui, au bout du rouleau, et elle, d\u00e9bordante d\u2019\u00e9nergie, la rencontre sera explosive\u2026<\/p>\n\n\n\n<figure class=\"wp-block-embed is-type-video is-provider-youtube wp-block-embed-youtube wp-embed-aspect-16-9 wp-has-aspect-ratio\"><div class=\"wp-block-embed__wrapper\">\n<iframe loading=\"lazy\" title=\"AIMONS-NOUS VIVANTS I Bande-annonce\" width=\"474\" height=\"267\" src=\"https:\/\/www.youtube.com\/embed\/EeW5mvpnTIM?feature=oembed\" frameborder=\"0\" allow=\"accelerometer; autoplay; clipboard-write; encrypted-media; gyroscope; picture-in-picture; web-share\" referrerpolicy=\"strict-origin-when-cross-origin\" allowfullscreen><\/iframe>\n<\/div><\/figure>\n\n\n\n<h5 class=\"wp-block-heading\">21h : Lire Lolita \u00e0 T\u00e9h\u00e9ran<\/h5>\n\n\n\n<p>Film de Eran Riklis avec Golshifteh Farahani, Zar Amir Ebrahimi, Mina Kavani (1h47). En VO.<br \/><strong>Synopsis<\/strong> : Azar Nafisi, professeure \u00e0 l&rsquo;universit\u00e9 de T\u00e9h\u00e9ran, r\u00e9unit secr\u00e8tement sept de ses \u00e9tudiantes pour lire des classiques de la litt\u00e9rature occidentale interdits par le r\u00e9gime.<br \/>Alors que les fondamentalistes sont au pouvoir, ces femmes se retrouvent, retirent leur voile et discutent de leurs espoirs, de leurs amours et de leur place dans une soci\u00e9t\u00e9 de plus en plus oppressive.<br \/>D&rsquo;apr\u00e8s le roman autobiographique de Azar Nafisi.<\/p>\n\n\n\n<figure class=\"wp-block-embed is-type-video is-provider-youtube wp-block-embed-youtube wp-embed-aspect-16-9 wp-has-aspect-ratio\"><div class=\"wp-block-embed__wrapper\">\n<iframe loading=\"lazy\" title=\"LIRE LOLITA \u00c0 T\u00c9H\u00c9RAN - Bande-annonce VOST\" width=\"474\" height=\"267\" src=\"https:\/\/www.youtube.com\/embed\/i3xDy5B88v8?feature=oembed\" frameborder=\"0\" allow=\"accelerometer; autoplay; clipboard-write; encrypted-media; gyroscope; picture-in-picture; web-share\" referrerpolicy=\"strict-origin-when-cross-origin\" allowfullscreen><\/iframe>\n<\/div><\/figure>\n\n\n\n<h5 class=\"wp-block-heading has-text-align-center has-dark-gray-color has-text-color has-link-color wp-elements-ed5c3d1223bfd1dbec05851d84cbf2a9\">Tarifs adh\u00e9rents : adultes : 1 \u20ac \/ offert pour les &#8211; 18 ans<br \/>Non adh\u00e9rents : 5 \u20ac<\/h5>\n\n\n\n<p class=\"has-text-align-center has-white-color has-text-color has-background\" style=\"background-color:#cd4c15\"><strong>Contremarques \u00e0 retirer au <\/strong><strong>secr\u00e9tariat<\/strong><br \/><strong>avant 12h vendredi 18 avril<br \/>aphyllanthe@orange.fr ou t\u00e9l : 04 66 22 10 20<\/strong><\/p>\n","protected":false},"excerpt":{"rendered":"<p>On l&rsquo;attendait, il vient de tomber tout chaud !Voici le programme du cin\u00e9 des vacances du mardi 22 avril 14h : Minecraft Film d&rsquo;animation de Jared Hess (1h41).Synopsis : Le malveillant Ender Dragon s&rsquo;engage sur une voie de destruction, poussant une jeune fille et son groupe d&rsquo;aventuriers improbables \u00e0 sauver l&rsquo;Overworld. Avec Jason Momoa, Jack &hellip; <a href=\"https:\/\/www.aphyllanthe.fr\/association\/programme-du-cine-des-vacances\/\" class=\"more-link\">Continuer la lecture de <span class=\"screen-reader-text\">Programme du cin\u00e9 des vacances<\/span>  <span class=\"meta-nav\">&rarr;<\/span><\/a><\/p>\n","protected":false},"author":10,"featured_media":24009,"comment_status":"closed","ping_status":"closed","sticky":false,"template":"","format":"standard","meta":{"footnotes":""},"categories":[4],"tags":[],"class_list":["post-23990","post","type-post","status-publish","format-standard","has-post-thumbnail","hentry","category-annonce"],"_links":{"self":[{"href":"https:\/\/www.aphyllanthe.fr\/association\/wp-json\/wp\/v2\/posts\/23990","targetHints":{"allow":["GET"]}}],"collection":[{"href":"https:\/\/www.aphyllanthe.fr\/association\/wp-json\/wp\/v2\/posts"}],"about":[{"href":"https:\/\/www.aphyllanthe.fr\/association\/wp-json\/wp\/v2\/types\/post"}],"author":[{"embeddable":true,"href":"https:\/\/www.aphyllanthe.fr\/association\/wp-json\/wp\/v2\/users\/10"}],"replies":[{"embeddable":true,"href":"https:\/\/www.aphyllanthe.fr\/association\/wp-json\/wp\/v2\/comments?post=23990"}],"version-history":[{"count":18,"href":"https:\/\/www.aphyllanthe.fr\/association\/wp-json\/wp\/v2\/posts\/23990\/revisions"}],"predecessor-version":[{"id":24008,"href":"https:\/\/www.aphyllanthe.fr\/association\/wp-json\/wp\/v2\/posts\/23990\/revisions\/24008"}],"wp:featuredmedia":[{"embeddable":true,"href":"https:\/\/www.aphyllanthe.fr\/association\/wp-json\/wp\/v2\/media\/24009"}],"wp:attachment":[{"href":"https:\/\/www.aphyllanthe.fr\/association\/wp-json\/wp\/v2\/media?parent=23990"}],"wp:term":[{"taxonomy":"category","embeddable":true,"href":"https:\/\/www.aphyllanthe.fr\/association\/wp-json\/wp\/v2\/categories?post=23990"},{"taxonomy":"post_tag","embeddable":true,"href":"https:\/\/www.aphyllanthe.fr\/association\/wp-json\/wp\/v2\/tags?post=23990"}],"curies":[{"name":"wp","href":"https:\/\/api.w.org\/{rel}","templated":true}]}}