{"id":24033,"date":"2025-05-05T09:59:43","date_gmt":"2025-05-05T08:59:43","guid":{"rendered":"https:\/\/www.aphyllanthe.fr\/association\/?p=24033"},"modified":"2025-05-20T10:38:29","modified_gmt":"2025-05-20T09:38:29","slug":"projection-du-film-et-si-on-levait-les-yeux","status":"publish","type":"post","link":"https:\/\/www.aphyllanthe.fr\/association\/projection-du-film-et-si-on-levait-les-yeux\/","title":{"rendered":"Projection du film Et si on levait les yeux ? &#8211; vendredi 16 mai"},"content":{"rendered":"\n<p class=\"has-white-color has-text-color has-background has-link-color wp-elements-b52d74fb353d765bfd2bffe4e6cb6935\" style=\"background-color:#0f4c9a\">Projection du film documentaire <em><strong>Et si on levait les yeux ? &#8211; Une classe face aux \u00e9crans<\/strong><\/em> de l&rsquo;instituteur et documentariste Gilles Vernet <strong>vendredi 16 mai \u00e0 19h<\/strong> au foyer d&rsquo;Aigaliers. La projection sera suivie d&rsquo;un moment d&rsquo;\u00e9change convivial.<\/p>\n\n\n\n<p><em><strong>Et si on levait les yeux ?<\/strong> <\/em>raconte l&rsquo;exp\u00e9rience unique men\u00e9e par un instituteur r\u00e9alisateur et sa classe de CM2. Pendant 1 an, Gilles Vernet a \u00e9chang\u00e9 avec ses \u00e9l\u00e8ves, leurs parents et des sp\u00e9cialistes sur la place des \u00e9crans dans notre soci\u00e9t\u00e9, avant d&rsquo; emmener sa classe en pleine nature pour 10 jours de d\u00e9connexion.<br \/>Ce documentaire tout public de 52 minutes plonge le spectateur dans une r\u00e9alit\u00e9 immersive o\u00f9 il est question de sens. Il traite des dangers de la surexposition des enfants aux \u00e9crans, sans \u00e9luder la responsabilit\u00e9 des uns et des autres.<br \/>C\u2019est aussi un film o\u00f9 l\u2019on tutoie le bonheur, l\u2019envie de vivre ensemble et o\u00f9 l\u2019on respire. Cet enjeu de sant\u00e9 publique et d\u00e9mocratique est abord\u00e9 d\u2019une mani\u00e8re originale, poignante et vraie.<\/p>\n\n\n\n<figure class=\"wp-block-embed is-type-video is-provider-vimeo wp-block-embed-vimeo wp-embed-aspect-16-9 wp-has-aspect-ratio\"><div class=\"wp-block-embed__wrapper\">\n<iframe loading=\"lazy\" title=\"Et si on levait les yeux?  Une classe face aux \u00e9crans_bande annonce\" src=\"https:\/\/player.vimeo.com\/video\/909741892?dnt=1&amp;app_id=122963\" width=\"474\" height=\"267\" frameborder=\"0\" allow=\"autoplay; fullscreen; picture-in-picture; clipboard-write; encrypted-media\"><\/iframe>\n<\/div><\/figure>\n\n\n\n<h5 class=\"wp-block-heading has-text-align-center has-white-color has-text-color has-background has-link-color wp-elements-fb09527f8133623310be44b2afe3d65e\" style=\"background-color:#0f4c9a\">Entr\u00e9e libre<br \/>Foyer d\u2019Aigaliers<\/h5>\n","protected":false},"excerpt":{"rendered":"<p>Projection du film documentaire Et si on levait les yeux ? &#8211; Une classe face aux \u00e9crans de l&rsquo;instituteur et documentariste Gilles Vernet vendredi 16 mai \u00e0 19h au foyer d&rsquo;Aigaliers. La projection sera suivie d&rsquo;un moment d&rsquo;\u00e9change convivial. Et si on levait les yeux ? raconte l&rsquo;exp\u00e9rience unique men\u00e9e par un instituteur r\u00e9alisateur et &hellip; <a href=\"https:\/\/www.aphyllanthe.fr\/association\/projection-du-film-et-si-on-levait-les-yeux\/\" class=\"more-link\">Continuer la lecture de <span class=\"screen-reader-text\">Projection du film Et si on levait les yeux ? &#8211; vendredi 16 mai<\/span>  <span class=\"meta-nav\">&rarr;<\/span><\/a><\/p>\n","protected":false},"author":10,"featured_media":24043,"comment_status":"closed","ping_status":"closed","sticky":false,"template":"","format":"standard","meta":{"footnotes":""},"categories":[4,117],"tags":[],"class_list":["post-24033","post","type-post","status-publish","format-standard","has-post-thumbnail","hentry","category-annonce","category-familles-et-enfants"],"_links":{"self":[{"href":"https:\/\/www.aphyllanthe.fr\/association\/wp-json\/wp\/v2\/posts\/24033","targetHints":{"allow":["GET"]}}],"collection":[{"href":"https:\/\/www.aphyllanthe.fr\/association\/wp-json\/wp\/v2\/posts"}],"about":[{"href":"https:\/\/www.aphyllanthe.fr\/association\/wp-json\/wp\/v2\/types\/post"}],"author":[{"embeddable":true,"href":"https:\/\/www.aphyllanthe.fr\/association\/wp-json\/wp\/v2\/users\/10"}],"replies":[{"embeddable":true,"href":"https:\/\/www.aphyllanthe.fr\/association\/wp-json\/wp\/v2\/comments?post=24033"}],"version-history":[{"count":16,"href":"https:\/\/www.aphyllanthe.fr\/association\/wp-json\/wp\/v2\/posts\/24033\/revisions"}],"predecessor-version":[{"id":24366,"href":"https:\/\/www.aphyllanthe.fr\/association\/wp-json\/wp\/v2\/posts\/24033\/revisions\/24366"}],"wp:featuredmedia":[{"embeddable":true,"href":"https:\/\/www.aphyllanthe.fr\/association\/wp-json\/wp\/v2\/media\/24043"}],"wp:attachment":[{"href":"https:\/\/www.aphyllanthe.fr\/association\/wp-json\/wp\/v2\/media?parent=24033"}],"wp:term":[{"taxonomy":"category","embeddable":true,"href":"https:\/\/www.aphyllanthe.fr\/association\/wp-json\/wp\/v2\/categories?post=24033"},{"taxonomy":"post_tag","embeddable":true,"href":"https:\/\/www.aphyllanthe.fr\/association\/wp-json\/wp\/v2\/tags?post=24033"}],"curies":[{"name":"wp","href":"https:\/\/api.w.org\/{rel}","templated":true}]}}