{"id":24294,"date":"2025-05-05T09:52:19","date_gmt":"2025-05-05T08:52:19","guid":{"rendered":"https:\/\/www.aphyllanthe.fr\/association\/?p=24294"},"modified":"2025-05-26T10:30:00","modified_gmt":"2025-05-26T09:30:00","slug":"reportage-sur-les-vacances-de-paques","status":"publish","type":"post","link":"https:\/\/www.aphyllanthe.fr\/association\/reportage-sur-les-vacances-de-paques\/","title":{"rendered":"Reportage sur les vacances de P\u00e2ques"},"content":{"rendered":"\n<p class=\"has-text-align-center has-text-color has-background\" style=\"color:#1e2e60;background-color:#afc6f1\"><strong>Beau succ\u00e8s pour les activit\u00e9s de ces vacances !<\/strong><\/p>\n\n\n\n<h5 class=\"wp-block-heading has-white-color has-text-color has-background\" style=\"background:linear-gradient(280deg,rgb(254,205,165) 0%,rgb(254,45,45) 33%,rgb(107,0,62) 100%)\">Mardi 22 avril &#8211; journ\u00e9e cin\u00e9ma au Capitole d&rsquo;Uz\u00e8s<\/h5>\n\n\n\n<div class=\"wp-block-columns is-layout-flex wp-container-core-columns-is-layout-9d6595d7 wp-block-columns-is-layout-flex\">\n<div class=\"wp-block-column is-layout-flow wp-block-column-is-layout-flow\">\n<figure class=\"wp-block-image size-full is-resized\"><a href=\"https:\/\/www.aphyllanthe.fr\/association\/wp-content\/uploads\/2025\/05\/MINECRAFT-AFFICHE.webp\"><img loading=\"lazy\" decoding=\"async\" width=\"331\" height=\"474\" src=\"https:\/\/www.aphyllanthe.fr\/association\/wp-content\/uploads\/2025\/05\/MINECRAFT-AFFICHE.webp\" alt=\"\" class=\"wp-image-24301\" style=\"aspect-ratio:1;width:149px;height:auto\" srcset=\"https:\/\/www.aphyllanthe.fr\/association\/wp-content\/uploads\/2025\/05\/MINECRAFT-AFFICHE.webp 331w, https:\/\/www.aphyllanthe.fr\/association\/wp-content\/uploads\/2025\/05\/MINECRAFT-AFFICHE-209x300.webp 209w\" sizes=\"auto, (max-width: 331px) 100vw, 331px\" \/><\/a><\/figure>\n<\/div>\n\n\n\n<div class=\"wp-block-column is-layout-flow wp-block-column-is-layout-flow\">\n<p>Une belle r\u00e9ussite pour cette journ\u00e9e avec 50 inscrits, soit 15 familles.<\/p>\n\n\n\n<p>C&rsquo;est <strong>Minecraft <\/strong>qui a totalis\u00e9 le plus de spectateurs (25).<\/p>\n<\/div>\n<\/div>\n\n\n\n<h5 class=\"wp-block-heading has-electric-grass-gradient-background has-background\">Mercredi 23 avril &#8211; 10h : journ\u00e9e accrobranche<\/h5>\n\n\n\n<p>Une journ\u00e9e pl\u00e9biscit\u00e9e par les 44 inscrits, qu&rsquo;ils soient parents, enfants, copains ou familles. Catherine a concoct\u00e9 un beau montage avec les photos de la journ\u00e9e, o\u00f9 l&rsquo;on se rend compte que les adultes prennent autant de plaisir que les enfants.<br \/><a href=\"https:\/\/www.aphyllanthe.fr\/association\/pdf\/accrobranche.pdf\" target=\"_blank\" rel=\"noreferrer noopener\">A voir ic<\/a><a href=\"https:\/\/www.aphyllanthe.fr\/association\/pdf\/accrobranche.pdf\">i<\/a>.<\/p>\n\n\n\n<p><\/p>\n\n\n\n<h5 class=\"wp-block-heading has-background\" style=\"background:linear-gradient(322deg,rgb(255,245,203) 0%,rgb(182,227,212) 50%,rgb(51,167,181) 100%)\">Jeudi 24 avril<\/h5>\n\n\n\n<h5 class=\"wp-block-heading\">10h : d\u00e9couverte danse S\u00e9villane avec Ana\u00efs<\/h5>\n\n\n\n<p>Trois duos f\u00e9minins ont particip\u00e9 \u00e0 cet atelier de danses traditionnelles espagnoles. Elles ont eu le temps de d\u00e9couvrir des mouvements de S\u00e9villane, mais \u00e9galement de flamenco et de rumba flamenca.<\/p>\n\n\n\n<figure class=\"wp-block-gallery has-nested-images columns-default is-cropped wp-block-gallery-2 is-layout-flex wp-block-gallery-is-layout-flex\">\n<figure class=\"wp-block-image size-large\"><a href=\"https:\/\/www.aphyllanthe.fr\/association\/wp-content\/uploads\/2025\/05\/IMG_20250424_113140-scaled.webp\"><img loading=\"lazy\" decoding=\"async\" width=\"1024\" height=\"820\" data-id=\"24309\" src=\"https:\/\/www.aphyllanthe.fr\/association\/wp-content\/uploads\/2025\/05\/IMG_20250424_113140-1024x820.webp\" alt=\"\" class=\"wp-image-24309\" srcset=\"https:\/\/www.aphyllanthe.fr\/association\/wp-content\/uploads\/2025\/05\/IMG_20250424_113140-1024x820.webp 1024w, https:\/\/www.aphyllanthe.fr\/association\/wp-content\/uploads\/2025\/05\/IMG_20250424_113140-300x240.webp 300w, https:\/\/www.aphyllanthe.fr\/association\/wp-content\/uploads\/2025\/05\/IMG_20250424_113140-768x615.webp 768w, https:\/\/www.aphyllanthe.fr\/association\/wp-content\/uploads\/2025\/05\/IMG_20250424_113140-1536x1229.webp 1536w, https:\/\/www.aphyllanthe.fr\/association\/wp-content\/uploads\/2025\/05\/IMG_20250424_113140-2048x1639.webp 2048w, https:\/\/www.aphyllanthe.fr\/association\/wp-content\/uploads\/2025\/05\/IMG_20250424_113140-1320x1056.webp 1320w\" sizes=\"auto, (max-width: 1024px) 100vw, 1024px\" \/><\/a><figcaption class=\"wp-element-caption\">\u00c9chauffement<\/figcaption><\/figure>\n<\/figure>\n\n\n\n<figure class=\"wp-block-gallery has-nested-images columns-default is-cropped wp-block-gallery-3 is-layout-flex wp-block-gallery-is-layout-flex\">\n<figure class=\"wp-block-image size-large\"><a href=\"https:\/\/www.aphyllanthe.fr\/association\/wp-content\/uploads\/2025\/05\/IMG_20250424_112811-scaled.webp\"><img loading=\"lazy\" decoding=\"async\" width=\"945\" height=\"1024\" data-id=\"24313\" src=\"https:\/\/www.aphyllanthe.fr\/association\/wp-content\/uploads\/2025\/05\/IMG_20250424_112811-945x1024.webp\" alt=\"\" class=\"wp-image-24313\" srcset=\"https:\/\/www.aphyllanthe.fr\/association\/wp-content\/uploads\/2025\/05\/IMG_20250424_112811-945x1024.webp 945w, https:\/\/www.aphyllanthe.fr\/association\/wp-content\/uploads\/2025\/05\/IMG_20250424_112811-277x300.webp 277w, https:\/\/www.aphyllanthe.fr\/association\/wp-content\/uploads\/2025\/05\/IMG_20250424_112811-768x833.webp 768w, https:\/\/www.aphyllanthe.fr\/association\/wp-content\/uploads\/2025\/05\/IMG_20250424_112811-1417x1536.webp 1417w, https:\/\/www.aphyllanthe.fr\/association\/wp-content\/uploads\/2025\/05\/IMG_20250424_112811-1889x2048.webp 1889w, https:\/\/www.aphyllanthe.fr\/association\/wp-content\/uploads\/2025\/05\/IMG_20250424_112811-1320x1431.webp 1320w\" sizes=\"auto, (max-width: 945px) 100vw, 945px\" \/><\/a><\/figure>\n\n\n\n<figure class=\"wp-block-image size-large\"><a href=\"https:\/\/www.aphyllanthe.fr\/association\/wp-content\/uploads\/2025\/05\/SEVILLANE1-scaled.webp\"><img loading=\"lazy\" decoding=\"async\" width=\"944\" height=\"1024\" data-id=\"24310\" src=\"https:\/\/www.aphyllanthe.fr\/association\/wp-content\/uploads\/2025\/05\/SEVILLANE1-944x1024.webp\" alt=\"\" class=\"wp-image-24310\" srcset=\"https:\/\/www.aphyllanthe.fr\/association\/wp-content\/uploads\/2025\/05\/SEVILLANE1-944x1024.webp 944w, https:\/\/www.aphyllanthe.fr\/association\/wp-content\/uploads\/2025\/05\/SEVILLANE1-277x300.webp 277w, https:\/\/www.aphyllanthe.fr\/association\/wp-content\/uploads\/2025\/05\/SEVILLANE1-768x833.webp 768w, https:\/\/www.aphyllanthe.fr\/association\/wp-content\/uploads\/2025\/05\/SEVILLANE1-1416x1536.webp 1416w, https:\/\/www.aphyllanthe.fr\/association\/wp-content\/uploads\/2025\/05\/SEVILLANE1-1889x2048.webp 1889w, https:\/\/www.aphyllanthe.fr\/association\/wp-content\/uploads\/2025\/05\/SEVILLANE1-1320x1431.webp 1320w\" sizes=\"auto, (max-width: 944px) 100vw, 944px\" \/><\/a><\/figure>\n<\/figure>\n\n\n\n<p>Un atelier r\u00e9ussi aux dires de toutes. Il se peut que cette activit\u00e9 soit propos\u00e9e de mani\u00e8re r\u00e9guli\u00e8re \u00e0 la rentr\u00e9e de septembre.<\/p>\n\n\n\n<h5 class=\"wp-block-heading\">14h : atelier poterie avec Claude<\/h5>\n\n\n\n<p>Il y avait 19 inscrits pour cet atelier, soit 7 familles.<br \/>Comme d&rsquo;habitude pour les ateliers de Claude, ce fut un joyeux tourbillon d&rsquo;accessoires, de pinceaux, stylets et engobes en tout genre, sans oublier les rires.<\/p>\n\n\n\n<figure class=\"wp-block-gallery has-nested-images columns-default is-cropped wp-block-gallery-4 is-layout-flex wp-block-gallery-is-layout-flex\">\n<figure class=\"wp-block-image size-large\"><a href=\"https:\/\/www.aphyllanthe.fr\/association\/wp-content\/uploads\/2025\/05\/1000141029-scaled.webp\"><img loading=\"lazy\" decoding=\"async\" width=\"1024\" height=\"607\" data-id=\"24317\" src=\"https:\/\/www.aphyllanthe.fr\/association\/wp-content\/uploads\/2025\/05\/1000141029-1024x607.webp\" alt=\"\" class=\"wp-image-24317\" srcset=\"https:\/\/www.aphyllanthe.fr\/association\/wp-content\/uploads\/2025\/05\/1000141029-1024x607.webp 1024w, https:\/\/www.aphyllanthe.fr\/association\/wp-content\/uploads\/2025\/05\/1000141029-300x178.webp 300w, https:\/\/www.aphyllanthe.fr\/association\/wp-content\/uploads\/2025\/05\/1000141029-768x455.webp 768w, https:\/\/www.aphyllanthe.fr\/association\/wp-content\/uploads\/2025\/05\/1000141029-1536x910.webp 1536w, https:\/\/www.aphyllanthe.fr\/association\/wp-content\/uploads\/2025\/05\/1000141029-2048x1214.webp 2048w, https:\/\/www.aphyllanthe.fr\/association\/wp-content\/uploads\/2025\/05\/1000141029-1320x782.webp 1320w\" sizes=\"auto, (max-width: 1024px) 100vw, 1024px\" \/><\/a><figcaption class=\"wp-element-caption\">On \u00e9coute bien les explications&#8230;<\/figcaption><\/figure>\n\n\n\n<figure class=\"wp-block-image size-large\"><a href=\"https:\/\/www.aphyllanthe.fr\/association\/wp-content\/uploads\/2025\/05\/20250424_142445-scaled.webp\"><img loading=\"lazy\" decoding=\"async\" width=\"1024\" height=\"768\" data-id=\"24319\" src=\"https:\/\/www.aphyllanthe.fr\/association\/wp-content\/uploads\/2025\/05\/20250424_142445-1024x768.webp\" alt=\"\" class=\"wp-image-24319\" srcset=\"https:\/\/www.aphyllanthe.fr\/association\/wp-content\/uploads\/2025\/05\/20250424_142445-1024x768.webp 1024w, https:\/\/www.aphyllanthe.fr\/association\/wp-content\/uploads\/2025\/05\/20250424_142445-300x225.webp 300w, https:\/\/www.aphyllanthe.fr\/association\/wp-content\/uploads\/2025\/05\/20250424_142445-768x576.webp 768w, https:\/\/www.aphyllanthe.fr\/association\/wp-content\/uploads\/2025\/05\/20250424_142445-1536x1152.webp 1536w, https:\/\/www.aphyllanthe.fr\/association\/wp-content\/uploads\/2025\/05\/20250424_142445-2048x1536.webp 2048w, https:\/\/www.aphyllanthe.fr\/association\/wp-content\/uploads\/2025\/05\/20250424_142445-1320x990.webp 1320w\" sizes=\"auto, (max-width: 1024px) 100vw, 1024px\" \/><\/a><figcaption class=\"wp-element-caption\">&#8230; et on se met \u00e0 l&rsquo;ouvrage&#8230;<\/figcaption><\/figure>\n\n\n\n<figure class=\"wp-block-image size-large\"><a href=\"https:\/\/www.aphyllanthe.fr\/association\/wp-content\/uploads\/2025\/05\/1000141041-scaled.webp\"><img loading=\"lazy\" decoding=\"async\" width=\"1024\" height=\"473\" data-id=\"24321\" src=\"https:\/\/www.aphyllanthe.fr\/association\/wp-content\/uploads\/2025\/05\/1000141041-1024x473.webp\" alt=\"\" class=\"wp-image-24321\" srcset=\"https:\/\/www.aphyllanthe.fr\/association\/wp-content\/uploads\/2025\/05\/1000141041-1024x473.webp 1024w, https:\/\/www.aphyllanthe.fr\/association\/wp-content\/uploads\/2025\/05\/1000141041-300x139.webp 300w, https:\/\/www.aphyllanthe.fr\/association\/wp-content\/uploads\/2025\/05\/1000141041-768x355.webp 768w, https:\/\/www.aphyllanthe.fr\/association\/wp-content\/uploads\/2025\/05\/1000141041-1536x710.webp 1536w, https:\/\/www.aphyllanthe.fr\/association\/wp-content\/uploads\/2025\/05\/1000141041-2048x946.webp 2048w, https:\/\/www.aphyllanthe.fr\/association\/wp-content\/uploads\/2025\/05\/1000141041-1320x610.webp 1320w\" sizes=\"auto, (max-width: 1024px) 100vw, 1024px\" \/><\/a><figcaption class=\"wp-element-caption\">&#8230; tout le monde s&rsquo;applique&#8230;<\/figcaption><\/figure>\n\n\n\n<figure class=\"wp-block-image size-large\"><a href=\"https:\/\/www.aphyllanthe.fr\/association\/wp-content\/uploads\/2025\/05\/20250424_154847-scaled.webp\"><img loading=\"lazy\" decoding=\"async\" width=\"1024\" height=\"768\" data-id=\"24318\" src=\"https:\/\/www.aphyllanthe.fr\/association\/wp-content\/uploads\/2025\/05\/20250424_154847-1024x768.webp\" alt=\"\" class=\"wp-image-24318\" srcset=\"https:\/\/www.aphyllanthe.fr\/association\/wp-content\/uploads\/2025\/05\/20250424_154847-1024x768.webp 1024w, https:\/\/www.aphyllanthe.fr\/association\/wp-content\/uploads\/2025\/05\/20250424_154847-300x225.webp 300w, https:\/\/www.aphyllanthe.fr\/association\/wp-content\/uploads\/2025\/05\/20250424_154847-768x576.webp 768w, https:\/\/www.aphyllanthe.fr\/association\/wp-content\/uploads\/2025\/05\/20250424_154847-1536x1152.webp 1536w, https:\/\/www.aphyllanthe.fr\/association\/wp-content\/uploads\/2025\/05\/20250424_154847-2048x1536.webp 2048w, https:\/\/www.aphyllanthe.fr\/association\/wp-content\/uploads\/2025\/05\/20250424_154847-1320x990.webp 1320w\" sizes=\"auto, (max-width: 1024px) 100vw, 1024px\" \/><\/a><figcaption class=\"wp-element-caption\">R\u00e9sultat : des sourires&#8230;<\/figcaption><\/figure>\n\n\n\n<figure class=\"wp-block-image size-large\"><a href=\"https:\/\/www.aphyllanthe.fr\/association\/wp-content\/uploads\/2025\/05\/20250424_161119-scaled.webp\"><img loading=\"lazy\" decoding=\"async\" width=\"1024\" height=\"768\" data-id=\"24320\" src=\"https:\/\/www.aphyllanthe.fr\/association\/wp-content\/uploads\/2025\/05\/20250424_161119-1024x768.webp\" alt=\"\" class=\"wp-image-24320\" srcset=\"https:\/\/www.aphyllanthe.fr\/association\/wp-content\/uploads\/2025\/05\/20250424_161119-1024x768.webp 1024w, https:\/\/www.aphyllanthe.fr\/association\/wp-content\/uploads\/2025\/05\/20250424_161119-300x225.webp 300w, https:\/\/www.aphyllanthe.fr\/association\/wp-content\/uploads\/2025\/05\/20250424_161119-768x576.webp 768w, https:\/\/www.aphyllanthe.fr\/association\/wp-content\/uploads\/2025\/05\/20250424_161119-1536x1152.webp 1536w, https:\/\/www.aphyllanthe.fr\/association\/wp-content\/uploads\/2025\/05\/20250424_161119-2048x1536.webp 2048w, https:\/\/www.aphyllanthe.fr\/association\/wp-content\/uploads\/2025\/05\/20250424_161119-1320x990.webp 1320w\" sizes=\"auto, (max-width: 1024px) 100vw, 1024px\" \/><\/a><figcaption class=\"wp-element-caption\">&#8230; et la photo grimaces !<\/figcaption><\/figure>\n\n\n\n<figure class=\"wp-block-image size-large\"><a href=\"https:\/\/www.aphyllanthe.fr\/association\/wp-content\/uploads\/2025\/05\/20250424_161451-scaled.webp\"><img loading=\"lazy\" decoding=\"async\" width=\"1024\" height=\"768\" data-id=\"24322\" src=\"https:\/\/www.aphyllanthe.fr\/association\/wp-content\/uploads\/2025\/05\/20250424_161451-1024x768.webp\" alt=\"\" class=\"wp-image-24322\" srcset=\"https:\/\/www.aphyllanthe.fr\/association\/wp-content\/uploads\/2025\/05\/20250424_161451-1024x768.webp 1024w, https:\/\/www.aphyllanthe.fr\/association\/wp-content\/uploads\/2025\/05\/20250424_161451-300x225.webp 300w, https:\/\/www.aphyllanthe.fr\/association\/wp-content\/uploads\/2025\/05\/20250424_161451-768x576.webp 768w, https:\/\/www.aphyllanthe.fr\/association\/wp-content\/uploads\/2025\/05\/20250424_161451-1536x1152.webp 1536w, https:\/\/www.aphyllanthe.fr\/association\/wp-content\/uploads\/2025\/05\/20250424_161451-2048x1536.webp 2048w, https:\/\/www.aphyllanthe.fr\/association\/wp-content\/uploads\/2025\/05\/20250424_161451-1320x990.webp 1320w\" sizes=\"auto, (max-width: 1024px) 100vw, 1024px\" \/><\/a><figcaption class=\"wp-element-caption\">Un go\u00fbter bien garni cl\u00f4ture l&rsquo;apr\u00e8s-midi.<\/figcaption><\/figure>\n<\/figure>\n\n\n\n<p>Merci \u00e0 Claude pour cet atelier, et aux familles pour ce bon go\u00fbter partag\u00e9.<\/p>\n\n\n\n<h5 class=\"wp-block-heading has-white-color has-midnight-gradient-background has-text-color has-background has-link-color wp-elements-beca6e0607cdcb3a0ceecacab070878d\">Vendredi 25 avril &#8211; 19h : lasergame<\/h5>\n\n\n<div class=\"wp-block-image\">\n<figure class=\"aligncenter size-large\"><a href=\"https:\/\/www.aphyllanthe.fr\/association\/wp-content\/uploads\/2025\/05\/lasergame-2025-04-25-scaled.webp\"><img loading=\"lazy\" decoding=\"async\" width=\"1024\" height=\"576\" src=\"https:\/\/www.aphyllanthe.fr\/association\/wp-content\/uploads\/2025\/05\/lasergame-2025-04-25-1024x576.webp\" alt=\"\" class=\"wp-image-24340\" srcset=\"https:\/\/www.aphyllanthe.fr\/association\/wp-content\/uploads\/2025\/05\/lasergame-2025-04-25-1024x576.webp 1024w, https:\/\/www.aphyllanthe.fr\/association\/wp-content\/uploads\/2025\/05\/lasergame-2025-04-25-300x169.webp 300w, https:\/\/www.aphyllanthe.fr\/association\/wp-content\/uploads\/2025\/05\/lasergame-2025-04-25-768x432.webp 768w, https:\/\/www.aphyllanthe.fr\/association\/wp-content\/uploads\/2025\/05\/lasergame-2025-04-25-1536x864.webp 1536w, https:\/\/www.aphyllanthe.fr\/association\/wp-content\/uploads\/2025\/05\/lasergame-2025-04-25-2048x1152.webp 2048w, https:\/\/www.aphyllanthe.fr\/association\/wp-content\/uploads\/2025\/05\/lasergame-2025-04-25-1320x743.webp 1320w\" sizes=\"auto, (max-width: 1024px) 100vw, 1024px\" \/><\/a><\/figure>\n<\/div>\n\n\n<p class=\"has-text-align-center\">Une session qui a fait le plein tr\u00e8s rapidement, et qui a \u00e9t\u00e9 tr\u00e8s r\u00e9ussie !<\/p>\n\n\n\n<h5 class=\"wp-block-heading has-background\" style=\"background:linear-gradient(135deg,rgb(252,185,0) 79%,rgb(255,105,0) 100%)\">Samedi 26 avril<\/h5>\n\n\n\n<h5 class=\"wp-block-heading\">15h30 : spectacle Romulus<\/h5>\n\n\n\n<p>L\u00e0 aussi la totalit\u00e9 des places a rapidement \u00e9t\u00e9 r\u00e9serv\u00e9e. Un groupe de 26 personnes (7 familles) a pu assister \u00e0 ce spectacle qui a remport\u00e9 tous les suffrages.<\/p>\n\n\n\n<figure class=\"wp-block-gallery has-nested-images columns-default is-cropped wp-block-gallery-5 is-layout-flex wp-block-gallery-is-layout-flex\">\n<figure class=\"wp-block-image size-large\"><a href=\"https:\/\/www.aphyllanthe.fr\/association\/wp-content\/uploads\/2025\/05\/20250426_1742331-scaled.webp\"><img loading=\"lazy\" decoding=\"async\" width=\"1024\" height=\"768\" data-id=\"24347\" src=\"https:\/\/www.aphyllanthe.fr\/association\/wp-content\/uploads\/2025\/05\/20250426_1742331-1024x768.webp\" alt=\"\" class=\"wp-image-24347\" srcset=\"https:\/\/www.aphyllanthe.fr\/association\/wp-content\/uploads\/2025\/05\/20250426_1742331-1024x768.webp 1024w, https:\/\/www.aphyllanthe.fr\/association\/wp-content\/uploads\/2025\/05\/20250426_1742331-300x225.webp 300w, https:\/\/www.aphyllanthe.fr\/association\/wp-content\/uploads\/2025\/05\/20250426_1742331-768x576.webp 768w, https:\/\/www.aphyllanthe.fr\/association\/wp-content\/uploads\/2025\/05\/20250426_1742331-1536x1152.webp 1536w, https:\/\/www.aphyllanthe.fr\/association\/wp-content\/uploads\/2025\/05\/20250426_1742331-2048x1536.webp 2048w, https:\/\/www.aphyllanthe.fr\/association\/wp-content\/uploads\/2025\/05\/20250426_1742331-1320x990.webp 1320w\" sizes=\"auto, (max-width: 1024px) 100vw, 1024px\" \/><\/a><\/figure>\n\n\n\n<figure class=\"wp-block-image size-large\"><a href=\"https:\/\/www.aphyllanthe.fr\/association\/wp-content\/uploads\/2025\/05\/20250426_1630151-scaled.webp\"><img loading=\"lazy\" decoding=\"async\" width=\"1024\" height=\"768\" data-id=\"24345\" src=\"https:\/\/www.aphyllanthe.fr\/association\/wp-content\/uploads\/2025\/05\/20250426_1630151-1024x768.webp\" alt=\"\" class=\"wp-image-24345\" srcset=\"https:\/\/www.aphyllanthe.fr\/association\/wp-content\/uploads\/2025\/05\/20250426_1630151-1024x768.webp 1024w, https:\/\/www.aphyllanthe.fr\/association\/wp-content\/uploads\/2025\/05\/20250426_1630151-300x225.webp 300w, https:\/\/www.aphyllanthe.fr\/association\/wp-content\/uploads\/2025\/05\/20250426_1630151-768x576.webp 768w, https:\/\/www.aphyllanthe.fr\/association\/wp-content\/uploads\/2025\/05\/20250426_1630151-1536x1152.webp 1536w, https:\/\/www.aphyllanthe.fr\/association\/wp-content\/uploads\/2025\/05\/20250426_1630151-2048x1536.webp 2048w, https:\/\/www.aphyllanthe.fr\/association\/wp-content\/uploads\/2025\/05\/20250426_1630151-1320x990.webp 1320w\" sizes=\"auto, (max-width: 1024px) 100vw, 1024px\" \/><\/a><\/figure>\n<\/figure>\n\n\n\n<p><em>Nous sommes all\u00e9s aux ar\u00e8nes de N\u00eemes samedi apr\u00e8s-midi, voir le spectacle romain, REMUS et ROMULUS, beaucoup de monde, les ar\u00e8nes \u00e9taient pleines, et heureusement, le beau temps \u00e9tait avec nous. Le spectacle \u00e9tait tr\u00e8s bien, les narrateurs ont expliqu\u00e9 clairement l&rsquo;histoire des 2 fr\u00e8res, Remus et Romulus. Il y avait beaucoup de figurants, beaucoup de costumes diff\u00e9rents et les tableaux expliquant la vie romaine, les guerres \u00e9taient tr\u00e8s instructifs et bien r\u00e9alis\u00e9s.<br \/>Bravo a tous, on s&rsquo;est bien r\u00e9gal\u00e9s.<\/em><br \/>Cathy<\/p>\n\n\n<div class=\"wp-block-image\">\n<figure class=\"aligncenter size-large\"><a href=\"https:\/\/www.aphyllanthe.fr\/association\/wp-content\/uploads\/2025\/05\/20250426_165520-scaled.webp\"><img loading=\"lazy\" decoding=\"async\" width=\"1024\" height=\"768\" src=\"https:\/\/www.aphyllanthe.fr\/association\/wp-content\/uploads\/2025\/05\/20250426_165520-1024x768.webp\" alt=\"\" class=\"wp-image-24349\" srcset=\"https:\/\/www.aphyllanthe.fr\/association\/wp-content\/uploads\/2025\/05\/20250426_165520-1024x768.webp 1024w, https:\/\/www.aphyllanthe.fr\/association\/wp-content\/uploads\/2025\/05\/20250426_165520-300x225.webp 300w, https:\/\/www.aphyllanthe.fr\/association\/wp-content\/uploads\/2025\/05\/20250426_165520-768x576.webp 768w, https:\/\/www.aphyllanthe.fr\/association\/wp-content\/uploads\/2025\/05\/20250426_165520-1536x1152.webp 1536w, https:\/\/www.aphyllanthe.fr\/association\/wp-content\/uploads\/2025\/05\/20250426_165520-2048x1536.webp 2048w, https:\/\/www.aphyllanthe.fr\/association\/wp-content\/uploads\/2025\/05\/20250426_165520-1320x990.webp 1320w\" sizes=\"auto, (max-width: 1024px) 100vw, 1024px\" \/><\/a><\/figure>\n<\/div>\n\n\n<p><em>Du 25 au 27 avril, N\u00eemes n&rsquo;a pas failli \u00e0 son surnom de Petite Rome, par l&rsquo;organisation de ses c\u00e9l\u00e8bres Journ\u00e9es Romaines.&nbsp;<br \/>C&rsquo;est dans cette ambiance Antique que nous avons pu (re)vivre la naissance de Rome ce samedi 26 avril, en assistant au spectacle \u00ab\u00a0Romulus\u00a0\u00bb, un spectacle qui a conquis petits et grands au coeur des Ar\u00e8nes, et sous une belle m\u00e9t\u00e9o cl\u00e9mente.<br \/>De l&rsquo;Histoire, des batailles, des cascades \u00e0 pied ou \u00e0 cheval pour une belle \u00e9vasion de pr\u00e8s de deux heures !<\/em><br \/>Christelle<\/p>\n\n\n\n<h5 class=\"wp-block-heading\">18h55 : op\u00e9ra au cin\u00e9ma <em>Les noces de Figaro<\/em><\/h5>\n\n\n\n<p>Le groupe de 10 personnes qui a assist\u00e9 au c\u00e9l\u00e8bre l&rsquo;op\u00e9ra de Mozart en est revenu&#8230; enchant\u00e9. Le compte-rendu qu&rsquo;en a fait Daniel, <a href=\"https:\/\/www.aphyllanthe.fr\/association\/pdf\/cr-noces-de-figaro.pdf\" target=\"_blank\" rel=\"noreferrer noopener\">\u00e0 lire ici<\/a>, en t\u00e9moigne.<\/p>\n","protected":false},"excerpt":{"rendered":"<p>Beau succ\u00e8s pour les activit\u00e9s de ces vacances ! Mardi 22 avril &#8211; journ\u00e9e cin\u00e9ma au Capitole d&rsquo;Uz\u00e8s Une belle r\u00e9ussite pour cette journ\u00e9e avec 50 inscrits, soit 15 familles. C&rsquo;est Minecraft qui a totalis\u00e9 le plus de spectateurs (25). Mercredi 23 avril &#8211; 10h : journ\u00e9e accrobranche Une journ\u00e9e pl\u00e9biscit\u00e9e par les 44 inscrits, &hellip; <a href=\"https:\/\/www.aphyllanthe.fr\/association\/reportage-sur-les-vacances-de-paques\/\" class=\"more-link\">Continuer la lecture de <span class=\"screen-reader-text\">Reportage sur les vacances de P\u00e2ques<\/span>  <span class=\"meta-nav\">&rarr;<\/span><\/a><\/p>\n","protected":false},"author":10,"featured_media":24308,"comment_status":"closed","ping_status":"closed","sticky":false,"template":"","format":"standard","meta":{"footnotes":""},"categories":[117,3],"tags":[],"class_list":["post-24294","post","type-post","status-publish","format-standard","has-post-thumbnail","hentry","category-familles-et-enfants","category-reportage"],"_links":{"self":[{"href":"https:\/\/www.aphyllanthe.fr\/association\/wp-json\/wp\/v2\/posts\/24294","targetHints":{"allow":["GET"]}}],"collection":[{"href":"https:\/\/www.aphyllanthe.fr\/association\/wp-json\/wp\/v2\/posts"}],"about":[{"href":"https:\/\/www.aphyllanthe.fr\/association\/wp-json\/wp\/v2\/types\/post"}],"author":[{"embeddable":true,"href":"https:\/\/www.aphyllanthe.fr\/association\/wp-json\/wp\/v2\/users\/10"}],"replies":[{"embeddable":true,"href":"https:\/\/www.aphyllanthe.fr\/association\/wp-json\/wp\/v2\/comments?post=24294"}],"version-history":[{"count":37,"href":"https:\/\/www.aphyllanthe.fr\/association\/wp-json\/wp\/v2\/posts\/24294\/revisions"}],"predecessor-version":[{"id":24395,"href":"https:\/\/www.aphyllanthe.fr\/association\/wp-json\/wp\/v2\/posts\/24294\/revisions\/24395"}],"wp:featuredmedia":[{"embeddable":true,"href":"https:\/\/www.aphyllanthe.fr\/association\/wp-json\/wp\/v2\/media\/24308"}],"wp:attachment":[{"href":"https:\/\/www.aphyllanthe.fr\/association\/wp-json\/wp\/v2\/media?parent=24294"}],"wp:term":[{"taxonomy":"category","embeddable":true,"href":"https:\/\/www.aphyllanthe.fr\/association\/wp-json\/wp\/v2\/categories?post=24294"},{"taxonomy":"post_tag","embeddable":true,"href":"https:\/\/www.aphyllanthe.fr\/association\/wp-json\/wp\/v2\/tags?post=24294"}],"curies":[{"name":"wp","href":"https:\/\/api.w.org\/{rel}","templated":true}]}}