{"id":2452,"date":"2015-09-18T09:14:05","date_gmt":"2015-09-18T08:14:05","guid":{"rendered":"http:\/\/www.aphyllanthe.fr\/association\/?p=2452"},"modified":"2016-07-09T14:12:30","modified_gmt":"2016-07-09T13:12:30","slug":"selection-de-dvd-pour-la-rentree","status":"publish","type":"post","link":"https:\/\/www.aphyllanthe.fr\/association\/selection-de-dvd-pour-la-rentree\/","title":{"rendered":"S\u00e9lection de DVD pour la rentr\u00e9e"},"content":{"rendered":"<p><img loading=\"lazy\" decoding=\"async\" src=\"http:\/\/www.aphyllanthe.fr\/association\/wp-content\/uploads\/2015\/09\/carnage-150x150.jpg\" alt=\"affiche de film &quot;Carnage&quot;\" width=\"150\" height=\"150\" class=\"alignleft size-thumbnail wp-image-2455\" \/>Depuis lundi 14 septembre 2015, une nouvelle collection de DVD est disponible \u00e0 la biblioth\u00e8que d&rsquo;Aigaliers.  N&rsquo;h\u00e9sitez pas \u00e0 <!--more--> <a href=\"http:\/\/www.aphyllanthe.fr\/association\/pdf\/dvd\/dvd-2015-09.pdf\">consulter la liste<\/a> pour choisir vos prochains films. Nous proposons des films documentaires, du cin\u00e9ma et des programmes pour jeunes et pour enfants. Il y en a pour tous les go\u00fbts&nbsp;! Le pr\u00eat du DVD est gratuit moyennant une caution remboursable \u00e0 r\u00e9gler \u00e0 la biblioth\u00e8que <a href=\"http:\/\/www.aphyllanthe.fr\/association\/bibliotheque\/#conditionsdvd\">(voir les conditions).<\/a> <\/p>\n","protected":false},"excerpt":{"rendered":"<p>Depuis lundi 14 septembre 2015, une nouvelle collection de DVD est disponible \u00e0 la biblioth\u00e8que d&rsquo;Aigaliers. N&rsquo;h\u00e9sitez pas \u00e0<\/p>\n","protected":false},"author":1,"featured_media":0,"comment_status":"closed","ping_status":"closed","sticky":false,"template":"","format":"standard","meta":{"footnotes":""},"categories":[2],"tags":[],"class_list":["post-2452","post","type-post","status-publish","format-standard","hentry","category-chronique-bibliotheque"],"_links":{"self":[{"href":"https:\/\/www.aphyllanthe.fr\/association\/wp-json\/wp\/v2\/posts\/2452","targetHints":{"allow":["GET"]}}],"collection":[{"href":"https:\/\/www.aphyllanthe.fr\/association\/wp-json\/wp\/v2\/posts"}],"about":[{"href":"https:\/\/www.aphyllanthe.fr\/association\/wp-json\/wp\/v2\/types\/post"}],"author":[{"embeddable":true,"href":"https:\/\/www.aphyllanthe.fr\/association\/wp-json\/wp\/v2\/users\/1"}],"replies":[{"embeddable":true,"href":"https:\/\/www.aphyllanthe.fr\/association\/wp-json\/wp\/v2\/comments?post=2452"}],"version-history":[{"count":0,"href":"https:\/\/www.aphyllanthe.fr\/association\/wp-json\/wp\/v2\/posts\/2452\/revisions"}],"wp:attachment":[{"href":"https:\/\/www.aphyllanthe.fr\/association\/wp-json\/wp\/v2\/media?parent=2452"}],"wp:term":[{"taxonomy":"category","embeddable":true,"href":"https:\/\/www.aphyllanthe.fr\/association\/wp-json\/wp\/v2\/categories?post=2452"},{"taxonomy":"post_tag","embeddable":true,"href":"https:\/\/www.aphyllanthe.fr\/association\/wp-json\/wp\/v2\/tags?post=2452"}],"curies":[{"name":"wp","href":"https:\/\/api.w.org\/{rel}","templated":true}]}}