{"id":2472,"date":"2016-02-01T19:00:31","date_gmt":"2016-02-01T18:00:31","guid":{"rendered":"http:\/\/www.aphyllanthe.fr\/association\/?p=2472"},"modified":"2018-04-01T19:54:16","modified_gmt":"2018-04-01T18:54:16","slug":"theatre-a-tarascon","status":"publish","type":"post","link":"https:\/\/www.aphyllanthe.fr\/association\/theatre-a-tarascon\/","title":{"rendered":"Th\u00e9\u00e2tre \u00e0 Tarascon"},"content":{"rendered":"<p><a href=\"http:\/\/www.aphyllanthe.fr\/association\/wp-content\/uploads\/2015\/09\/facade_theatre.jpg\"><img loading=\"lazy\" decoding=\"async\" class=\"alignright size-thumbnail wp-image-2498\" title=\"fa\u00e7ade du th\u00e9\u00e2tre municipal de Tarascon\" src=\"http:\/\/www.aphyllanthe.fr\/association\/wp-content\/uploads\/2015\/09\/facade_theatre-150x150.jpg\" alt=\"fa\u00e7ade du th\u00e9\u00e2tre municipal de Tarascon\" width=\"150\" height=\"150\" \/><\/a>Pour continuer le programme de sorties exceptionnelles, l&rsquo;Association propose \u00e0 ses adh\u00e9rents d&rsquo;assister \u00e0 un spectacle prim\u00e9 au Festival d&rsquo;Avignon, au Th\u00e9\u00e2tre Municipal de Tarascon.<br \/>\n<!--more--><\/p>\n<figure id=\"attachment_2475\" aria-describedby=\"caption-attachment-2475\" style=\"width: 200px\" class=\"wp-caption alignleft\"><a href=\"http:\/\/www.aphyllanthe.fr\/association\/wp-content\/uploads\/2015\/09\/tarascon.jpg\"><img loading=\"lazy\" decoding=\"async\" class=\"size-medium wp-image-2475\" src=\"http:\/\/www.aphyllanthe.fr\/association\/wp-content\/uploads\/2015\/09\/tarascon-200x300.jpg\" alt=\"au th\u00e9\u00e2tre de Tarascon en 2016 : les irreverencieux\" width=\"200\" height=\"300\" srcset=\"https:\/\/www.aphyllanthe.fr\/association\/wp-content\/uploads\/2015\/09\/tarascon-200x300.jpg 200w, https:\/\/www.aphyllanthe.fr\/association\/wp-content\/uploads\/2015\/09\/tarascon-682x1024.jpg 682w, https:\/\/www.aphyllanthe.fr\/association\/wp-content\/uploads\/2015\/09\/tarascon-600x901.jpg 600w, https:\/\/www.aphyllanthe.fr\/association\/wp-content\/uploads\/2015\/09\/tarascon.jpg 719w\" sizes=\"auto, (max-width: 200px) 100vw, 200px\" \/><\/a><figcaption id=\"caption-attachment-2475\" class=\"wp-caption-text\">au th\u00e9\u00e2tre de Tarascon en 2016 : LES IRR\u00c9V\u00c9RENCIEUX<\/figcaption><\/figure>\n<p><strong>LES IRR\u00c9V\u00c9RENCIEUX<\/strong><\/p>\n<p><strong>Vendredi 18 mars 2016 \u00e0 20h30<\/strong><br \/>\nDur\u00e9e : 1 heure 20<br \/>\nPrix du festival OFF d&rsquo;Avignon 2013 et coup de c\u0153ur de la presse<br \/>\n<em><strong>Attention : Nombre limit\u00e9 de places de 1\u00e8re cat\u00e9gorie vendues aux adh\u00e9rents \u00e0 8 \u20ac la place.<\/strong><\/em> <em>Les billets ne sont ni repris ni \u00e9chang\u00e9s. <\/em><\/p>\n<p><em>Compagnie du Th\u00e9\u00e2tre des Asphod\u00e8les<\/em><\/p>\n<p><em>\u00ab\u00a0Qu\u2019est-ce qu\u2019une vie sans projet, sans ambition, sans r\u00eave ? M. Pantalone, aujourd\u2019hui \u00e0 la recherche d\u2019un projet de vie, rencontre le Duc Orlando qui lui vend les fondements d\u2019un monde nouveau bas\u00e9 sur l\u2019ordre, le plaisir \u00e9ph\u00e9m\u00e8re, la consommation illusoire. L\u2019accord est conclu \u00e0 la condition qu\u2019une des filles de M. Pantalone \u00e9pouse le Duc Orlando.<\/em><\/p>\n<div style=\"float: right; padding: 10px; margin-left: 10px; border: 2px solid #FA0522; width: 200px;\">\u00ab\u00a0&#8230;c\u2019est la rencontre de la commedia dell\u2019arte avec la danse hip hop et le human beatbox&#8230;\u00a0\u00bb<\/div>\n<p><em>Un conte moderne o\u00f9 se c\u00f4toient une f\u00e9e-sorci\u00e8re, une for\u00eat magique, l\u2019affirmation des femmes, la puissance du r\u00eave, la force d\u2019un capitaine de banlieue et la multi-culturalit\u00e9\u2026 Les Irr\u00e9v\u00e9rencieux, c\u2019est la rencontre de la commedia dell\u2019arte avec la danse hip hop et le human beatbox. Une cr\u00e9ation originale dans laquelle les com\u00e9diens s\u2019approprient l\u2019essence de ces disciplines urbaines et populaires comme un \u00e9cho \u00e0 la modernit\u00e9. &#8230;\u00a0\u00bb <\/em><\/p>\n<p>A noter aussi : <a href=\"http:\/\/tarascon.org\/tarascon-en-provence\/theatre\/historique.html\" target=\"_blank\">Le th\u00e9\u00e2tre de Tarascon<\/a> est l\u2019un des plus remarquables th\u00e9\u00e2tres \u00e0 l\u2019italienne de la R\u00e9gion Provence Alpes C\u00f4te d\u2019Azur, class\u00e9 Monument Historique.<\/p>\n","protected":false},"excerpt":{"rendered":"<p>Pour continuer le programme de sorties exceptionnelles, l&rsquo;Association propose \u00e0 ses adh\u00e9rents d&rsquo;assister \u00e0 un spectacle prim\u00e9 au Festival d&rsquo;Avignon, au Th\u00e9\u00e2tre Municipal de Tarascon.<\/p>\n","protected":false},"author":1,"featured_media":0,"comment_status":"closed","ping_status":"closed","sticky":false,"template":"","format":"standard","meta":{"footnotes":""},"categories":[4],"tags":[],"class_list":["post-2472","post","type-post","status-publish","format-standard","hentry","category-annonce"],"_links":{"self":[{"href":"https:\/\/www.aphyllanthe.fr\/association\/wp-json\/wp\/v2\/posts\/2472","targetHints":{"allow":["GET"]}}],"collection":[{"href":"https:\/\/www.aphyllanthe.fr\/association\/wp-json\/wp\/v2\/posts"}],"about":[{"href":"https:\/\/www.aphyllanthe.fr\/association\/wp-json\/wp\/v2\/types\/post"}],"author":[{"embeddable":true,"href":"https:\/\/www.aphyllanthe.fr\/association\/wp-json\/wp\/v2\/users\/1"}],"replies":[{"embeddable":true,"href":"https:\/\/www.aphyllanthe.fr\/association\/wp-json\/wp\/v2\/comments?post=2472"}],"version-history":[{"count":0,"href":"https:\/\/www.aphyllanthe.fr\/association\/wp-json\/wp\/v2\/posts\/2472\/revisions"}],"wp:attachment":[{"href":"https:\/\/www.aphyllanthe.fr\/association\/wp-json\/wp\/v2\/media?parent=2472"}],"wp:term":[{"taxonomy":"category","embeddable":true,"href":"https:\/\/www.aphyllanthe.fr\/association\/wp-json\/wp\/v2\/categories?post=2472"},{"taxonomy":"post_tag","embeddable":true,"href":"https:\/\/www.aphyllanthe.fr\/association\/wp-json\/wp\/v2\/tags?post=2472"}],"curies":[{"name":"wp","href":"https:\/\/api.w.org\/{rel}","templated":true}]}}