{"id":24740,"date":"2025-06-23T09:30:58","date_gmt":"2025-06-23T08:30:58","guid":{"rendered":"https:\/\/www.aphyllanthe.fr\/association\/?p=24740"},"modified":"2025-07-03T09:30:29","modified_gmt":"2025-07-03T08:30:29","slug":"exposition-bhoutan-pays-du-bonheur","status":"publish","type":"post","link":"https:\/\/www.aphyllanthe.fr\/association\/exposition-bhoutan-pays-du-bonheur\/","title":{"rendered":"Exposition : Bhoutan, pays du bonheur, 27-29 juin"},"content":{"rendered":"\n<p class=\"has-text-color has-background has-link-color wp-elements-6591e39d9d08c34ddaba5ef9ead8a094\" style=\"color:#48341b;background-color:#fdcc09\">G\u00e9rard Bellaiche, artiste bien connu de Bourdiguet, et adh\u00e9rent tr\u00e8s actif de l&rsquo;Aphyllanthe, ouvre les portes de sa galerie o\u00f9 il expose les clich\u00e9s pris lors de son voyage au Bhoutan l&rsquo;ann\u00e9e derni\u00e8re.<\/p>\n\n\n\n<h5 class=\"wp-block-heading has-text-align-center has-text-color has-link-color wp-elements-868d9a98d2a9b817a0767ea7461b9ce8\" style=\"color:#fc6720\">Du vendredi 27 au dimanche 29 juin<br \/>\u00e0 partir de 17h pour<br \/>l&rsquo;ap\u00e9ro du bonheur<\/h5>\n\n\n\n<p class=\"has-text-align-center\"><strong>Ou sur rdv du 23 juin au 5 juillet<\/strong><\/p>\n\n\n\n<p><strong>Adresse <\/strong><br \/>6, chemin de l&rsquo;\u00e9cole \u00e0 Bourdiguet (Aigaliers)<br \/><a href=\"https:\/\/maps.app.goo.gl\/vFm8otHjFXEurNKr5\">S&rsquo;y rendre<\/a><br \/>T\u00e9l. : 06 15 36 03 82<\/p>\n\n\n\n<p>Si vous voulez avoir un avant-go\u00fbt, venez admirer quelques photos qui sont expos\u00e9es \u00e0 la biblioth\u00e8que :<\/p>\n\n\n\n<figure class=\"wp-block-gallery has-nested-images columns-default is-cropped wp-block-gallery-2 is-layout-flex wp-block-gallery-is-layout-flex\">\n<figure class=\"wp-block-image size-large\"><a href=\"https:\/\/www.aphyllanthe.fr\/association\/wp-content\/uploads\/2025\/05\/DSC_4500_DXO.webp\"><img loading=\"lazy\" decoding=\"async\" width=\"640\" height=\"428\" data-id=\"24765\" src=\"https:\/\/www.aphyllanthe.fr\/association\/wp-content\/uploads\/2025\/05\/DSC_4500_DXO.webp\" alt=\"\" class=\"wp-image-24765\" srcset=\"https:\/\/www.aphyllanthe.fr\/association\/wp-content\/uploads\/2025\/05\/DSC_4500_DXO.webp 640w, https:\/\/www.aphyllanthe.fr\/association\/wp-content\/uploads\/2025\/05\/DSC_4500_DXO-300x201.webp 300w\" sizes=\"auto, (max-width: 640px) 100vw, 640px\" \/><\/a><\/figure>\n\n\n\n<figure class=\"wp-block-image size-large\"><a href=\"https:\/\/www.aphyllanthe.fr\/association\/wp-content\/uploads\/2025\/05\/DSC_4596_DXO.webp\"><img loading=\"lazy\" decoding=\"async\" width=\"640\" height=\"640\" data-id=\"24767\" src=\"https:\/\/www.aphyllanthe.fr\/association\/wp-content\/uploads\/2025\/05\/DSC_4596_DXO.webp\" alt=\"\" class=\"wp-image-24767\" srcset=\"https:\/\/www.aphyllanthe.fr\/association\/wp-content\/uploads\/2025\/05\/DSC_4596_DXO.webp 640w, https:\/\/www.aphyllanthe.fr\/association\/wp-content\/uploads\/2025\/05\/DSC_4596_DXO-300x300.webp 300w, https:\/\/www.aphyllanthe.fr\/association\/wp-content\/uploads\/2025\/05\/DSC_4596_DXO-150x150.webp 150w\" sizes=\"auto, (max-width: 640px) 100vw, 640px\" \/><\/a><\/figure>\n<\/figure>\n\n\n<div class=\"wp-block-image\">\n<figure class=\"aligncenter size-full\"><a href=\"https:\/\/www.aphyllanthe.fr\/association\/wp-content\/uploads\/2025\/05\/DSC_4123_DXO-1.webp\"><img loading=\"lazy\" decoding=\"async\" width=\"640\" height=\"480\" src=\"https:\/\/www.aphyllanthe.fr\/association\/wp-content\/uploads\/2025\/05\/DSC_4123_DXO-1.webp\" alt=\"\" class=\"wp-image-24768\" srcset=\"https:\/\/www.aphyllanthe.fr\/association\/wp-content\/uploads\/2025\/05\/DSC_4123_DXO-1.webp 640w, https:\/\/www.aphyllanthe.fr\/association\/wp-content\/uploads\/2025\/05\/DSC_4123_DXO-1-300x225.webp 300w\" sizes=\"auto, (max-width: 640px) 100vw, 640px\" \/><\/a><\/figure>\n<\/div>","protected":false},"excerpt":{"rendered":"<p>G\u00e9rard Bellaiche, artiste bien connu de Bourdiguet, et adh\u00e9rent tr\u00e8s actif de l&rsquo;Aphyllanthe, ouvre les portes de sa galerie o\u00f9 il expose les clich\u00e9s pris lors de son voyage au Bhoutan l&rsquo;ann\u00e9e derni\u00e8re. Du vendredi 27 au dimanche 29 juin\u00e0 partir de 17h pourl&rsquo;ap\u00e9ro du bonheur Ou sur rdv du 23 juin au 5 juillet &hellip; <a href=\"https:\/\/www.aphyllanthe.fr\/association\/exposition-bhoutan-pays-du-bonheur\/\" class=\"more-link\">Continuer la lecture de <span class=\"screen-reader-text\">Exposition : Bhoutan, pays du bonheur, 27-29 juin<\/span>  <span class=\"meta-nav\">&rarr;<\/span><\/a><\/p>\n","protected":false},"author":10,"featured_media":24742,"comment_status":"closed","ping_status":"closed","sticky":false,"template":"","format":"standard","meta":{"footnotes":""},"categories":[4],"tags":[],"class_list":["post-24740","post","type-post","status-publish","format-standard","has-post-thumbnail","hentry","category-annonce"],"_links":{"self":[{"href":"https:\/\/www.aphyllanthe.fr\/association\/wp-json\/wp\/v2\/posts\/24740","targetHints":{"allow":["GET"]}}],"collection":[{"href":"https:\/\/www.aphyllanthe.fr\/association\/wp-json\/wp\/v2\/posts"}],"about":[{"href":"https:\/\/www.aphyllanthe.fr\/association\/wp-json\/wp\/v2\/types\/post"}],"author":[{"embeddable":true,"href":"https:\/\/www.aphyllanthe.fr\/association\/wp-json\/wp\/v2\/users\/10"}],"replies":[{"embeddable":true,"href":"https:\/\/www.aphyllanthe.fr\/association\/wp-json\/wp\/v2\/comments?post=24740"}],"version-history":[{"count":9,"href":"https:\/\/www.aphyllanthe.fr\/association\/wp-json\/wp\/v2\/posts\/24740\/revisions"}],"predecessor-version":[{"id":24784,"href":"https:\/\/www.aphyllanthe.fr\/association\/wp-json\/wp\/v2\/posts\/24740\/revisions\/24784"}],"wp:featuredmedia":[{"embeddable":true,"href":"https:\/\/www.aphyllanthe.fr\/association\/wp-json\/wp\/v2\/media\/24742"}],"wp:attachment":[{"href":"https:\/\/www.aphyllanthe.fr\/association\/wp-json\/wp\/v2\/media?parent=24740"}],"wp:term":[{"taxonomy":"category","embeddable":true,"href":"https:\/\/www.aphyllanthe.fr\/association\/wp-json\/wp\/v2\/categories?post=24740"},{"taxonomy":"post_tag","embeddable":true,"href":"https:\/\/www.aphyllanthe.fr\/association\/wp-json\/wp\/v2\/tags?post=24740"}],"curies":[{"name":"wp","href":"https:\/\/api.w.org\/{rel}","templated":true}]}}