{"id":24770,"date":"2025-06-23T09:00:45","date_gmt":"2025-06-23T08:00:45","guid":{"rendered":"https:\/\/www.aphyllanthe.fr\/association\/?p=24770"},"modified":"2025-07-03T09:29:50","modified_gmt":"2025-07-03T08:29:50","slug":"atelier-fuseaux-de-lavande","status":"publish","type":"post","link":"https:\/\/www.aphyllanthe.fr\/association\/atelier-fuseaux-de-lavande\/","title":{"rendered":"Atelier fuseaux de lavande, 2 juillet"},"content":{"rendered":"\n<p class=\"has-text-color has-background\" style=\"color:#3f285c;background-color:#edd9d3\">Marie-\u00c9tienne propose un atelier pour apprendre \u00e0 confectionner des fuseaux de lavande, qui embaumeront vos armoires, \u00e9loigneront mites et moustiques ou feront de jolis cadeaux.<br \/><br \/>Il aura lieu <strong>mercredi 2 juillet de 9h \u00e0 11h<\/strong>, dans les locaux de l\u2019Aphyllanthe.<\/p>\n\n\n\n<div class=\"wp-block-columns is-layout-flex wp-container-core-columns-is-layout-9d6595d7 wp-block-columns-is-layout-flex\">\n<div class=\"wp-block-column is-layout-flow wp-block-column-is-layout-flow\">\n<h5 class=\"wp-block-heading\">Mat\u00e9riel n\u00e9cessaire<\/h5>\n\n\n\n<ul class=\"wp-block-list\">\n<li>30 brins de lavande fra\u00eeche et en fleurs (cueillie le matin m\u00eame)<\/li>\n\n\n\n<li>une paire de ciseaux<\/li>\n<\/ul>\n\n\n\n<p>Les rubans seront fournis.<\/p>\n<\/div>\n\n\n\n<div class=\"wp-block-column is-layout-flow wp-block-column-is-layout-flow\">\n<figure class=\"wp-block-image size-full is-resized\"><a href=\"https:\/\/www.aphyllanthe.fr\/association\/wp-content\/uploads\/2022\/05\/FUSEAUX.webp\"><img loading=\"lazy\" decoding=\"async\" width=\"252\" height=\"200\" src=\"https:\/\/www.aphyllanthe.fr\/association\/wp-content\/uploads\/2022\/05\/FUSEAUX.webp\" alt=\"\" class=\"wp-image-16524\" style=\"width:207px;height:164px\"\/><\/a><\/figure>\n<\/div>\n<\/div>\n\n\n\n<h5 class=\"wp-block-heading has-text-align-center has-text-color has-background\" style=\"color:#3f285c;background-color:#edd9d3\">Animation gratuite sur inscription<br \/>04 66 22 10 20 \/ aphyllanthe@orange.fr<\/h5>\n\n\n\n<p><\/p>\n","protected":false},"excerpt":{"rendered":"<p>Marie-\u00c9tienne propose un atelier pour apprendre \u00e0 confectionner des fuseaux de lavande, qui embaumeront vos armoires, \u00e9loigneront mites et moustiques ou feront de jolis cadeaux. Il aura lieu mercredi 2 juillet de 9h \u00e0 11h, dans les locaux de l\u2019Aphyllanthe. Mat\u00e9riel n\u00e9cessaire Les rubans seront fournis. Animation gratuite sur inscription04 66 22 10 20 \/ &hellip; <a href=\"https:\/\/www.aphyllanthe.fr\/association\/atelier-fuseaux-de-lavande\/\" class=\"more-link\">Continuer la lecture de <span class=\"screen-reader-text\">Atelier fuseaux de lavande, 2 juillet<\/span>  <span class=\"meta-nav\">&rarr;<\/span><\/a><\/p>\n","protected":false},"author":10,"featured_media":24774,"comment_status":"closed","ping_status":"closed","sticky":false,"template":"","format":"standard","meta":{"footnotes":""},"categories":[4],"tags":[],"class_list":["post-24770","post","type-post","status-publish","format-standard","has-post-thumbnail","hentry","category-annonce"],"_links":{"self":[{"href":"https:\/\/www.aphyllanthe.fr\/association\/wp-json\/wp\/v2\/posts\/24770","targetHints":{"allow":["GET"]}}],"collection":[{"href":"https:\/\/www.aphyllanthe.fr\/association\/wp-json\/wp\/v2\/posts"}],"about":[{"href":"https:\/\/www.aphyllanthe.fr\/association\/wp-json\/wp\/v2\/types\/post"}],"author":[{"embeddable":true,"href":"https:\/\/www.aphyllanthe.fr\/association\/wp-json\/wp\/v2\/users\/10"}],"replies":[{"embeddable":true,"href":"https:\/\/www.aphyllanthe.fr\/association\/wp-json\/wp\/v2\/comments?post=24770"}],"version-history":[{"count":13,"href":"https:\/\/www.aphyllanthe.fr\/association\/wp-json\/wp\/v2\/posts\/24770\/revisions"}],"predecessor-version":[{"id":24848,"href":"https:\/\/www.aphyllanthe.fr\/association\/wp-json\/wp\/v2\/posts\/24770\/revisions\/24848"}],"wp:featuredmedia":[{"embeddable":true,"href":"https:\/\/www.aphyllanthe.fr\/association\/wp-json\/wp\/v2\/media\/24774"}],"wp:attachment":[{"href":"https:\/\/www.aphyllanthe.fr\/association\/wp-json\/wp\/v2\/media?parent=24770"}],"wp:term":[{"taxonomy":"category","embeddable":true,"href":"https:\/\/www.aphyllanthe.fr\/association\/wp-json\/wp\/v2\/categories?post=24770"},{"taxonomy":"post_tag","embeddable":true,"href":"https:\/\/www.aphyllanthe.fr\/association\/wp-json\/wp\/v2\/tags?post=24770"}],"curies":[{"name":"wp","href":"https:\/\/api.w.org\/{rel}","templated":true}]}}