{"id":24786,"date":"2025-06-25T15:33:20","date_gmt":"2025-06-25T14:33:20","guid":{"rendered":"https:\/\/www.aphyllanthe.fr\/association\/?p=24786"},"modified":"2025-07-09T14:28:55","modified_gmt":"2025-07-09T13:28:55","slug":"reportage-sur-la-fete-2025","status":"publish","type":"post","link":"https:\/\/www.aphyllanthe.fr\/association\/reportage-sur-la-fete-2025\/","title":{"rendered":"Reportage sur la f\u00eate de fin de saison"},"content":{"rendered":"\n<p class=\"has-text-color has-background has-link-color wp-elements-33617f6d238d4916f8eeb4338450f4cc\" style=\"color:#301e13;background-color:#ffbd59\">Cette ann\u00e9e, la f\u00eate s&rsquo;est d\u00e9roul\u00e9e sous un soleil de plomb, ce qui n&rsquo;a heureusement pas d\u00e9motiv\u00e9 les plus jeunes. L&rsquo;apr\u00e8s-midi a commenc\u00e9 par les restitutions des ateliers de danses indiennes et de th\u00e9\u00e2tre et s&rsquo;est poursuivi par des jeux pour les enfants.<\/p>\n\n\n\n<p>Le spectacle de danses indiennes, anim\u00e9es par Aude Rondet a \u00e9t\u00e9 tr\u00e8s enlev\u00e9. Les danseuses form\u00e9es depuis 3 ans commencent \u00e0 d\u00e9velopper un vrai talent pour ces danses venues d&rsquo;ailleurs.<\/p>\n\n\n\n<figure class=\"wp-block-gallery has-nested-images columns-default is-cropped wp-block-gallery-2 is-layout-flex wp-block-gallery-is-layout-flex\">\n<figure class=\"wp-block-image size-large\"><a href=\"https:\/\/www.aphyllanthe.fr\/association\/wp-content\/uploads\/2025\/06\/DSC00715.webp\"><img loading=\"lazy\" decoding=\"async\" width=\"1024\" height=\"683\" data-id=\"24805\" src=\"https:\/\/www.aphyllanthe.fr\/association\/wp-content\/uploads\/2025\/06\/DSC00715-1024x683.webp\" alt=\"\" class=\"wp-image-24805\" srcset=\"https:\/\/www.aphyllanthe.fr\/association\/wp-content\/uploads\/2025\/06\/DSC00715-1024x683.webp 1024w, https:\/\/www.aphyllanthe.fr\/association\/wp-content\/uploads\/2025\/06\/DSC00715-300x200.webp 300w, https:\/\/www.aphyllanthe.fr\/association\/wp-content\/uploads\/2025\/06\/DSC00715-768x512.webp 768w, https:\/\/www.aphyllanthe.fr\/association\/wp-content\/uploads\/2025\/06\/DSC00715.webp 1152w\" sizes=\"auto, (max-width: 1024px) 100vw, 1024px\" \/><\/a><figcaption class=\"wp-element-caption\">Pose de d\u00e9part&#8230;<\/figcaption><\/figure>\n\n\n\n<figure class=\"wp-block-image size-large\"><a href=\"https:\/\/www.aphyllanthe.fr\/association\/wp-content\/uploads\/2025\/06\/DSC00719.webp\"><img loading=\"lazy\" decoding=\"async\" width=\"1024\" height=\"683\" data-id=\"24804\" src=\"https:\/\/www.aphyllanthe.fr\/association\/wp-content\/uploads\/2025\/06\/DSC00719-1024x683.webp\" alt=\"\" class=\"wp-image-24804\" srcset=\"https:\/\/www.aphyllanthe.fr\/association\/wp-content\/uploads\/2025\/06\/DSC00719-1024x683.webp 1024w, https:\/\/www.aphyllanthe.fr\/association\/wp-content\/uploads\/2025\/06\/DSC00719-300x200.webp 300w, https:\/\/www.aphyllanthe.fr\/association\/wp-content\/uploads\/2025\/06\/DSC00719-768x512.webp 768w, https:\/\/www.aphyllanthe.fr\/association\/wp-content\/uploads\/2025\/06\/DSC00719.webp 1152w\" sizes=\"auto, (max-width: 1024px) 100vw, 1024px\" \/><\/a><figcaption class=\"wp-element-caption\">&#8230; et de fin<\/figcaption><\/figure>\n\n\n\n<figure class=\"wp-block-image size-large\"><a href=\"https:\/\/www.aphyllanthe.fr\/association\/wp-content\/uploads\/2025\/06\/PROCESSED5.webp\"><img loading=\"lazy\" decoding=\"async\" width=\"576\" height=\"1024\" data-id=\"24821\" src=\"https:\/\/www.aphyllanthe.fr\/association\/wp-content\/uploads\/2025\/06\/PROCESSED5-576x1024.webp\" alt=\"\" class=\"wp-image-24821\" srcset=\"https:\/\/www.aphyllanthe.fr\/association\/wp-content\/uploads\/2025\/06\/PROCESSED5-576x1024.webp 576w, https:\/\/www.aphyllanthe.fr\/association\/wp-content\/uploads\/2025\/06\/PROCESSED5-169x300.webp 169w, https:\/\/www.aphyllanthe.fr\/association\/wp-content\/uploads\/2025\/06\/PROCESSED5-768x1365.webp 768w, https:\/\/www.aphyllanthe.fr\/association\/wp-content\/uploads\/2025\/06\/PROCESSED5-864x1536.webp 864w, https:\/\/www.aphyllanthe.fr\/association\/wp-content\/uploads\/2025\/06\/PROCESSED5.webp 1080w\" sizes=\"auto, (max-width: 576px) 100vw, 576px\" \/><\/a><figcaption class=\"wp-element-caption\">Transmission des danseuses entre elles<\/figcaption><\/figure>\n\n\n\n<figure class=\"wp-block-image size-large\"><a href=\"https:\/\/www.aphyllanthe.fr\/association\/wp-content\/uploads\/2025\/06\/DSC00726.webp\"><img loading=\"lazy\" decoding=\"async\" width=\"1024\" height=\"683\" data-id=\"24806\" src=\"https:\/\/www.aphyllanthe.fr\/association\/wp-content\/uploads\/2025\/06\/DSC00726-1024x683.webp\" alt=\"\" class=\"wp-image-24806\" srcset=\"https:\/\/www.aphyllanthe.fr\/association\/wp-content\/uploads\/2025\/06\/DSC00726-1024x683.webp 1024w, https:\/\/www.aphyllanthe.fr\/association\/wp-content\/uploads\/2025\/06\/DSC00726-300x200.webp 300w, https:\/\/www.aphyllanthe.fr\/association\/wp-content\/uploads\/2025\/06\/DSC00726-768x512.webp 768w, https:\/\/www.aphyllanthe.fr\/association\/wp-content\/uploads\/2025\/06\/DSC00726.webp 1152w\" sizes=\"auto, (max-width: 1024px) 100vw, 1024px\" \/><\/a><figcaption class=\"wp-element-caption\">Le public est invit\u00e9 \u00e0 participer \u00e0 la transmission<\/figcaption><\/figure>\n<\/figure>\n\n\n\n<p>L&rsquo;atelier th\u00e9\u00e2tre anim\u00e9 par Patricia Matisson a pr\u00e9sent\u00e9 <em>Le fant\u00f4me du manoir<\/em>, une pi\u00e8ce tir\u00e9e de l&rsquo;ouvrage <em>20 pi\u00e8ces \u00e0 jouer<\/em> sous la direction de Christian Lamblin, destin\u00e9 aux \u00e9l\u00e8ves de primaire. La pi\u00e8ce choisie \u00e9tait inspir\u00e9e du <em>Fant\u00f4me de la demoiselle<\/em>, mais avait \u00e9t\u00e9 largement r\u00e9adapt\u00e9e par Patricia afin de fournir un r\u00f4le \u00e0 chacun des participants de l&rsquo;atelier. Un gros travail dont elle s&rsquo;est tir\u00e9e \u00e0 merveille.<\/p>\n\n\n\n<figure class=\"wp-block-gallery has-nested-images columns-default is-cropped wp-block-gallery-3 is-layout-flex wp-block-gallery-is-layout-flex\">\n<figure class=\"wp-block-image size-large\"><a href=\"https:\/\/www.aphyllanthe.fr\/association\/wp-content\/uploads\/2025\/06\/DSC00727.webp\"><img loading=\"lazy\" decoding=\"async\" width=\"1024\" height=\"683\" data-id=\"24800\" src=\"https:\/\/www.aphyllanthe.fr\/association\/wp-content\/uploads\/2025\/06\/DSC00727-1024x683.webp\" alt=\"\" class=\"wp-image-24800\" srcset=\"https:\/\/www.aphyllanthe.fr\/association\/wp-content\/uploads\/2025\/06\/DSC00727-1024x683.webp 1024w, https:\/\/www.aphyllanthe.fr\/association\/wp-content\/uploads\/2025\/06\/DSC00727-300x200.webp 300w, https:\/\/www.aphyllanthe.fr\/association\/wp-content\/uploads\/2025\/06\/DSC00727-768x512.webp 768w, https:\/\/www.aphyllanthe.fr\/association\/wp-content\/uploads\/2025\/06\/DSC00727.webp 1152w\" sizes=\"auto, (max-width: 1024px) 100vw, 1024px\" \/><\/a><\/figure>\n\n\n\n<figure class=\"wp-block-image size-large\"><a href=\"https:\/\/www.aphyllanthe.fr\/association\/wp-content\/uploads\/2025\/06\/DSC00731.webp\"><img loading=\"lazy\" decoding=\"async\" width=\"1024\" height=\"683\" data-id=\"24798\" src=\"https:\/\/www.aphyllanthe.fr\/association\/wp-content\/uploads\/2025\/06\/DSC00731-1024x683.webp\" alt=\"\" class=\"wp-image-24798\" srcset=\"https:\/\/www.aphyllanthe.fr\/association\/wp-content\/uploads\/2025\/06\/DSC00731-1024x683.webp 1024w, https:\/\/www.aphyllanthe.fr\/association\/wp-content\/uploads\/2025\/06\/DSC00731-300x200.webp 300w, https:\/\/www.aphyllanthe.fr\/association\/wp-content\/uploads\/2025\/06\/DSC00731-768x512.webp 768w, https:\/\/www.aphyllanthe.fr\/association\/wp-content\/uploads\/2025\/06\/DSC00731.webp 1152w\" sizes=\"auto, (max-width: 1024px) 100vw, 1024px\" \/><\/a><\/figure>\n\n\n\n<figure class=\"wp-block-image size-large\"><a href=\"https:\/\/www.aphyllanthe.fr\/association\/wp-content\/uploads\/2025\/06\/PROCESSED4.webp\"><img loading=\"lazy\" decoding=\"async\" width=\"1024\" height=\"576\" data-id=\"24819\" src=\"https:\/\/www.aphyllanthe.fr\/association\/wp-content\/uploads\/2025\/06\/PROCESSED4-1024x576.webp\" alt=\"\" class=\"wp-image-24819\" srcset=\"https:\/\/www.aphyllanthe.fr\/association\/wp-content\/uploads\/2025\/06\/PROCESSED4-1024x576.webp 1024w, https:\/\/www.aphyllanthe.fr\/association\/wp-content\/uploads\/2025\/06\/PROCESSED4-300x169.webp 300w, https:\/\/www.aphyllanthe.fr\/association\/wp-content\/uploads\/2025\/06\/PROCESSED4-768x432.webp 768w, https:\/\/www.aphyllanthe.fr\/association\/wp-content\/uploads\/2025\/06\/PROCESSED4-1536x864.webp 1536w, https:\/\/www.aphyllanthe.fr\/association\/wp-content\/uploads\/2025\/06\/PROCESSED4-1320x743.webp 1320w, https:\/\/www.aphyllanthe.fr\/association\/wp-content\/uploads\/2025\/06\/PROCESSED4.webp 1920w\" sizes=\"auto, (max-width: 1024px) 100vw, 1024px\" \/><\/a><\/figure>\n\n\n\n<figure class=\"wp-block-image size-large\"><a href=\"https:\/\/www.aphyllanthe.fr\/association\/wp-content\/uploads\/2025\/06\/PROCESSED1.webp\"><img loading=\"lazy\" decoding=\"async\" width=\"1024\" height=\"576\" data-id=\"24816\" src=\"https:\/\/www.aphyllanthe.fr\/association\/wp-content\/uploads\/2025\/06\/PROCESSED1-1024x576.webp\" alt=\"\" class=\"wp-image-24816\" srcset=\"https:\/\/www.aphyllanthe.fr\/association\/wp-content\/uploads\/2025\/06\/PROCESSED1-1024x576.webp 1024w, https:\/\/www.aphyllanthe.fr\/association\/wp-content\/uploads\/2025\/06\/PROCESSED1-300x169.webp 300w, https:\/\/www.aphyllanthe.fr\/association\/wp-content\/uploads\/2025\/06\/PROCESSED1-768x432.webp 768w, https:\/\/www.aphyllanthe.fr\/association\/wp-content\/uploads\/2025\/06\/PROCESSED1-1536x864.webp 1536w, https:\/\/www.aphyllanthe.fr\/association\/wp-content\/uploads\/2025\/06\/PROCESSED1-1320x743.webp 1320w, https:\/\/www.aphyllanthe.fr\/association\/wp-content\/uploads\/2025\/06\/PROCESSED1.webp 1920w\" sizes=\"auto, (max-width: 1024px) 100vw, 1024px\" \/><\/a><\/figure>\n<\/figure>\n\n\n\n<p>Les jeux revisit\u00e9s avec inventivit\u00e9 et humour par l&rsquo;artiste G\u00e9rard Bellaiche ont fait le plein : chamboule tout et p\u00eache \u00e0 la ligne ont \u00e9t\u00e9 pris d&rsquo;assaut.<\/p>\n\n\n\n<figure class=\"wp-block-gallery has-nested-images columns-default is-cropped wp-block-gallery-4 is-layout-flex wp-block-gallery-is-layout-flex\">\n<figure class=\"wp-block-image size-large\"><a href=\"https:\/\/www.aphyllanthe.fr\/association\/wp-content\/uploads\/2025\/06\/DSC00708.webp\"><img loading=\"lazy\" decoding=\"async\" width=\"1024\" height=\"683\" data-id=\"24832\" src=\"https:\/\/www.aphyllanthe.fr\/association\/wp-content\/uploads\/2025\/06\/DSC00708-1024x683.webp\" alt=\"\" class=\"wp-image-24832\" srcset=\"https:\/\/www.aphyllanthe.fr\/association\/wp-content\/uploads\/2025\/06\/DSC00708-1024x683.webp 1024w, https:\/\/www.aphyllanthe.fr\/association\/wp-content\/uploads\/2025\/06\/DSC00708-300x200.webp 300w, https:\/\/www.aphyllanthe.fr\/association\/wp-content\/uploads\/2025\/06\/DSC00708-768x512.webp 768w, https:\/\/www.aphyllanthe.fr\/association\/wp-content\/uploads\/2025\/06\/DSC00708.webp 1152w\" sizes=\"auto, (max-width: 1024px) 100vw, 1024px\" \/><\/a><figcaption class=\"wp-element-caption\">Derni\u00e8res touches \u00e0 l&rsquo;installation&#8230;<\/figcaption><\/figure>\n\n\n\n<figure class=\"wp-block-image size-large\"><a href=\"https:\/\/www.aphyllanthe.fr\/association\/wp-content\/uploads\/2025\/06\/DSC00736.webp\"><img loading=\"lazy\" decoding=\"async\" width=\"1024\" height=\"683\" data-id=\"24791\" src=\"https:\/\/www.aphyllanthe.fr\/association\/wp-content\/uploads\/2025\/06\/DSC00736-1024x683.webp\" alt=\"\" class=\"wp-image-24791\" srcset=\"https:\/\/www.aphyllanthe.fr\/association\/wp-content\/uploads\/2025\/06\/DSC00736-1024x683.webp 1024w, https:\/\/www.aphyllanthe.fr\/association\/wp-content\/uploads\/2025\/06\/DSC00736-300x200.webp 300w, https:\/\/www.aphyllanthe.fr\/association\/wp-content\/uploads\/2025\/06\/DSC00736-768x512.webp 768w, https:\/\/www.aphyllanthe.fr\/association\/wp-content\/uploads\/2025\/06\/DSC00736.webp 1152w\" sizes=\"auto, (max-width: 1024px) 100vw, 1024px\" \/><\/a><figcaption class=\"wp-element-caption\">&#8230; et c&rsquo;est parti !<\/figcaption><\/figure>\n\n\n\n<figure class=\"wp-block-image size-large\"><a href=\"https:\/\/www.aphyllanthe.fr\/association\/wp-content\/uploads\/2025\/06\/DSC00739.webp\"><img loading=\"lazy\" decoding=\"async\" width=\"1024\" height=\"683\" data-id=\"24792\" src=\"https:\/\/www.aphyllanthe.fr\/association\/wp-content\/uploads\/2025\/06\/DSC00739-1024x683.webp\" alt=\"\" class=\"wp-image-24792\" srcset=\"https:\/\/www.aphyllanthe.fr\/association\/wp-content\/uploads\/2025\/06\/DSC00739-1024x683.webp 1024w, https:\/\/www.aphyllanthe.fr\/association\/wp-content\/uploads\/2025\/06\/DSC00739-300x200.webp 300w, https:\/\/www.aphyllanthe.fr\/association\/wp-content\/uploads\/2025\/06\/DSC00739-768x512.webp 768w, https:\/\/www.aphyllanthe.fr\/association\/wp-content\/uploads\/2025\/06\/DSC00739.webp 1152w\" sizes=\"auto, (max-width: 1024px) 100vw, 1024px\" \/><\/a><figcaption class=\"wp-element-caption\">M\u00eame les grands s&rsquo;y mettent.<\/figcaption><\/figure>\n\n\n\n<figure class=\"wp-block-image size-large\"><a href=\"https:\/\/www.aphyllanthe.fr\/association\/wp-content\/uploads\/2025\/06\/DSC00710.webp\"><img loading=\"lazy\" decoding=\"async\" width=\"1024\" height=\"683\" data-id=\"24812\" src=\"https:\/\/www.aphyllanthe.fr\/association\/wp-content\/uploads\/2025\/06\/DSC00710-1024x683.webp\" alt=\"\" class=\"wp-image-24812\" srcset=\"https:\/\/www.aphyllanthe.fr\/association\/wp-content\/uploads\/2025\/06\/DSC00710-1024x683.webp 1024w, https:\/\/www.aphyllanthe.fr\/association\/wp-content\/uploads\/2025\/06\/DSC00710-300x200.webp 300w, https:\/\/www.aphyllanthe.fr\/association\/wp-content\/uploads\/2025\/06\/DSC00710-768x512.webp 768w, https:\/\/www.aphyllanthe.fr\/association\/wp-content\/uploads\/2025\/06\/DSC00710.webp 1152w\" sizes=\"auto, (max-width: 1024px) 100vw, 1024px\" \/><\/a><figcaption class=\"wp-element-caption\">Le <em>Shadok-Pis,<\/em> une interpr\u00e9tation toute personnelle de l\u2019\u0153uvre bruxelloise<\/figcaption><\/figure>\n<\/figure>\n\n\n\n<p>Quelques stands des activit\u00e9s men\u00e9es durant l&rsquo;ann\u00e9e <\/p>\n\n\n\n<figure class=\"wp-block-gallery has-nested-images columns-default is-cropped wp-block-gallery-5 is-layout-flex wp-block-gallery-is-layout-flex\">\n<figure class=\"wp-block-image size-large\"><a href=\"https:\/\/www.aphyllanthe.fr\/association\/wp-content\/uploads\/2025\/06\/DSC00702.webp\"><img loading=\"lazy\" decoding=\"async\" width=\"1024\" height=\"683\" data-id=\"24809\" src=\"https:\/\/www.aphyllanthe.fr\/association\/wp-content\/uploads\/2025\/06\/DSC00702-1024x683.webp\" alt=\"\" class=\"wp-image-24809\" srcset=\"https:\/\/www.aphyllanthe.fr\/association\/wp-content\/uploads\/2025\/06\/DSC00702-1024x683.webp 1024w, https:\/\/www.aphyllanthe.fr\/association\/wp-content\/uploads\/2025\/06\/DSC00702-300x200.webp 300w, https:\/\/www.aphyllanthe.fr\/association\/wp-content\/uploads\/2025\/06\/DSC00702-768x512.webp 768w, https:\/\/www.aphyllanthe.fr\/association\/wp-content\/uploads\/2025\/06\/DSC00702.webp 1152w\" sizes=\"auto, (max-width: 1024px) 100vw, 1024px\" \/><\/a><figcaption class=\"wp-element-caption\">Les petits bonnets<\/figcaption><\/figure>\n\n\n\n<figure class=\"wp-block-image size-large\"><a href=\"https:\/\/www.aphyllanthe.fr\/association\/wp-content\/uploads\/2025\/06\/DSC00706.webp\"><img loading=\"lazy\" decoding=\"async\" width=\"1024\" height=\"683\" data-id=\"24810\" src=\"https:\/\/www.aphyllanthe.fr\/association\/wp-content\/uploads\/2025\/06\/DSC00706-1024x683.webp\" alt=\"\" class=\"wp-image-24810\" srcset=\"https:\/\/www.aphyllanthe.fr\/association\/wp-content\/uploads\/2025\/06\/DSC00706-1024x683.webp 1024w, https:\/\/www.aphyllanthe.fr\/association\/wp-content\/uploads\/2025\/06\/DSC00706-300x200.webp 300w, https:\/\/www.aphyllanthe.fr\/association\/wp-content\/uploads\/2025\/06\/DSC00706-768x512.webp 768w, https:\/\/www.aphyllanthe.fr\/association\/wp-content\/uploads\/2025\/06\/DSC00706.webp 1152w\" sizes=\"auto, (max-width: 1024px) 100vw, 1024px\" \/><\/a><figcaption class=\"wp-element-caption\">Atelier poterie des vacances de P\u00e2ques<\/figcaption><\/figure>\n\n\n\n<figure class=\"wp-block-image size-large\"><a href=\"https:\/\/www.aphyllanthe.fr\/association\/wp-content\/uploads\/2025\/06\/DSC00712.webp\"><img loading=\"lazy\" decoding=\"async\" width=\"1024\" height=\"683\" data-id=\"24811\" src=\"https:\/\/www.aphyllanthe.fr\/association\/wp-content\/uploads\/2025\/06\/DSC00712-1024x683.webp\" alt=\"\" class=\"wp-image-24811\" srcset=\"https:\/\/www.aphyllanthe.fr\/association\/wp-content\/uploads\/2025\/06\/DSC00712-1024x683.webp 1024w, https:\/\/www.aphyllanthe.fr\/association\/wp-content\/uploads\/2025\/06\/DSC00712-300x200.webp 300w, https:\/\/www.aphyllanthe.fr\/association\/wp-content\/uploads\/2025\/06\/DSC00712-768x512.webp 768w, https:\/\/www.aphyllanthe.fr\/association\/wp-content\/uploads\/2025\/06\/DSC00712.webp 1152w\" sizes=\"auto, (max-width: 1024px) 100vw, 1024px\" \/><\/a><figcaption class=\"wp-element-caption\">Le stand de gym douce et marche nordique<\/figcaption><\/figure>\n<\/figure>\n\n\n\n<p>Sans oublier la r\u00e9alisation de l\u2019<strong>\u0152uvre Commune<\/strong>, cette ann\u00e9e une tr\u00e8s jolie mosa\u00efque imagin\u00e9e par Claude, dont l&rsquo;esprit reste fertile, et Sophie, install\u00e9e \u00e0 l&rsquo;ombre pour maquiller les enfants.<\/p>\n\n\n\n<figure class=\"wp-block-gallery aligncenter has-nested-images columns-default is-cropped wp-block-gallery-6 is-layout-flex wp-block-gallery-is-layout-flex\">\n<figure class=\"wp-block-image size-large\"><a href=\"https:\/\/www.aphyllanthe.fr\/association\/wp-content\/uploads\/2025\/06\/DSC00740.webp\"><img loading=\"lazy\" decoding=\"async\" width=\"1024\" height=\"683\" data-id=\"24795\" src=\"https:\/\/www.aphyllanthe.fr\/association\/wp-content\/uploads\/2025\/06\/DSC00740-1024x683.webp\" alt=\"\" class=\"wp-image-24795\" srcset=\"https:\/\/www.aphyllanthe.fr\/association\/wp-content\/uploads\/2025\/06\/DSC00740-1024x683.webp 1024w, https:\/\/www.aphyllanthe.fr\/association\/wp-content\/uploads\/2025\/06\/DSC00740-300x200.webp 300w, https:\/\/www.aphyllanthe.fr\/association\/wp-content\/uploads\/2025\/06\/DSC00740-768x512.webp 768w, https:\/\/www.aphyllanthe.fr\/association\/wp-content\/uploads\/2025\/06\/DSC00740.webp 1152w\" sizes=\"auto, (max-width: 1024px) 100vw, 1024px\" \/><\/a><\/figure>\n\n\n\n<figure class=\"wp-block-image size-large\"><a href=\"https:\/\/www.aphyllanthe.fr\/association\/wp-content\/uploads\/2025\/06\/DSC00742.webp\"><img loading=\"lazy\" decoding=\"async\" width=\"1024\" height=\"683\" data-id=\"24793\" src=\"https:\/\/www.aphyllanthe.fr\/association\/wp-content\/uploads\/2025\/06\/DSC00742-1024x683.webp\" alt=\"\" class=\"wp-image-24793\" srcset=\"https:\/\/www.aphyllanthe.fr\/association\/wp-content\/uploads\/2025\/06\/DSC00742-1024x683.webp 1024w, https:\/\/www.aphyllanthe.fr\/association\/wp-content\/uploads\/2025\/06\/DSC00742-300x200.webp 300w, https:\/\/www.aphyllanthe.fr\/association\/wp-content\/uploads\/2025\/06\/DSC00742-768x512.webp 768w, https:\/\/www.aphyllanthe.fr\/association\/wp-content\/uploads\/2025\/06\/DSC00742.webp 1152w\" sizes=\"auto, (max-width: 1024px) 100vw, 1024px\" \/><\/a><\/figure>\n<\/figure>\n\n\n\n<p>La journ\u00e9e s&rsquo;est termin\u00e9e par un ap\u00e9ro offert par l&rsquo;Aphyllanthe.<\/p>\n","protected":false},"excerpt":{"rendered":"<p>Cette ann\u00e9e, la f\u00eate s&rsquo;est d\u00e9roul\u00e9e sous un soleil de plomb, ce qui n&rsquo;a heureusement pas d\u00e9motiv\u00e9 les plus jeunes. L&rsquo;apr\u00e8s-midi a commenc\u00e9 par les restitutions des ateliers de danses indiennes et de th\u00e9\u00e2tre et s&rsquo;est poursuivi par des jeux pour les enfants. Le spectacle de danses indiennes, anim\u00e9es par Aude Rondet a \u00e9t\u00e9 tr\u00e8s &hellip; <a href=\"https:\/\/www.aphyllanthe.fr\/association\/reportage-sur-la-fete-2025\/\" class=\"more-link\">Continuer la lecture de <span class=\"screen-reader-text\">Reportage sur la f\u00eate de fin de saison<\/span>  <span class=\"meta-nav\">&rarr;<\/span><\/a><\/p>\n","protected":false},"author":10,"featured_media":24854,"comment_status":"closed","ping_status":"closed","sticky":false,"template":"","format":"standard","meta":{"footnotes":""},"categories":[117,3],"tags":[],"class_list":["post-24786","post","type-post","status-publish","format-standard","has-post-thumbnail","hentry","category-familles-et-enfants","category-reportage"],"_links":{"self":[{"href":"https:\/\/www.aphyllanthe.fr\/association\/wp-json\/wp\/v2\/posts\/24786","targetHints":{"allow":["GET"]}}],"collection":[{"href":"https:\/\/www.aphyllanthe.fr\/association\/wp-json\/wp\/v2\/posts"}],"about":[{"href":"https:\/\/www.aphyllanthe.fr\/association\/wp-json\/wp\/v2\/types\/post"}],"author":[{"embeddable":true,"href":"https:\/\/www.aphyllanthe.fr\/association\/wp-json\/wp\/v2\/users\/10"}],"replies":[{"embeddable":true,"href":"https:\/\/www.aphyllanthe.fr\/association\/wp-json\/wp\/v2\/comments?post=24786"}],"version-history":[{"count":44,"href":"https:\/\/www.aphyllanthe.fr\/association\/wp-json\/wp\/v2\/posts\/24786\/revisions"}],"predecessor-version":[{"id":24857,"href":"https:\/\/www.aphyllanthe.fr\/association\/wp-json\/wp\/v2\/posts\/24786\/revisions\/24857"}],"wp:featuredmedia":[{"embeddable":true,"href":"https:\/\/www.aphyllanthe.fr\/association\/wp-json\/wp\/v2\/media\/24854"}],"wp:attachment":[{"href":"https:\/\/www.aphyllanthe.fr\/association\/wp-json\/wp\/v2\/media?parent=24786"}],"wp:term":[{"taxonomy":"category","embeddable":true,"href":"https:\/\/www.aphyllanthe.fr\/association\/wp-json\/wp\/v2\/categories?post=24786"},{"taxonomy":"post_tag","embeddable":true,"href":"https:\/\/www.aphyllanthe.fr\/association\/wp-json\/wp\/v2\/tags?post=24786"}],"curies":[{"name":"wp","href":"https:\/\/api.w.org\/{rel}","templated":true}]}}