{"id":24877,"date":"2025-07-03T09:00:09","date_gmt":"2025-07-03T08:00:09","guid":{"rendered":"https:\/\/www.aphyllanthe.fr\/association\/?p=24877"},"modified":"2025-08-21T10:33:31","modified_gmt":"2025-08-21T09:33:31","slug":"fermeture-de-la-bibliotheque-pour-lete-2","status":"publish","type":"post","link":"https:\/\/www.aphyllanthe.fr\/association\/fermeture-de-la-bibliotheque-pour-lete-2\/","title":{"rendered":"Fermeture de la biblioth\u00e8que pour l&rsquo;\u00e9t\u00e9"},"content":{"rendered":"\n<h5 class=\"wp-block-heading has-text-align-center\">La biblioth\u00e8que ferme pour les cong\u00e9s d&rsquo;\u00e9t\u00e9.<\/h5>\n\n\n\n<h5 class=\"wp-block-heading has-text-align-center has-dark-gray-color has-text-color has-background has-link-color wp-elements-d6d389d737fdd7b184aa65665d30a887\" style=\"background-color:#ecceba\">Dernier jour d&rsquo;ouverture :&nbsp; vendredi 11 juillet.<br \/>R\u00e9ouverture : mercredi 13 ao\u00fbt.<\/h5>\n\n\n\n<p>Le secr\u00e9tariat de l&rsquo;association sera \u00e9galement ferm\u00e9 pendant cette p\u00e9riode.<\/p>\n\n\n\n<p>Cependant, nous restons joignables par mail sur <strong>aphyllanthe@orange.fr<\/strong> (les mails seront relev\u00e9s une \u00e0 deux fois par semaine).<\/p>\n\n\n\n<p>Les messages t\u00e9l\u00e9phoniques sur le r\u00e9pondeur ne seront par contre consult\u00e9s qu&rsquo;\u00e0 la r\u00e9ouverture en ao\u00fbt.<\/p>\n\n\n\n<p><strong>Rappel des horaires d&rsquo;ouverture<\/strong><br \/>Mercredi 9h-12h et 14h-18h<br \/>Jeudi et vendredi : 9h-12h15<\/p>\n\n\n\n<h5 class=\"wp-block-heading has-text-align-center has-dark-gray-color has-text-color has-background has-link-color wp-elements-7e83adea796bd937e64c5ec4053ae984\" style=\"background-color:#ecceba\">Nous vous souhaitons un bel \u00e9t\u00e9 <br \/>et vous donnons rendez-vous \u00e0 la rentr\u00e9e.<\/h5>\n","protected":false},"excerpt":{"rendered":"<p>La biblioth\u00e8que ferme pour les cong\u00e9s d&rsquo;\u00e9t\u00e9. Dernier jour d&rsquo;ouverture :&nbsp; vendredi 11 juillet.R\u00e9ouverture : mercredi 13 ao\u00fbt. Le secr\u00e9tariat de l&rsquo;association sera \u00e9galement ferm\u00e9 pendant cette p\u00e9riode. Cependant, nous restons joignables par mail sur aphyllanthe@orange.fr (les mails seront relev\u00e9s une \u00e0 deux fois par semaine). Les messages t\u00e9l\u00e9phoniques sur le r\u00e9pondeur ne seront par &hellip; <a href=\"https:\/\/www.aphyllanthe.fr\/association\/fermeture-de-la-bibliotheque-pour-lete-2\/\" class=\"more-link\">Continuer la lecture de <span class=\"screen-reader-text\">Fermeture de la biblioth\u00e8que pour l&rsquo;\u00e9t\u00e9<\/span>  <span class=\"meta-nav\">&rarr;<\/span><\/a><\/p>\n","protected":false},"author":10,"featured_media":24879,"comment_status":"closed","ping_status":"closed","sticky":false,"template":"","format":"standard","meta":{"footnotes":""},"categories":[4,2],"tags":[],"class_list":["post-24877","post","type-post","status-publish","format-standard","has-post-thumbnail","hentry","category-annonce","category-chronique-bibliotheque"],"_links":{"self":[{"href":"https:\/\/www.aphyllanthe.fr\/association\/wp-json\/wp\/v2\/posts\/24877","targetHints":{"allow":["GET"]}}],"collection":[{"href":"https:\/\/www.aphyllanthe.fr\/association\/wp-json\/wp\/v2\/posts"}],"about":[{"href":"https:\/\/www.aphyllanthe.fr\/association\/wp-json\/wp\/v2\/types\/post"}],"author":[{"embeddable":true,"href":"https:\/\/www.aphyllanthe.fr\/association\/wp-json\/wp\/v2\/users\/10"}],"replies":[{"embeddable":true,"href":"https:\/\/www.aphyllanthe.fr\/association\/wp-json\/wp\/v2\/comments?post=24877"}],"version-history":[{"count":4,"href":"https:\/\/www.aphyllanthe.fr\/association\/wp-json\/wp\/v2\/posts\/24877\/revisions"}],"predecessor-version":[{"id":24926,"href":"https:\/\/www.aphyllanthe.fr\/association\/wp-json\/wp\/v2\/posts\/24877\/revisions\/24926"}],"wp:featuredmedia":[{"embeddable":true,"href":"https:\/\/www.aphyllanthe.fr\/association\/wp-json\/wp\/v2\/media\/24879"}],"wp:attachment":[{"href":"https:\/\/www.aphyllanthe.fr\/association\/wp-json\/wp\/v2\/media?parent=24877"}],"wp:term":[{"taxonomy":"category","embeddable":true,"href":"https:\/\/www.aphyllanthe.fr\/association\/wp-json\/wp\/v2\/categories?post=24877"},{"taxonomy":"post_tag","embeddable":true,"href":"https:\/\/www.aphyllanthe.fr\/association\/wp-json\/wp\/v2\/tags?post=24877"}],"curies":[{"name":"wp","href":"https:\/\/api.w.org\/{rel}","templated":true}]}}