{"id":24907,"date":"2025-07-03T13:32:51","date_gmt":"2025-07-03T12:32:51","guid":{"rendered":"https:\/\/www.aphyllanthe.fr\/association\/?p=24907"},"modified":"2025-08-21T10:33:53","modified_gmt":"2025-08-21T09:33:53","slug":"reportage-sur-latelier-fuseaux","status":"publish","type":"post","link":"https:\/\/www.aphyllanthe.fr\/association\/reportage-sur-latelier-fuseaux\/","title":{"rendered":"Reportage sur l&rsquo;atelier fuseaux"},"content":{"rendered":"\n<p>Ce mercredi matin, Marie-\u00c9tienne, en b\u00e9n\u00e9vole impliqu\u00e9e, avait r\u00e9uni un petit groupe int\u00e9ress\u00e9 par la r\u00e9alisation de fuseaux de lavande, la mati\u00e8re premi\u00e8re \u00e9tant \u00e0 son optimum.<\/p>\n\n\n\n<p>Elle a rappel\u00e9 le consigne principale : la lavande doit \u00eatre coup\u00e9e du matin afin que les tiges ne cassent pas.<br \/>Ensuite d\u00e9monstration et confection : attention au nombre de brins, impair pour un seul ruban ou pair s&rsquo;il y en a deux. Le coup de main se prend relativement vite et le r\u00e9sultat est beau, m\u00eame dans le cas d&rsquo;une premi\u00e8re fois.<\/p>\n\n\n\n<figure class=\"wp-block-gallery aligncenter has-nested-images columns-default is-cropped wp-block-gallery-2 is-layout-flex wp-block-gallery-is-layout-flex\">\n<figure class=\"wp-block-image size-large is-style-default\"><a href=\"https:\/\/www.aphyllanthe.fr\/association\/wp-content\/uploads\/2025\/07\/20250702_094809-scaled.webp\"><img loading=\"lazy\" decoding=\"async\" width=\"893\" height=\"1024\" data-id=\"24915\" src=\"https:\/\/www.aphyllanthe.fr\/association\/wp-content\/uploads\/2025\/07\/20250702_094809-893x1024.webp\" alt=\"\" class=\"wp-image-24915\" srcset=\"https:\/\/www.aphyllanthe.fr\/association\/wp-content\/uploads\/2025\/07\/20250702_094809-893x1024.webp 893w, https:\/\/www.aphyllanthe.fr\/association\/wp-content\/uploads\/2025\/07\/20250702_094809-262x300.webp 262w, https:\/\/www.aphyllanthe.fr\/association\/wp-content\/uploads\/2025\/07\/20250702_094809-768x881.webp 768w, https:\/\/www.aphyllanthe.fr\/association\/wp-content\/uploads\/2025\/07\/20250702_094809-1339x1536.webp 1339w, https:\/\/www.aphyllanthe.fr\/association\/wp-content\/uploads\/2025\/07\/20250702_094809-1785x2048.webp 1785w, https:\/\/www.aphyllanthe.fr\/association\/wp-content\/uploads\/2025\/07\/20250702_094809-1320x1514.webp 1320w\" sizes=\"auto, (max-width: 893px) 100vw, 893px\" \/><\/a><figcaption class=\"wp-element-caption\">Quelques exemples \u00e0 suivre<\/figcaption><\/figure>\n\n\n\n<figure class=\"wp-block-image size-large\"><a href=\"https:\/\/www.aphyllanthe.fr\/association\/wp-content\/uploads\/2025\/07\/20250702_104827-1-scaled.webp\"><img loading=\"lazy\" decoding=\"async\" width=\"895\" height=\"1024\" data-id=\"24911\" src=\"https:\/\/www.aphyllanthe.fr\/association\/wp-content\/uploads\/2025\/07\/20250702_104827-1-895x1024.webp\" alt=\"\" class=\"wp-image-24911\" srcset=\"https:\/\/www.aphyllanthe.fr\/association\/wp-content\/uploads\/2025\/07\/20250702_104827-1-895x1024.webp 895w, https:\/\/www.aphyllanthe.fr\/association\/wp-content\/uploads\/2025\/07\/20250702_104827-1-262x300.webp 262w, https:\/\/www.aphyllanthe.fr\/association\/wp-content\/uploads\/2025\/07\/20250702_104827-1-768x878.webp 768w, https:\/\/www.aphyllanthe.fr\/association\/wp-content\/uploads\/2025\/07\/20250702_104827-1-1343x1536.webp 1343w, https:\/\/www.aphyllanthe.fr\/association\/wp-content\/uploads\/2025\/07\/20250702_104827-1-1791x2048.webp 1791w, https:\/\/www.aphyllanthe.fr\/association\/wp-content\/uploads\/2025\/07\/20250702_104827-1-1320x1510.webp 1320w\" sizes=\"auto, (max-width: 895px) 100vw, 895px\" \/><\/a><figcaption class=\"wp-element-caption\">Fuseau en cours de r\u00e9alisation<\/figcaption><\/figure>\n<\/figure>\n\n\n\n<p>L&rsquo;atelier s&rsquo;est d\u00e9roul\u00e9 dans une tr\u00e8s bonne ambiance : la biblioth\u00e8que a r\u00e9sonn\u00e9 du rire des participantes et a conserv\u00e9 une tr\u00e8s agr\u00e9able odeur fra\u00eeche apr\u00e8s leur d\u00e9part.<\/p>\n\n\n<div class=\"wp-block-image\">\n<figure class=\"aligncenter size-large\"><a href=\"https:\/\/www.aphyllanthe.fr\/association\/wp-content\/uploads\/2025\/07\/20250702_104812.-1JPG-scaled.webp\"><img loading=\"lazy\" decoding=\"async\" width=\"1024\" height=\"509\" src=\"https:\/\/www.aphyllanthe.fr\/association\/wp-content\/uploads\/2025\/07\/20250702_104812.-1JPG-1024x509.webp\" alt=\"\" class=\"wp-image-24909\" srcset=\"https:\/\/www.aphyllanthe.fr\/association\/wp-content\/uploads\/2025\/07\/20250702_104812.-1JPG-1024x509.webp 1024w, https:\/\/www.aphyllanthe.fr\/association\/wp-content\/uploads\/2025\/07\/20250702_104812.-1JPG-300x149.webp 300w, https:\/\/www.aphyllanthe.fr\/association\/wp-content\/uploads\/2025\/07\/20250702_104812.-1JPG-768x381.webp 768w, https:\/\/www.aphyllanthe.fr\/association\/wp-content\/uploads\/2025\/07\/20250702_104812.-1JPG-1536x763.webp 1536w, https:\/\/www.aphyllanthe.fr\/association\/wp-content\/uploads\/2025\/07\/20250702_104812.-1JPG-2048x1017.webp 2048w, https:\/\/www.aphyllanthe.fr\/association\/wp-content\/uploads\/2025\/07\/20250702_104812.-1JPG-1320x656.webp 1320w\" sizes=\"auto, (max-width: 1024px) 100vw, 1024px\" \/><\/a><\/figure>\n<\/div>","protected":false},"excerpt":{"rendered":"<p>Ce mercredi matin, Marie-\u00c9tienne, en b\u00e9n\u00e9vole impliqu\u00e9e, avait r\u00e9uni un petit groupe int\u00e9ress\u00e9 par la r\u00e9alisation de fuseaux de lavande, la mati\u00e8re premi\u00e8re \u00e9tant \u00e0 son optimum. Elle a rappel\u00e9 le consigne principale : la lavande doit \u00eatre coup\u00e9e du matin afin que les tiges ne cassent pas.Ensuite d\u00e9monstration et confection : attention au nombre &hellip; <a href=\"https:\/\/www.aphyllanthe.fr\/association\/reportage-sur-latelier-fuseaux\/\" class=\"more-link\">Continuer la lecture de <span class=\"screen-reader-text\">Reportage sur l&rsquo;atelier fuseaux<\/span>  <span class=\"meta-nav\">&rarr;<\/span><\/a><\/p>\n","protected":false},"author":10,"featured_media":24913,"comment_status":"closed","ping_status":"closed","sticky":false,"template":"","format":"standard","meta":{"footnotes":""},"categories":[4,118,3,100],"tags":[],"class_list":["post-24907","post","type-post","status-publish","format-standard","has-post-thumbnail","hentry","category-annonce","category-partage-de-savoirs","category-reportage","category-travaux-manuels"],"_links":{"self":[{"href":"https:\/\/www.aphyllanthe.fr\/association\/wp-json\/wp\/v2\/posts\/24907","targetHints":{"allow":["GET"]}}],"collection":[{"href":"https:\/\/www.aphyllanthe.fr\/association\/wp-json\/wp\/v2\/posts"}],"about":[{"href":"https:\/\/www.aphyllanthe.fr\/association\/wp-json\/wp\/v2\/types\/post"}],"author":[{"embeddable":true,"href":"https:\/\/www.aphyllanthe.fr\/association\/wp-json\/wp\/v2\/users\/10"}],"replies":[{"embeddable":true,"href":"https:\/\/www.aphyllanthe.fr\/association\/wp-json\/wp\/v2\/comments?post=24907"}],"version-history":[{"count":10,"href":"https:\/\/www.aphyllanthe.fr\/association\/wp-json\/wp\/v2\/posts\/24907\/revisions"}],"predecessor-version":[{"id":24923,"href":"https:\/\/www.aphyllanthe.fr\/association\/wp-json\/wp\/v2\/posts\/24907\/revisions\/24923"}],"wp:featuredmedia":[{"embeddable":true,"href":"https:\/\/www.aphyllanthe.fr\/association\/wp-json\/wp\/v2\/media\/24913"}],"wp:attachment":[{"href":"https:\/\/www.aphyllanthe.fr\/association\/wp-json\/wp\/v2\/media?parent=24907"}],"wp:term":[{"taxonomy":"category","embeddable":true,"href":"https:\/\/www.aphyllanthe.fr\/association\/wp-json\/wp\/v2\/categories?post=24907"},{"taxonomy":"post_tag","embeddable":true,"href":"https:\/\/www.aphyllanthe.fr\/association\/wp-json\/wp\/v2\/tags?post=24907"}],"curies":[{"name":"wp","href":"https:\/\/api.w.org\/{rel}","templated":true}]}}