{"id":25026,"date":"2025-08-22T10:13:29","date_gmt":"2025-08-22T09:13:29","guid":{"rendered":"https:\/\/www.aphyllanthe.fr\/association\/?p=25026"},"modified":"2025-09-29T09:41:29","modified_gmt":"2025-09-29T08:41:29","slug":"balade-familiale-et-pique-nique-les-dolmens-de-la-grande-pallieres-dimanche-21-septembre","status":"publish","type":"post","link":"https:\/\/www.aphyllanthe.fr\/association\/balade-familiale-et-pique-nique-les-dolmens-de-la-grande-pallieres-dimanche-21-septembre\/","title":{"rendered":"Balade familiale et pique-nique : les dolmens de la Grande Palli\u00e8res &#8211; report au 28 sept."},"content":{"rendered":"\n<p class=\"has-text-color has-background has-link-color wp-elements-cad47b7efb3af8d1eb75ad2326ff366b\" style=\"color:#584a48;background-color:#c8dffc\"><strong>Dimanche 28 septembre<\/strong> gr\u00e2ce \u00e0 Gysou, adh\u00e9rente depuis l&rsquo;ann\u00e9e derni\u00e8re, l&rsquo;Association peut vous proposer une balade familiale exceptionnelle aux dolmens de la Grande Palli\u00e8res pr\u00e8s d&rsquo;Anduze, qui se trouvent sur une propri\u00e9t\u00e9 priv\u00e9e.<\/p>\n\n\n\n<h2 class=\"wp-block-heading\">Le programme de la journ\u00e9e<\/h2>\n\n\n\n<ul class=\"wp-block-list\">\n<li class=\"has-dark-gray-color has-text-color has-link-color wp-elements-6e67a807b410a4139847a4249583ae75\">10h : rdv en voiture au parking du supermarch\u00e9 LIDL d&rsquo;Anduze (no 1100 RD 907 \u00e0 la sortie d&rsquo;Anduze vers Saint-Jean-du-Gard et proche de la poterie).<\/li>\n\n\n\n<li>10h10 : d\u00e9part des voitures vers le mas familial de Gysou.<\/li>\n\n\n\n<li>10h30 : d\u00e9part de la marche vers les dolmens. (5 a 6 km sur chemin caillouteux, environ 200 m de d\u00e9nivel\u00e9). Sur le circuit possibilit\u00e9 d&rsquo;aller au point de vue au sommet des &lsquo;Capellans&rsquo;, une colline surplombant la vall\u00e9e du Gardon.<\/li>\n\n\n\n<li>Midi : pique nique<\/li>\n\n\n\n<li>vers 15h00 : retour au mas pour une halte sous le ch\u00e2taignier<\/li>\n<\/ul>\n\n\n\n<figure class=\"wp-block-gallery has-nested-images columns-default is-cropped wp-block-gallery-2 is-layout-flex wp-block-gallery-is-layout-flex\">\n<figure class=\"wp-block-image size-large\"><a href=\"https:\/\/www.aphyllanthe.fr\/association\/wp-content\/uploads\/2025\/08\/pallieres-03.webp\"><img loading=\"lazy\" decoding=\"async\" width=\"768\" height=\"1024\" data-id=\"25035\" src=\"https:\/\/www.aphyllanthe.fr\/association\/wp-content\/uploads\/2025\/08\/pallieres-03-768x1024.webp\" alt=\"\" class=\"wp-image-25035\" srcset=\"https:\/\/www.aphyllanthe.fr\/association\/wp-content\/uploads\/2025\/08\/pallieres-03-768x1024.webp 768w, https:\/\/www.aphyllanthe.fr\/association\/wp-content\/uploads\/2025\/08\/pallieres-03-225x300.webp 225w, https:\/\/www.aphyllanthe.fr\/association\/wp-content\/uploads\/2025\/08\/pallieres-03.webp 1080w\" sizes=\"auto, (max-width: 768px) 100vw, 768px\" \/><\/a><\/figure>\n\n\n\n<figure class=\"wp-block-image size-large\"><a href=\"https:\/\/www.aphyllanthe.fr\/association\/wp-content\/uploads\/2025\/08\/pallieres-02.webp\"><img loading=\"lazy\" decoding=\"async\" width=\"768\" height=\"1024\" data-id=\"25034\" src=\"https:\/\/www.aphyllanthe.fr\/association\/wp-content\/uploads\/2025\/08\/pallieres-02-768x1024.webp\" alt=\"\" class=\"wp-image-25034\" srcset=\"https:\/\/www.aphyllanthe.fr\/association\/wp-content\/uploads\/2025\/08\/pallieres-02-768x1024.webp 768w, https:\/\/www.aphyllanthe.fr\/association\/wp-content\/uploads\/2025\/08\/pallieres-02-225x300.webp 225w, https:\/\/www.aphyllanthe.fr\/association\/wp-content\/uploads\/2025\/08\/pallieres-02.webp 1080w\" sizes=\"auto, (max-width: 768px) 100vw, 768px\" \/><\/a><\/figure>\n<\/figure>\n\n\n\n<h5 class=\"wp-block-heading\">Conditions <\/h5>\n\n\n\n<p class=\"has-dark-gray-color has-text-color has-link-color wp-elements-77cda9a9621c97744c09ed525f2ccaed\">Cette sortie familiale et gratuite est ouverte \u00e0 tous les adh\u00e9rents et familles avec enfants \u00e0 partir de 8 ans. <strong>Pour ces derniers, il faut qu&rsquo;ils aient d\u00e9j\u00e0 une habitude de marcher<\/strong>.<br \/>Pr\u00e9voir un pique-nique, de bonnes chaussures de marche et de l&rsquo;eau.<\/p>\n\n\n\n<h5 class=\"wp-block-heading has-text-align-center has-text-color has-background has-link-color wp-elements-a6a06b9e9e30a855b994daae41873b18\" style=\"color:#584a48;background-color:#c8dffc\">Sortie gratuite sur inscription<br \/>04 66 22 10 20 \/ aphyllanthe@orange.fr<\/h5>\n\n\n\n<p><\/p>\n","protected":false},"excerpt":{"rendered":"<p>Dimanche 28 septembre gr\u00e2ce \u00e0 Gysou, adh\u00e9rente depuis l&rsquo;ann\u00e9e derni\u00e8re, l&rsquo;Association peut vous proposer une balade familiale exceptionnelle aux dolmens de la Grande Palli\u00e8res pr\u00e8s d&rsquo;Anduze, qui se trouvent sur une propri\u00e9t\u00e9 priv\u00e9e. Le programme de la journ\u00e9e Conditions Cette sortie familiale et gratuite est ouverte \u00e0 tous les adh\u00e9rents et familles avec enfants \u00e0 &hellip; <a href=\"https:\/\/www.aphyllanthe.fr\/association\/balade-familiale-et-pique-nique-les-dolmens-de-la-grande-pallieres-dimanche-21-septembre\/\" class=\"more-link\">Continuer la lecture de <span class=\"screen-reader-text\">Balade familiale et pique-nique : les dolmens de la Grande Palli\u00e8res &#8211; report au 28 sept.<\/span>  <span class=\"meta-nav\">&rarr;<\/span><\/a><\/p>\n","protected":false},"author":1,"featured_media":25033,"comment_status":"closed","ping_status":"closed","sticky":false,"template":"","format":"standard","meta":{"footnotes":""},"categories":[4,117,118],"tags":[],"class_list":["post-25026","post","type-post","status-publish","format-standard","has-post-thumbnail","hentry","category-annonce","category-familles-et-enfants","category-partage-de-savoirs"],"_links":{"self":[{"href":"https:\/\/www.aphyllanthe.fr\/association\/wp-json\/wp\/v2\/posts\/25026","targetHints":{"allow":["GET"]}}],"collection":[{"href":"https:\/\/www.aphyllanthe.fr\/association\/wp-json\/wp\/v2\/posts"}],"about":[{"href":"https:\/\/www.aphyllanthe.fr\/association\/wp-json\/wp\/v2\/types\/post"}],"author":[{"embeddable":true,"href":"https:\/\/www.aphyllanthe.fr\/association\/wp-json\/wp\/v2\/users\/1"}],"replies":[{"embeddable":true,"href":"https:\/\/www.aphyllanthe.fr\/association\/wp-json\/wp\/v2\/comments?post=25026"}],"version-history":[{"count":15,"href":"https:\/\/www.aphyllanthe.fr\/association\/wp-json\/wp\/v2\/posts\/25026\/revisions"}],"predecessor-version":[{"id":25216,"href":"https:\/\/www.aphyllanthe.fr\/association\/wp-json\/wp\/v2\/posts\/25026\/revisions\/25216"}],"wp:featuredmedia":[{"embeddable":true,"href":"https:\/\/www.aphyllanthe.fr\/association\/wp-json\/wp\/v2\/media\/25033"}],"wp:attachment":[{"href":"https:\/\/www.aphyllanthe.fr\/association\/wp-json\/wp\/v2\/media?parent=25026"}],"wp:term":[{"taxonomy":"category","embeddable":true,"href":"https:\/\/www.aphyllanthe.fr\/association\/wp-json\/wp\/v2\/categories?post=25026"},{"taxonomy":"post_tag","embeddable":true,"href":"https:\/\/www.aphyllanthe.fr\/association\/wp-json\/wp\/v2\/tags?post=25026"}],"curies":[{"name":"wp","href":"https:\/\/api.w.org\/{rel}","templated":true}]}}