{"id":2520,"date":"2015-09-17T12:56:25","date_gmt":"2015-09-17T11:56:25","guid":{"rendered":"http:\/\/www.aphyllanthe.fr\/association\/?p=2520"},"modified":"2015-09-18T13:27:06","modified_gmt":"2015-09-18T12:27:06","slug":"sortie-aux-salins-d-aigues-mortes","status":"publish","type":"post","link":"https:\/\/www.aphyllanthe.fr\/association\/sortie-aux-salins-d-aigues-mortes\/","title":{"rendered":"Sortie aux Salins d&rsquo;Aigues Mortes"},"content":{"rendered":"<figure id=\"attachment_2524\" aria-describedby=\"caption-attachment-2524\" style=\"width: 474px\" class=\"wp-caption aligncenter\"><a href=\"http:\/\/www.aphyllanthe.fr\/association\/wp-content\/uploads\/2015\/09\/petit-train.jpg\"><img loading=\"lazy\" decoding=\"async\" class=\"size-large wp-image-2524\" src=\"http:\/\/www.aphyllanthe.fr\/association\/wp-content\/uploads\/2015\/09\/petit-train-1024x194.jpg\" alt=\"petit train des salins d'Aigues Mortes\" width=\"474\" height=\"90\" srcset=\"https:\/\/www.aphyllanthe.fr\/association\/wp-content\/uploads\/2015\/09\/petit-train-1024x194.jpg 1024w, https:\/\/www.aphyllanthe.fr\/association\/wp-content\/uploads\/2015\/09\/petit-train-300x57.jpg 300w, https:\/\/www.aphyllanthe.fr\/association\/wp-content\/uploads\/2015\/09\/petit-train-600x114.jpg 600w, https:\/\/www.aphyllanthe.fr\/association\/wp-content\/uploads\/2015\/09\/petit-train.jpg 1653w\" sizes=\"auto, (max-width: 474px) 100vw, 474px\" \/><\/a><figcaption id=\"caption-attachment-2524\" class=\"wp-caption-text\">petit train des salins d&rsquo;Aigues Mortes<\/figcaption><\/figure>\n<p>Pour la premi\u00e8re sortie du programme culture et patrimoine de la rentr\u00e9e 2015, l&rsquo;Association propose, le dimanche 27 septembre, une visite aux Salins d&rsquo;Aigues Mortes et un tour guid\u00e9 des remparts de la Cit\u00e9.<br \/>\n<!--more--><br \/>\n<figure id=\"attachment_2523\" aria-describedby=\"caption-attachment-2523\" style=\"width: 450px\" class=\"wp-caption aligncenter\"><a href=\"http:\/\/www.aphyllanthe.fr\/association\/wp-content\/uploads\/2015\/09\/salins.jpg\"><img loading=\"lazy\" decoding=\"async\" class=\"size-full wp-image-2523\" src=\"http:\/\/www.aphyllanthe.fr\/association\/wp-content\/uploads\/2015\/09\/salins.jpg\" alt=\"salins d'Aigues Mortes\" width=\"450\" height=\"300\" srcset=\"https:\/\/www.aphyllanthe.fr\/association\/wp-content\/uploads\/2015\/09\/salins.jpg 900w, https:\/\/www.aphyllanthe.fr\/association\/wp-content\/uploads\/2015\/09\/salins-300x200.jpg 300w, https:\/\/www.aphyllanthe.fr\/association\/wp-content\/uploads\/2015\/09\/salins-600x400.jpg 600w\" sizes=\"auto, (max-width: 450px) 100vw, 450px\" \/><\/a><figcaption id=\"caption-attachment-2523\" class=\"wp-caption-text\">salins d&rsquo;Aigues Mortes<\/figcaption><\/figure><\/p>\n<p><strong>Date :<\/strong><br \/>\n&#8211; Dimanche 27 septembre, \u00e0 Aigues-Mortes :<\/p>\n<p><strong>Heure : <\/strong><br \/>\n&#8211; 11h15, visite d&rsquo;1 heure 30 en petit train des Salins d&rsquo;Aigues-Mortes, puis&#8230;<br \/>\n&#8211; 14h45, visite comment\u00e9e de 2 heures des Remparts et de la Tour Constance.<br \/>\n<figure id=\"attachment_2527\" aria-describedby=\"caption-attachment-2527\" style=\"width: 300px\" class=\"wp-caption alignright\"><a href=\"http:\/\/www.aphyllanthe.fr\/association\/wp-content\/uploads\/2015\/09\/aigues-mortes.jpg\"><img loading=\"lazy\" decoding=\"async\" class=\"size-medium wp-image-2527\" src=\"http:\/\/www.aphyllanthe.fr\/association\/wp-content\/uploads\/2015\/09\/aigues-mortes-300x260.jpg\" alt=\"les remparts : Aigues-Mortes\" width=\"300\" height=\"260\" srcset=\"https:\/\/www.aphyllanthe.fr\/association\/wp-content\/uploads\/2015\/09\/aigues-mortes-300x260.jpg 300w, https:\/\/www.aphyllanthe.fr\/association\/wp-content\/uploads\/2015\/09\/aigues-mortes-600x519.jpg 600w, https:\/\/www.aphyllanthe.fr\/association\/wp-content\/uploads\/2015\/09\/aigues-mortes.jpg 699w\" sizes=\"auto, (max-width: 300px) 100vw, 300px\" \/><\/a><figcaption id=\"caption-attachment-2527\" class=\"wp-caption-text\">les remparts : Aigues-Mortes<\/figcaption><\/figure><\/p>\n<p><strong>Tarif adultes :<\/strong><br \/>\n&#8211; adh\u00e9rent 4 \u20ac<br \/>\n&#8211; non-adh\u00e9rent 13,60 \u20ac<\/p>\n<p><strong>Tarif enfants :<\/strong><br \/>\n&#8211; adh\u00e9rent 1 \u20ac<br \/>\n&#8211; non-adh\u00e9rent 6 \u20ac<\/p>\n<p><strong>Possibilit\u00e9 de covoiturage :<\/strong> contacter l&rsquo;Association<\/p>\n<div style=\"clear:both;\"><\/div>\n<p><em><strong>Attention<\/strong> : compte tenu du peu de temps entre la fin le la visite en petit train et le d\u00e9but de la visite des remparts, l&rsquo;Association n&rsquo;organise pas de r\u00e9servation de groupe au restaurant. Les participants sont invit\u00e9s \u00e0 apporter leur pique-nique ou \u00e0 choisir un restaurant \u00e0 Aigues-Mortes pouvant servir un repas dans les d\u00e9lais assez courts. <\/em><\/p>\n","protected":false},"excerpt":{"rendered":"<p>Pour la premi\u00e8re sortie du programme culture et patrimoine de la rentr\u00e9e 2015, l&rsquo;Association propose, le dimanche 27 septembre, une visite aux Salins d&rsquo;Aigues Mortes et un tour guid\u00e9 des remparts de la Cit\u00e9.<\/p>\n","protected":false},"author":1,"featured_media":0,"comment_status":"closed","ping_status":"closed","sticky":false,"template":"","format":"standard","meta":{"footnotes":""},"categories":[4],"tags":[],"class_list":["post-2520","post","type-post","status-publish","format-standard","hentry","category-annonce"],"_links":{"self":[{"href":"https:\/\/www.aphyllanthe.fr\/association\/wp-json\/wp\/v2\/posts\/2520","targetHints":{"allow":["GET"]}}],"collection":[{"href":"https:\/\/www.aphyllanthe.fr\/association\/wp-json\/wp\/v2\/posts"}],"about":[{"href":"https:\/\/www.aphyllanthe.fr\/association\/wp-json\/wp\/v2\/types\/post"}],"author":[{"embeddable":true,"href":"https:\/\/www.aphyllanthe.fr\/association\/wp-json\/wp\/v2\/users\/1"}],"replies":[{"embeddable":true,"href":"https:\/\/www.aphyllanthe.fr\/association\/wp-json\/wp\/v2\/comments?post=2520"}],"version-history":[{"count":0,"href":"https:\/\/www.aphyllanthe.fr\/association\/wp-json\/wp\/v2\/posts\/2520\/revisions"}],"wp:attachment":[{"href":"https:\/\/www.aphyllanthe.fr\/association\/wp-json\/wp\/v2\/media?parent=2520"}],"wp:term":[{"taxonomy":"category","embeddable":true,"href":"https:\/\/www.aphyllanthe.fr\/association\/wp-json\/wp\/v2\/categories?post=2520"},{"taxonomy":"post_tag","embeddable":true,"href":"https:\/\/www.aphyllanthe.fr\/association\/wp-json\/wp\/v2\/tags?post=2520"}],"curies":[{"name":"wp","href":"https:\/\/api.w.org\/{rel}","templated":true}]}}