{"id":25361,"date":"2025-10-22T09:51:39","date_gmt":"2025-10-22T08:51:39","guid":{"rendered":"https:\/\/www.aphyllanthe.fr\/association\/?p=25361"},"modified":"2025-11-10T10:16:24","modified_gmt":"2025-11-10T09:16:24","slug":"soiree-opera-a-uzes-avec-la-boheme-8-nov","status":"publish","type":"post","link":"https:\/\/www.aphyllanthe.fr\/association\/soiree-opera-a-uzes-avec-la-boheme-8-nov\/","title":{"rendered":"Soir\u00e9e op\u00e9ra \u00e0 Uz\u00e8s avec La Boh\u00e8me &#8211; 8 nov."},"content":{"rendered":"\n<p class=\"has-text-color has-background has-link-color wp-elements-1a149b498cdfcd990d00bea16406512d\" style=\"color:#000000;background:linear-gradient(135deg,rgb(255,206,236) 0%,rgb(152,150,240) 38%)\"><strong>Samedi 8 novembre  \u00e0 18h55<\/strong>, l&rsquo;Aphyllanthe vous propose d&rsquo;assister \u00e0 l&rsquo;op\u00e9ra <strong>La Boh\u00e8me  <\/strong>de Giacomo Puccini<strong>, <\/strong>retransmis en direct du Metropolitan Opera de New York au Capitole d&rsquo;Uz\u00e8s.<\/p>\n\n\n\n<h5 class=\"wp-block-heading has-dark-gray-color has-text-color has-link-color wp-elements-a49a5a77f6abf9545a04e61bcc4a395c\">Synopsis<\/h5>\n\n\n\n<p>\u00c0 Paris, quatre amis artistes \u2013 un po\u00e8te, un peintre, un musicien et un philosophe \u2013 affrontent le froid et la faim, faisant contre mauvaise fortune bon c\u0153ur. Un jour, la jeune et fr\u00eale Mimi frappe \u00e0 leur porte et retourne le c\u0153ur de Rodolfo. D\u2019abord idyllique, leur romance fougueuse se heurte rapidement aux al\u00e9as de la vie\u2026<\/p>\n\n\n\n<h5 class=\"wp-block-heading\">Distribution<\/h5>\n\n\n\n<p><strong>Mise en sc\u00e8ne<\/strong> : Franco Zeffirelli<br \/><strong>Mimi<\/strong> : Juliana Grigoryan<br \/><strong>Musetta<\/strong> : Heidi Stober<br \/><strong>Rodolfo<\/strong> : Freddie De Tommaso<br \/><strong>Marcello<\/strong> : Lucas Meachem<\/p>\n\n\n\n<p>Op\u00e9ra en quatre actes pr\u00e9sent\u00e9 en italien sous-titr\u00e9 en fran\u00e7ais (2 entractes).<br \/>Dur\u00e9e : 3h30<\/p>\n\n\n\n<h5 class=\"wp-block-heading\">Tarifs : <\/h5>\n\n\n\n<ul class=\"wp-block-list\">\n<li>Adh\u00e9rents  : 11\u20ac \/ -18 ans : offert<\/li>\n\n\n\n<li>Non adh\u00e9rents : 22\u20ac \/ personne<\/li>\n<\/ul>\n\n\n\n<h5 class=\"wp-block-heading has-text-align-center has-text-color has-background has-link-color wp-elements-620c8a4dc707f6a8f35dbb55cadb21a0\" style=\"color:#000000;background:linear-gradient(135deg,rgb(255,206,236) 0%,rgb(152,150,240) 69%)\">Inscriptions et renseignements aupr\u00e8s du secr\u00e9tariat<br \/>aphyllanthe@orange.fr ou t\u00e9l : 04 66 22 10 20<\/h5>\n\n\n\n<p><\/p>\n","protected":false},"excerpt":{"rendered":"<p>Samedi 8 novembre \u00e0 18h55, l&rsquo;Aphyllanthe vous propose d&rsquo;assister \u00e0 l&rsquo;op\u00e9ra La Boh\u00e8me de Giacomo Puccini, retransmis en direct du Metropolitan Opera de New York au Capitole d&rsquo;Uz\u00e8s. Synopsis \u00c0 Paris, quatre amis artistes \u2013 un po\u00e8te, un peintre, un musicien et un philosophe \u2013 affrontent le froid et la faim, faisant contre mauvaise fortune &hellip; <a href=\"https:\/\/www.aphyllanthe.fr\/association\/soiree-opera-a-uzes-avec-la-boheme-8-nov\/\" class=\"more-link\">Continuer la lecture de <span class=\"screen-reader-text\">Soir\u00e9e op\u00e9ra \u00e0 Uz\u00e8s avec La Boh\u00e8me &#8211; 8 nov.<\/span>  <span class=\"meta-nav\">&rarr;<\/span><\/a><\/p>\n","protected":false},"author":10,"featured_media":25363,"comment_status":"closed","ping_status":"closed","sticky":false,"template":"","format":"standard","meta":{"footnotes":""},"categories":[4],"tags":[],"class_list":["post-25361","post","type-post","status-publish","format-standard","has-post-thumbnail","hentry","category-annonce"],"_links":{"self":[{"href":"https:\/\/www.aphyllanthe.fr\/association\/wp-json\/wp\/v2\/posts\/25361","targetHints":{"allow":["GET"]}}],"collection":[{"href":"https:\/\/www.aphyllanthe.fr\/association\/wp-json\/wp\/v2\/posts"}],"about":[{"href":"https:\/\/www.aphyllanthe.fr\/association\/wp-json\/wp\/v2\/types\/post"}],"author":[{"embeddable":true,"href":"https:\/\/www.aphyllanthe.fr\/association\/wp-json\/wp\/v2\/users\/10"}],"replies":[{"embeddable":true,"href":"https:\/\/www.aphyllanthe.fr\/association\/wp-json\/wp\/v2\/comments?post=25361"}],"version-history":[{"count":8,"href":"https:\/\/www.aphyllanthe.fr\/association\/wp-json\/wp\/v2\/posts\/25361\/revisions"}],"predecessor-version":[{"id":25370,"href":"https:\/\/www.aphyllanthe.fr\/association\/wp-json\/wp\/v2\/posts\/25361\/revisions\/25370"}],"wp:featuredmedia":[{"embeddable":true,"href":"https:\/\/www.aphyllanthe.fr\/association\/wp-json\/wp\/v2\/media\/25363"}],"wp:attachment":[{"href":"https:\/\/www.aphyllanthe.fr\/association\/wp-json\/wp\/v2\/media?parent=25361"}],"wp:term":[{"taxonomy":"category","embeddable":true,"href":"https:\/\/www.aphyllanthe.fr\/association\/wp-json\/wp\/v2\/categories?post=25361"},{"taxonomy":"post_tag","embeddable":true,"href":"https:\/\/www.aphyllanthe.fr\/association\/wp-json\/wp\/v2\/tags?post=25361"}],"curies":[{"name":"wp","href":"https:\/\/api.w.org\/{rel}","templated":true}]}}