{"id":25531,"date":"2025-11-27T10:49:57","date_gmt":"2025-11-27T09:49:57","guid":{"rendered":"https:\/\/www.aphyllanthe.fr\/association\/?p=25531"},"modified":"2025-12-08T11:52:57","modified_gmt":"2025-12-08T10:52:57","slug":"visite-au-musee-fabre-13-dec","status":"publish","type":"post","link":"https:\/\/www.aphyllanthe.fr\/association\/visite-au-musee-fabre-13-dec\/","title":{"rendered":"Visite au mus\u00e9e Fabre &#8211; 13 d\u00e9c."},"content":{"rendered":"\n<p class=\"has-white-color has-dark-gray-background-color has-text-color has-background has-link-color wp-elements-c7148fe7cc6b0ebc9ab8dcc4dda2af82\">L\u2019Aphyllanthe vous propose une d\u00e9couverte guid\u00e9e de l\u2019univers du peintre <strong>Pierre Soulages<\/strong> au mus\u00e9e Fabre de Montpellier <strong>samedi 13 d\u00e9cembre 2025 \u00e0 11 h.<\/strong><\/p>\n\n\n\n<p>L&rsquo;exposition \u00ab\u00a0Pierre Soulages. La rencontre\u00a0\u00bb c\u00e9l\u00e8bre les 20 ans de la donation majeure de l&rsquo;artiste et sa femme, avec plus de 120 \u0153uvres expos\u00e9es.<\/p>\n\n\n\n<p>A travers un parcours en six chapitres, non chronologiques, seront mis en \u00e9vidence les diff\u00e9rentes p\u00e9riodes de sa cr\u00e9ation ainsi que le lien profond entre le peintre et le mus\u00e9e Fabre.<\/p>\n\n\n\n<p>Pierre Soulages, (1919 Rodez-2022 N\u00eemes), artiste contemporain est connu et reconnu pour sa recherche autour du noir, qu\u2019il affectionne pour sa gravit\u00e9, son \u00e9vidence, sa radicalit\u00e9, son pouvoir de contraste qui donne une pr\u00e9sence intense aux autres couleurs. Il affirme que le noir a des possibilit\u00e9s insoup\u00e7onn\u00e9es et tout au long de sa vie, il part ainsi \u00e0 leur rencontre. Il d\u00e9veloppera ainsi l\u2019outrenoir avec des grands tableaux couverts d\u2019aplats de noirs qui jouent avec la lumi\u00e8re. Ces tableaux installent, ou plut\u00f4t sculptent la lumi\u00e8re dans l\u2019espace du visiteur.&nbsp;<\/p>\n\n\n\n<p>Dur\u00e9e de la visite : 1h30<\/p>\n\n\n\n<h5 class=\"wp-block-heading\">Tarifs<\/h5>\n\n\n\n<figure class=\"wp-block-table aligncenter\"><table class=\"has-fixed-layout\"><tbody><tr><td class=\"has-text-align-center\" data-align=\"center\"><\/td><td class=\"has-text-align-center\" data-align=\"center\"><strong>Adulte<\/strong>s<\/td><td class=\"has-text-align-center\" data-align=\"center\">-18 ans<\/td><\/tr><tr><td class=\"has-text-align-center\" data-align=\"center\"><strong>Adh\u00e9rent<\/strong><\/td><td class=\"has-text-align-center\" data-align=\"center\">6 \u20ac<\/td><td class=\"has-text-align-center\" data-align=\"center\">offert<\/td><\/tr><tr><td class=\"has-text-align-center\" data-align=\"center\"><strong>Non adh\u00e9rent<\/strong><\/td><td class=\"has-text-align-center\" data-align=\"center\">11 \u20ac<\/td><td class=\"has-text-align-center\" data-align=\"center\">11 \u20ac<\/td><\/tr><\/tbody><\/table><\/figure>\n\n\n\n<p class=\"has-text-align-center has-white-color has-dark-gray-background-color has-text-color has-background\"><strong>Inscription aupr\u00e8s du secr\u00e9tariat de l\u2019Aphyllanthe<br \/>aphyllanthe@orange.fr \/ t\u00e9l : 04 66 22 10 20<\/strong><\/p>\n","protected":false},"excerpt":{"rendered":"<p>L\u2019Aphyllanthe vous propose une d\u00e9couverte guid\u00e9e de l\u2019univers du peintre Pierre Soulages au mus\u00e9e Fabre de Montpellier samedi 13 d\u00e9cembre 2025 \u00e0 11 h. L&rsquo;exposition \u00ab\u00a0Pierre Soulages. La rencontre\u00a0\u00bb c\u00e9l\u00e8bre les 20 ans de la donation majeure de l&rsquo;artiste et sa femme, avec plus de 120 \u0153uvres expos\u00e9es. A travers un parcours en six chapitres, &hellip; <a href=\"https:\/\/www.aphyllanthe.fr\/association\/visite-au-musee-fabre-13-dec\/\" class=\"more-link\">Continuer la lecture de <span class=\"screen-reader-text\">Visite au mus\u00e9e Fabre &#8211; 13 d\u00e9c.<\/span>  <span class=\"meta-nav\">&rarr;<\/span><\/a><\/p>\n","protected":false},"author":10,"featured_media":25679,"comment_status":"closed","ping_status":"closed","sticky":false,"template":"","format":"standard","meta":{"footnotes":""},"categories":[4,117,113],"tags":[],"class_list":["post-25531","post","type-post","status-publish","format-standard","has-post-thumbnail","hentry","category-annonce","category-familles-et-enfants","category-sorties-patrimoine"],"_links":{"self":[{"href":"https:\/\/www.aphyllanthe.fr\/association\/wp-json\/wp\/v2\/posts\/25531","targetHints":{"allow":["GET"]}}],"collection":[{"href":"https:\/\/www.aphyllanthe.fr\/association\/wp-json\/wp\/v2\/posts"}],"about":[{"href":"https:\/\/www.aphyllanthe.fr\/association\/wp-json\/wp\/v2\/types\/post"}],"author":[{"embeddable":true,"href":"https:\/\/www.aphyllanthe.fr\/association\/wp-json\/wp\/v2\/users\/10"}],"replies":[{"embeddable":true,"href":"https:\/\/www.aphyllanthe.fr\/association\/wp-json\/wp\/v2\/comments?post=25531"}],"version-history":[{"count":10,"href":"https:\/\/www.aphyllanthe.fr\/association\/wp-json\/wp\/v2\/posts\/25531\/revisions"}],"predecessor-version":[{"id":25629,"href":"https:\/\/www.aphyllanthe.fr\/association\/wp-json\/wp\/v2\/posts\/25531\/revisions\/25629"}],"wp:featuredmedia":[{"embeddable":true,"href":"https:\/\/www.aphyllanthe.fr\/association\/wp-json\/wp\/v2\/media\/25679"}],"wp:attachment":[{"href":"https:\/\/www.aphyllanthe.fr\/association\/wp-json\/wp\/v2\/media?parent=25531"}],"wp:term":[{"taxonomy":"category","embeddable":true,"href":"https:\/\/www.aphyllanthe.fr\/association\/wp-json\/wp\/v2\/categories?post=25531"},{"taxonomy":"post_tag","embeddable":true,"href":"https:\/\/www.aphyllanthe.fr\/association\/wp-json\/wp\/v2\/tags?post=25531"}],"curies":[{"name":"wp","href":"https:\/\/api.w.org\/{rel}","templated":true}]}}