{"id":25572,"date":"2025-11-21T11:16:12","date_gmt":"2025-11-21T10:16:12","guid":{"rendered":"https:\/\/www.aphyllanthe.fr\/association\/?p=25572"},"modified":"2025-11-27T15:48:05","modified_gmt":"2025-11-27T14:48:05","slug":"les-bonnets-2025-vont-partir","status":"publish","type":"post","link":"https:\/\/www.aphyllanthe.fr\/association\/les-bonnets-2025-vont-partir\/","title":{"rendered":"Les bonnets 2025 sont partis !"},"content":{"rendered":"\n<p>Le mois de novembre est celui de la collecte des petits bonnets, confectionn\u00e9s par les b\u00e9n\u00e9voles tout au long de l&rsquo;ann\u00e9e dans le cadre de l\u2019op\u00e9ration <em>Petit bonnet, bonne action<\/em> organis\u00e9e par <em>Innocent<\/em> au profit des <em>Petits Fr\u00e8res des Pauvres<\/em>.<br \/>Cette ann\u00e9e, ce sont <strong>820 bonnets<\/strong> qui ont \u00e9t\u00e9 envoy\u00e9s aux <em>Petits Fr\u00e8res des Pauvres<\/em>. <br \/><br \/>Cela fait 11 ans que l&rsquo;Aphyllanthe participe \u00e0 cette action caritative, sous l&rsquo;impulsion d&rsquo;une adh\u00e9rente motiv\u00e9e et motivante.<br \/>Plus d&rsquo;infos sur cette action historique de l&rsquo;association <a href=\"https:\/\/www.aphyllanthe.fr\/association\/petits-bonnets-saison-2021\/\">ici.<\/a><\/p>\n\n\n<div class=\"wp-block-image\">\n<figure data-wp-context=\"{&quot;imageId&quot;:&quot;69f2d554b7710&quot;}\" data-wp-interactive=\"core\/image\" data-wp-key=\"69f2d554b7710\" class=\"aligncenter size-large wp-lightbox-container\"><img loading=\"lazy\" decoding=\"async\" width=\"1024\" height=\"683\" data-wp-class--hide=\"state.isContentHidden\" data-wp-class--show=\"state.isContentVisible\" data-wp-init=\"callbacks.setButtonStyles\" data-wp-on--click=\"actions.showLightbox\" data-wp-on--load=\"callbacks.setButtonStyles\" data-wp-on-window--resize=\"callbacks.setButtonStyles\" src=\"https:\/\/www.aphyllanthe.fr\/association\/wp-content\/uploads\/2025\/11\/DSC00822-bonnets-1024x683.webp\" alt=\"\" class=\"wp-image-25574\" srcset=\"https:\/\/www.aphyllanthe.fr\/association\/wp-content\/uploads\/2025\/11\/DSC00822-bonnets-1024x683.webp 1024w, https:\/\/www.aphyllanthe.fr\/association\/wp-content\/uploads\/2025\/11\/DSC00822-bonnets-300x200.webp 300w, https:\/\/www.aphyllanthe.fr\/association\/wp-content\/uploads\/2025\/11\/DSC00822-bonnets-768x512.webp 768w, https:\/\/www.aphyllanthe.fr\/association\/wp-content\/uploads\/2025\/11\/DSC00822-bonnets.webp 1152w\" sizes=\"auto, (max-width: 1024px) 100vw, 1024px\" \/><button\n\t\t\tclass=\"lightbox-trigger\"\n\t\t\ttype=\"button\"\n\t\t\taria-haspopup=\"dialog\"\n\t\t\taria-label=\"Agrandir\"\n\t\t\tdata-wp-init=\"callbacks.initTriggerButton\"\n\t\t\tdata-wp-on--click=\"actions.showLightbox\"\n\t\t\tdata-wp-style--right=\"state.imageButtonRight\"\n\t\t\tdata-wp-style--top=\"state.imageButtonTop\"\n\t\t>\n\t\t\t<svg xmlns=\"http:\/\/www.w3.org\/2000\/svg\" width=\"12\" height=\"12\" fill=\"none\" viewBox=\"0 0 12 12\">\n\t\t\t\t<path fill=\"#fff\" d=\"M2 0a2 2 0 0 0-2 2v2h1.5V2a.5.5 0 0 1 .5-.5h2V0H2Zm2 10.5H2a.5.5 0 0 1-.5-.5V8H0v2a2 2 0 0 0 2 2h2v-1.5ZM8 12v-1.5h2a.5.5 0 0 0 .5-.5V8H12v2a2 2 0 0 1-2 2H8Zm2-12a2 2 0 0 1 2 2v2h-1.5V2a.5.5 0 0 0-.5-.5H8V0h2Z\" \/>\n\t\t\t<\/svg>\n\t\t<\/button><\/figure>\n<\/div>\n\n\n<h5 class=\"wp-block-heading has-text-align-center has-white-color has-black-background-color has-text-color has-background has-link-color wp-elements-6cedaebbebca330dec6e4776d8d5c7f6\"><em>Innocent<\/em> a remis \u00e0 l&rsquo;Aphyllanthe  un dipl\u00f4me<br \/>reconnaissant le d\u00e9vouement des tricoteuses.<\/h5>\n\n\n<div class=\"wp-block-image\">\n<figure class=\"aligncenter size-large\"><a href=\"https:\/\/www.aphyllanthe.fr\/association\/wp-content\/uploads\/2025\/11\/bonnets-scaled.webp\"><img loading=\"lazy\" decoding=\"async\" width=\"1024\" height=\"813\" src=\"https:\/\/www.aphyllanthe.fr\/association\/wp-content\/uploads\/2025\/11\/bonnets-1024x813.webp\" alt=\"\" class=\"wp-image-25580\" srcset=\"https:\/\/www.aphyllanthe.fr\/association\/wp-content\/uploads\/2025\/11\/bonnets-1024x813.webp 1024w, https:\/\/www.aphyllanthe.fr\/association\/wp-content\/uploads\/2025\/11\/bonnets-300x238.webp 300w, https:\/\/www.aphyllanthe.fr\/association\/wp-content\/uploads\/2025\/11\/bonnets-768x610.webp 768w, https:\/\/www.aphyllanthe.fr\/association\/wp-content\/uploads\/2025\/11\/bonnets-1536x1219.webp 1536w, https:\/\/www.aphyllanthe.fr\/association\/wp-content\/uploads\/2025\/11\/bonnets-2048x1626.webp 2048w, https:\/\/www.aphyllanthe.fr\/association\/wp-content\/uploads\/2025\/11\/bonnets-1320x1048.webp 1320w\" sizes=\"auto, (max-width: 1024px) 100vw, 1024px\" \/><\/a><\/figure>\n<\/div>","protected":false},"excerpt":{"rendered":"<p>Le mois de novembre est celui de la collecte des petits bonnets, confectionn\u00e9s par les b\u00e9n\u00e9voles tout au long de l&rsquo;ann\u00e9e dans le cadre de l\u2019op\u00e9ration Petit bonnet, bonne action organis\u00e9e par Innocent au profit des Petits Fr\u00e8res des Pauvres.Cette ann\u00e9e, ce sont 820 bonnets qui ont \u00e9t\u00e9 envoy\u00e9s aux Petits Fr\u00e8res des Pauvres. Cela &hellip; <a href=\"https:\/\/www.aphyllanthe.fr\/association\/les-bonnets-2025-vont-partir\/\" class=\"more-link\">Continuer la lecture de <span class=\"screen-reader-text\">Les bonnets 2025 sont partis !<\/span>  <span class=\"meta-nav\">&rarr;<\/span><\/a><\/p>\n","protected":false},"author":1,"featured_media":25575,"comment_status":"closed","ping_status":"closed","sticky":false,"template":"","format":"standard","meta":{"footnotes":""},"categories":[118,3],"tags":[],"class_list":["post-25572","post","type-post","status-publish","format-standard","has-post-thumbnail","hentry","category-partage-de-savoirs","category-reportage"],"_links":{"self":[{"href":"https:\/\/www.aphyllanthe.fr\/association\/wp-json\/wp\/v2\/posts\/25572","targetHints":{"allow":["GET"]}}],"collection":[{"href":"https:\/\/www.aphyllanthe.fr\/association\/wp-json\/wp\/v2\/posts"}],"about":[{"href":"https:\/\/www.aphyllanthe.fr\/association\/wp-json\/wp\/v2\/types\/post"}],"author":[{"embeddable":true,"href":"https:\/\/www.aphyllanthe.fr\/association\/wp-json\/wp\/v2\/users\/1"}],"replies":[{"embeddable":true,"href":"https:\/\/www.aphyllanthe.fr\/association\/wp-json\/wp\/v2\/comments?post=25572"}],"version-history":[{"count":13,"href":"https:\/\/www.aphyllanthe.fr\/association\/wp-json\/wp\/v2\/posts\/25572\/revisions"}],"predecessor-version":[{"id":25633,"href":"https:\/\/www.aphyllanthe.fr\/association\/wp-json\/wp\/v2\/posts\/25572\/revisions\/25633"}],"wp:featuredmedia":[{"embeddable":true,"href":"https:\/\/www.aphyllanthe.fr\/association\/wp-json\/wp\/v2\/media\/25575"}],"wp:attachment":[{"href":"https:\/\/www.aphyllanthe.fr\/association\/wp-json\/wp\/v2\/media?parent=25572"}],"wp:term":[{"taxonomy":"category","embeddable":true,"href":"https:\/\/www.aphyllanthe.fr\/association\/wp-json\/wp\/v2\/categories?post=25572"},{"taxonomy":"post_tag","embeddable":true,"href":"https:\/\/www.aphyllanthe.fr\/association\/wp-json\/wp\/v2\/tags?post=25572"}],"curies":[{"name":"wp","href":"https:\/\/api.w.org\/{rel}","templated":true}]}}