{"id":25603,"date":"2025-11-27T10:39:03","date_gmt":"2025-11-27T09:39:03","guid":{"rendered":"https:\/\/www.aphyllanthe.fr\/association\/?p=25603"},"modified":"2025-12-19T12:38:27","modified_gmt":"2025-12-19T11:38:27","slug":"spectacle-polar-polar-14-dec","status":"publish","type":"post","link":"https:\/\/www.aphyllanthe.fr\/association\/spectacle-polar-polar-14-dec\/","title":{"rendered":"Spectacle P\u00d8LAR P\u00d8LAR &#8211; 14 d\u00e9c."},"content":{"rendered":"\n<p class=\"has-text-color has-background has-link-color wp-elements-9067eb3a5f159fa460f9134146865891\" style=\"color:#2c598b;background-color:#e4db4d\">L\u2019Aphyllanthe vous propose d&rsquo;aller au spectacle en famille \u00e0 l&rsquo;Ombri\u00e8re d&rsquo;Uz\u00e8s <strong>dimanche 14 d\u00e9cembre 2025 \u00e0 17 h30<\/strong>.<\/p>\n\n\n\n<h5 class=\"wp-block-heading\">Synopsis<\/h5>\n\n\n\n<p><strong>P\u00f8lar P\u00f8lar <\/strong>raconte une enqu\u00eate qui se d\u00e9roule dans un petit patelin o\u00f9 d&rsquo;ordinaire les urgences de la police concernent plut\u00f4t les d\u00e9bouchages d&rsquo;\u00e9viers, les chats coinc\u00e9s en haut des arbres et l&rsquo;habilet\u00e9 \u00e0 tartiner les biscottes sans les casser\u2026<br \/>Le commandant Didier S\u0153ur et le lieutenant Philippe Trenou vont devoir faire face \u00e0 une vague de meurtres inexpliqu\u00e9s et inexplicables.<br \/>Tout cela aurait-il un lien avec l&rsquo;arriv\u00e9e en ville d&rsquo;un Starcube, c\u00e9l\u00e8bre cha\u00eene de caf\u00e9s qui \u00e9crit vos noms avec des fautes sur un gobelet en papier recyclable ? La fermeture du laboratoire Tazer aurait-elle un rapport avec tous ces meurtres ?<br \/>On assiste \u00e0 une succession de sc\u00e8nes loufoques, de rebondissements et de personnages dans un cadre nordique et pittoresque lors de cette enqu\u00eate folle.<\/p>\n\n\n\n<h5 class=\"wp-block-heading\">Les auteurs<\/h5>\n\n\n\n<p>Benjamin Isel et Hadrien Berthaut se sont rencontr\u00e9s au sein d&rsquo;une \u00e9cole de com\u00e9die musicale. Ayant vite compris que le chant n&rsquo;\u00e9tait pas fait pour eux, ils ont cr\u00e9\u00e9 leur premier spectacle <em><strong>Issue de Secours<\/strong><\/em>.<br \/>Apr\u00e8s deux ans d&rsquo;exploitation \u00e0 Paris, quatre festivals d&rsquo;Avignon et un \u00abPtit Moli\u00e8re\u00bb du meilleur spectacle d&rsquo;humour 2018, ils reviennent avec <br \/>une nouvelle cr\u00e9ation, qui reprend les codes chers \u00e0 ces adeptes des Inconnus, des Nuls, des Monty Pythons et de Francis Lalanne : humour d\u00e9cal\u00e9, absurdit\u00e9 et parapente&#8230;<br \/>Dur\u00e9e du spectacle : 1h30<\/p>\n\n\n\n<figure class=\"wp-block-embed is-type-video is-provider-youtube wp-block-embed-youtube wp-embed-aspect-16-9 wp-has-aspect-ratio\"><div class=\"wp-block-embed__wrapper\">\n<iframe loading=\"lazy\" title=\"Bande Annonce P\u00d8LAR P\u00d8LAR - Benjamin &amp; Hadrien\" width=\"474\" height=\"267\" src=\"https:\/\/www.youtube.com\/embed\/PlvJHl_VGwU?feature=oembed\" frameborder=\"0\" allow=\"accelerometer; autoplay; clipboard-write; encrypted-media; gyroscope; picture-in-picture; web-share\" referrerpolicy=\"strict-origin-when-cross-origin\" allowfullscreen><\/iframe>\n<\/div><\/figure>\n\n\n\n<h5 class=\"wp-block-heading\">Tarifs<\/h5>\n\n\n\n<figure class=\"wp-block-table aligncenter\"><table class=\"has-fixed-layout\"><tbody><tr><td class=\"has-text-align-center\" data-align=\"center\"><\/td><td class=\"has-text-align-center\" data-align=\"center\"><strong>Adulte<\/strong>s<\/td><td>-18 ans<\/td><\/tr><tr><td class=\"has-text-align-center\" data-align=\"center\"><strong>Adh\u00e9rent<\/strong><\/td><td class=\"has-text-align-center\" data-align=\"center\">10 \u20ac<\/td><td>offert<\/td><\/tr><tr><td class=\"has-text-align-center\" data-align=\"center\"><strong>Non adh\u00e9rent<\/strong><\/td><td class=\"has-text-align-center\" data-align=\"center\">19 \u20ac<\/td><td>19 \u20ac<\/td><\/tr><\/tbody><\/table><\/figure>\n\n\n\n<p class=\"has-text-align-center has-text-color has-background\" style=\"color:#2c598b;background-color:#e4db4d\"><strong>Inscription aupr\u00e8s du secr\u00e9tariat de l\u2019Aphyllanthe<br \/>aphyllanthe@orange.fr \/ t\u00e9l : 04 66 22 10 20<\/strong><\/p>\n","protected":false},"excerpt":{"rendered":"<p>L\u2019Aphyllanthe vous propose d&rsquo;aller au spectacle en famille \u00e0 l&rsquo;Ombri\u00e8re d&rsquo;Uz\u00e8s dimanche 14 d\u00e9cembre 2025 \u00e0 17 h30. Synopsis P\u00f8lar P\u00f8lar raconte une enqu\u00eate qui se d\u00e9roule dans un petit patelin o\u00f9 d&rsquo;ordinaire les urgences de la police concernent plut\u00f4t les d\u00e9bouchages d&rsquo;\u00e9viers, les chats coinc\u00e9s en haut des arbres et l&rsquo;habilet\u00e9 \u00e0 tartiner les &hellip; <a href=\"https:\/\/www.aphyllanthe.fr\/association\/spectacle-polar-polar-14-dec\/\" class=\"more-link\">Continuer la lecture de <span class=\"screen-reader-text\">Spectacle P\u00d8LAR P\u00d8LAR &#8211; 14 d\u00e9c.<\/span>  <span class=\"meta-nav\">&rarr;<\/span><\/a><\/p>\n","protected":false},"author":10,"featured_media":25605,"comment_status":"closed","ping_status":"closed","sticky":false,"template":"","format":"standard","meta":{"footnotes":""},"categories":[4,117],"tags":[],"class_list":["post-25603","post","type-post","status-publish","format-standard","has-post-thumbnail","hentry","category-annonce","category-familles-et-enfants"],"_links":{"self":[{"href":"https:\/\/www.aphyllanthe.fr\/association\/wp-json\/wp\/v2\/posts\/25603","targetHints":{"allow":["GET"]}}],"collection":[{"href":"https:\/\/www.aphyllanthe.fr\/association\/wp-json\/wp\/v2\/posts"}],"about":[{"href":"https:\/\/www.aphyllanthe.fr\/association\/wp-json\/wp\/v2\/types\/post"}],"author":[{"embeddable":true,"href":"https:\/\/www.aphyllanthe.fr\/association\/wp-json\/wp\/v2\/users\/10"}],"replies":[{"embeddable":true,"href":"https:\/\/www.aphyllanthe.fr\/association\/wp-json\/wp\/v2\/comments?post=25603"}],"version-history":[{"count":16,"href":"https:\/\/www.aphyllanthe.fr\/association\/wp-json\/wp\/v2\/posts\/25603\/revisions"}],"predecessor-version":[{"id":25621,"href":"https:\/\/www.aphyllanthe.fr\/association\/wp-json\/wp\/v2\/posts\/25603\/revisions\/25621"}],"wp:featuredmedia":[{"embeddable":true,"href":"https:\/\/www.aphyllanthe.fr\/association\/wp-json\/wp\/v2\/media\/25605"}],"wp:attachment":[{"href":"https:\/\/www.aphyllanthe.fr\/association\/wp-json\/wp\/v2\/media?parent=25603"}],"wp:term":[{"taxonomy":"category","embeddable":true,"href":"https:\/\/www.aphyllanthe.fr\/association\/wp-json\/wp\/v2\/categories?post=25603"},{"taxonomy":"post_tag","embeddable":true,"href":"https:\/\/www.aphyllanthe.fr\/association\/wp-json\/wp\/v2\/tags?post=25603"}],"curies":[{"name":"wp","href":"https:\/\/api.w.org\/{rel}","templated":true}]}}