{"id":25688,"date":"2026-01-06T09:00:04","date_gmt":"2026-01-06T08:00:04","guid":{"rendered":"https:\/\/www.aphyllanthe.fr\/association\/?p=25688"},"modified":"2026-01-14T15:53:09","modified_gmt":"2026-01-14T14:53:09","slug":"galette-musicale-a-laphyllanthe","status":"publish","type":"post","link":"https:\/\/www.aphyllanthe.fr\/association\/galette-musicale-a-laphyllanthe\/","title":{"rendered":"Galette musicale &#8211; 11 janv."},"content":{"rendered":"\n<div class=\"wp-block-columns is-layout-flex wp-container-core-columns-is-layout-9d6595d7 wp-block-columns-is-layout-flex\">\n<div class=\"wp-block-column is-layout-flow wp-block-column-is-layout-flow\">\n<p class=\"has-text-align-center\"><strong>Dimanche 11 janvier \u00e0 16h<\/strong>,<br \/>l&rsquo;Aphyllanthe invite tous ses adh\u00e9rents \u00e0 partager la galette des rois au foyer d&rsquo;Aigaliers.<\/p>\n\n\n\n<p class=\"has-text-align-center\">Cette ann\u00e9e, les chanteurs du  groupe de barbershop <strong><em>Double B<\/em><\/strong> de Baron nous font l&rsquo;honneur de venir en voisins pour une petite animation musicale.<br \/>Voir leur <a href=\"https:\/\/uzetiens.wixsite.com\/doubleb\" target=\"_blank\" rel=\"noreferrer noopener\">site ici<\/a>.<br \/><\/p>\n<\/div>\n\n\n\n<div class=\"wp-block-column is-layout-flow wp-block-column-is-layout-flow\">\n<figure class=\"wp-block-image size-full\"><a href=\"https:\/\/www.aphyllanthe.fr\/association\/wp-content\/uploads\/2019\/12\/galette-des-rois.jpg\"><img loading=\"lazy\" decoding=\"async\" width=\"298\" height=\"294\" src=\"https:\/\/www.aphyllanthe.fr\/association\/wp-content\/uploads\/2019\/12\/galette-des-rois.jpg\" alt=\"galette-des-rois\" class=\"wp-image-11103\"\/><\/a><figcaption class=\"wp-element-caption\">galette-des-rois<\/figcaption><\/figure>\n<\/div>\n<\/div>\n\n\n<div class=\"wp-block-image\">\n<figure class=\"aligncenter size-full\"><a href=\"https:\/\/www.aphyllanthe.fr\/association\/wp-content\/uploads\/2025\/12\/BB.webp\"><img loading=\"lazy\" decoding=\"async\" width=\"571\" height=\"157\" src=\"https:\/\/www.aphyllanthe.fr\/association\/wp-content\/uploads\/2025\/12\/BB.webp\" alt=\"\" class=\"wp-image-25707\" srcset=\"https:\/\/www.aphyllanthe.fr\/association\/wp-content\/uploads\/2025\/12\/BB.webp 571w, https:\/\/www.aphyllanthe.fr\/association\/wp-content\/uploads\/2025\/12\/BB-300x82.webp 300w\" sizes=\"auto, (max-width: 571px) 100vw, 571px\" \/><\/a><\/figure>\n<\/div>","protected":false},"excerpt":{"rendered":"<p>Dimanche 11 janvier \u00e0 16h,l&rsquo;Aphyllanthe invite tous ses adh\u00e9rents \u00e0 partager la galette des rois au foyer d&rsquo;Aigaliers. Cette ann\u00e9e, les chanteurs du groupe de barbershop Double B de Baron nous font l&rsquo;honneur de venir en voisins pour une petite animation musicale.Voir leur site ici.<\/p>\n","protected":false},"author":10,"featured_media":23084,"comment_status":"closed","ping_status":"closed","sticky":false,"template":"","format":"standard","meta":{"footnotes":""},"categories":[4,117],"tags":[],"class_list":["post-25688","post","type-post","status-publish","format-standard","has-post-thumbnail","hentry","category-annonce","category-familles-et-enfants"],"_links":{"self":[{"href":"https:\/\/www.aphyllanthe.fr\/association\/wp-json\/wp\/v2\/posts\/25688","targetHints":{"allow":["GET"]}}],"collection":[{"href":"https:\/\/www.aphyllanthe.fr\/association\/wp-json\/wp\/v2\/posts"}],"about":[{"href":"https:\/\/www.aphyllanthe.fr\/association\/wp-json\/wp\/v2\/types\/post"}],"author":[{"embeddable":true,"href":"https:\/\/www.aphyllanthe.fr\/association\/wp-json\/wp\/v2\/users\/10"}],"replies":[{"embeddable":true,"href":"https:\/\/www.aphyllanthe.fr\/association\/wp-json\/wp\/v2\/comments?post=25688"}],"version-history":[{"count":9,"href":"https:\/\/www.aphyllanthe.fr\/association\/wp-json\/wp\/v2\/posts\/25688\/revisions"}],"predecessor-version":[{"id":25851,"href":"https:\/\/www.aphyllanthe.fr\/association\/wp-json\/wp\/v2\/posts\/25688\/revisions\/25851"}],"wp:featuredmedia":[{"embeddable":true,"href":"https:\/\/www.aphyllanthe.fr\/association\/wp-json\/wp\/v2\/media\/23084"}],"wp:attachment":[{"href":"https:\/\/www.aphyllanthe.fr\/association\/wp-json\/wp\/v2\/media?parent=25688"}],"wp:term":[{"taxonomy":"category","embeddable":true,"href":"https:\/\/www.aphyllanthe.fr\/association\/wp-json\/wp\/v2\/categories?post=25688"},{"taxonomy":"post_tag","embeddable":true,"href":"https:\/\/www.aphyllanthe.fr\/association\/wp-json\/wp\/v2\/tags?post=25688"}],"curies":[{"name":"wp","href":"https:\/\/api.w.org\/{rel}","templated":true}]}}