{"id":25692,"date":"2025-12-19T12:00:33","date_gmt":"2025-12-19T11:00:33","guid":{"rendered":"https:\/\/www.aphyllanthe.fr\/association\/?p=25692"},"modified":"2026-01-06T10:45:18","modified_gmt":"2026-01-06T09:45:18","slug":"la-fin-de-lannee-a-laphyllanthe","status":"publish","type":"post","link":"https:\/\/www.aphyllanthe.fr\/association\/la-fin-de-lannee-a-laphyllanthe\/","title":{"rendered":"La fin de l&rsquo;ann\u00e9e \u00e0 l&rsquo;Aphyllanthe"},"content":{"rendered":"\n<p class=\"has-text-align-center\">Cette ann\u00e9e, le programme sera tr\u00e8s l\u00e9ger :<br \/>seulement 2 activit\u00e9s sont organis\u00e9es pendant les vacances.<\/p>\n\n\n\n<h6 class=\"wp-block-heading has-text-color has-background has-link-color wp-elements-9f804a23ed99b32ff4b073d64e1a8d31\" style=\"color:#bb3063;background-color:#f5d4e0\"><strong>Mardi <\/strong>30 d\u00e9cembre : journ\u00e9e cin\u00e9ma au Capitole d&rsquo;Uz\u00e8s<\/h6>\n\n\n\n<h5 class=\"wp-block-heading\">14h : Heidi et le lynx des montagnes<\/h5>\n\n\n\n<p>Film d&rsquo;animation de Tobias Schwarz (1h18)<br \/><strong>Synopsis<\/strong> : Heidi vit avec son grand-p\u00e8re dans un chalet \u00e0 la montagne. Mais tout bascule lorsqu&rsquo;elle trouve un b\u00e9b\u00e9 lynx bless\u00e9 et d\u00e9cide de le soigner.<br \/>Le jeune animal a d\u00e9sesp\u00e9r\u00e9ment besoin de retrouver sa famille vers les sommets. \u00c0 l&rsquo;insu de son grand-p\u00e8re, Heidi et Peter d\u00e9cident de sauver leur nouveau compagnon. Les choses se compliquent lorsqu&rsquo;un homme d&rsquo;affaires cupide, Schnaittinger, veut construire une grande scierie en montagne et pose des pi\u00e8ges destin\u00e9s aux lynx.<br \/>Il faut maintenant prot\u00e9ger non seulement le lynx et sa famille, mais aussi le village et la nature qu&rsquo;ils aiment tant !<\/p>\n\n\n\n<figure class=\"wp-block-embed is-type-video is-provider-youtube wp-block-embed-youtube wp-embed-aspect-16-9 wp-has-aspect-ratio\"><div class=\"wp-block-embed__wrapper\">\n<iframe loading=\"lazy\" title=\"Heidi et le Lynx des Montagnes - Bande-annonce\" width=\"474\" height=\"267\" src=\"https:\/\/www.youtube.com\/embed\/vDSeZlbr1ho?feature=oembed\" frameborder=\"0\" allow=\"accelerometer; autoplay; clipboard-write; encrypted-media; gyroscope; picture-in-picture; web-share\" referrerpolicy=\"strict-origin-when-cross-origin\" allowfullscreen><\/iframe>\n<\/div><\/figure>\n\n\n\n<h5 class=\"wp-block-heading\">14h : Mission P\u00e8re No\u00ebl<\/h5>\n\n\n\n<p>Film d&rsquo;animation de Damjan Mitrevski &amp; Ricard Cuss\u00f3 Judson (1h36)<br \/><strong>Synopsis<\/strong> : Timo, un petit elfe, va accomplir son r\u00eave : fabriquer des cadeaux dans l\u2019atelier du P\u00e8re No\u00ebl. C\u2019est un lieu f\u00e9\u00e9rique o\u00f9 travaillait son grand-p\u00e8re et Timo va enfin prendre la rel\u00e8ve. Mais une grande fabrique de cadeaux a remplac\u00e9 le petit atelier et la tradition de No\u00ebl est sur le point de dispara\u00eetre. Timo et son petit renne partent alors pour une grande mission : sauver la magie de No\u00ebl !<\/p>\n\n\n\n<figure class=\"wp-block-embed is-type-video is-provider-youtube wp-block-embed-youtube wp-embed-aspect-16-9 wp-has-aspect-ratio\"><div class=\"wp-block-embed__wrapper\">\n<iframe loading=\"lazy\" title=\"MISSION P\u00c8RE NO\u00cbL | Bande-annonce officielle VF\" width=\"474\" height=\"267\" src=\"https:\/\/www.youtube.com\/embed\/5Px99HBODi0?feature=oembed\" frameborder=\"0\" allow=\"accelerometer; autoplay; clipboard-write; encrypted-media; gyroscope; picture-in-picture; web-share\" referrerpolicy=\"strict-origin-when-cross-origin\" allowfullscreen><\/iframe>\n<\/div><\/figure>\n\n\n\n<h5 class=\"wp-block-heading\">14h : La condition<\/h5>\n\n\n\n<p>Drame de J\u00e9r\u00f4me Bonnell d\u2019apr\u00e8s <em>Amours<\/em> de L\u00e9onor de Recondo (\u00a9 Sabine Wespieser \u00e9diteur, 2015). Dur\u00e9e 1h43<br \/><strong>Synopsis<\/strong> :<br \/>C\u2019est l\u2019histoire de C\u00e9leste, jeune bonne employ\u00e9e chez Victoire et Andr\u00e9, en 1908.<br \/>C\u2019est l\u2019histoire de Victoire, de l\u2019\u00e9pouse mod\u00e8le qu\u2019elle ne sait pas \u00eatre.<br \/>Deux femmes que tout s\u00e9pare mais qui vivent sous le m\u00eame toit, d\u00e9fient les conventions et les non-dits.<\/p>\n\n\n\n<figure class=\"wp-block-embed is-type-video is-provider-youtube wp-block-embed-youtube wp-embed-aspect-16-9 wp-has-aspect-ratio\"><div class=\"wp-block-embed__wrapper\">\n<iframe loading=\"lazy\" title=\"LA CONDITION - Bande-annonce\" width=\"474\" height=\"267\" src=\"https:\/\/www.youtube.com\/embed\/yCBB0l1yDpg?feature=oembed\" frameborder=\"0\" allow=\"accelerometer; autoplay; clipboard-write; encrypted-media; gyroscope; picture-in-picture; web-share\" referrerpolicy=\"strict-origin-when-cross-origin\" allowfullscreen><\/iframe>\n<\/div><\/figure>\n\n\n\n<h5 class=\"wp-block-heading\">16h15 et 20h15  : Avatar : De Feu et de Cendres<\/h5>\n\n\n\n<p>Film de science-fiction de James Cameron (3h17).<br \/><strong>Synopsis<\/strong> : le troisi\u00e8me volet de la saga <em>Avatar<\/em> est r\u00e9solument plus guerrier et a un parfum de fin de chapitre.<br \/>Jake Sully, Neytiri et leur famille ont \u00e9t\u00e9 rejoints par le Peuple de l&rsquo;eau dans la guerre contre les humains. Ce troisi\u00e8me film voit une autre tribu faire son entr\u00e9e, le Peuple des cendres. La bataille contre l&rsquo;envahisseur men\u00e9e par Miles Quaritch continue alors que Jake et Neytiri comptent tout faire pour prot\u00e9ger Pandora.<\/p>\n\n\n\n<figure class=\"wp-block-embed is-type-video is-provider-youtube wp-block-embed-youtube wp-embed-aspect-16-9 wp-has-aspect-ratio\"><div class=\"wp-block-embed__wrapper\">\n<iframe loading=\"lazy\" title=\"Avatar : De Feu et de Cendres - Premi\u00e8re bande-annonce (VF) | 20th Century Studios\" width=\"474\" height=\"267\" src=\"https:\/\/www.youtube.com\/embed\/7XSH2NQ2efI?feature=oembed\" frameborder=\"0\" allow=\"accelerometer; autoplay; clipboard-write; encrypted-media; gyroscope; picture-in-picture; web-share\" referrerpolicy=\"strict-origin-when-cross-origin\" allowfullscreen><\/iframe>\n<\/div><\/figure>\n\n\n\n<h5 class=\"wp-block-heading\">16h15 : L&rsquo;\u00e2me id\u00e9ale<\/h5>\n\n\n\n<p>Com\u00e9die dramatique de Alice Vial (1h45).<br \/><strong>Synopsis<\/strong> : Elsa, 40 ans, c\u00e9libataire, a renonc\u00e9 aux histoires d\u2019amour. Un don un peu sp\u00e9cial la garde \u00e0 distance des autres : elle peut voir et parler aux morts. Pourtant un soir elle rencontre Oscar, un homme dr\u00f4le et charmant, qui lui fait esp\u00e9rer \u00e0 nouveau que tout est possible. Mais au moment o\u00f9 elle commence enfin \u00e0 tomber amoureuse, Elsa r\u00e9alise que leur histoire n\u2019est pas aussi r\u00e9elle que ce qu\u2019elle pensait\u2026<\/p>\n\n\n\n<figure class=\"wp-block-embed is-type-video is-provider-youtube wp-block-embed-youtube wp-embed-aspect-16-9 wp-has-aspect-ratio\"><div class=\"wp-block-embed__wrapper\">\n<iframe loading=\"lazy\" title=\"L&#039;\u00c2ME ID\u00c9ALE - Bande-annonce [Le 17 d\u00e9cembre au cin\u00e9ma]\" width=\"474\" height=\"267\" src=\"https:\/\/www.youtube.com\/embed\/xt053tHkvt4?feature=oembed\" frameborder=\"0\" allow=\"accelerometer; autoplay; clipboard-write; encrypted-media; gyroscope; picture-in-picture; web-share\" referrerpolicy=\"strict-origin-when-cross-origin\" allowfullscreen><\/iframe>\n<\/div><\/figure>\n\n\n\n<h5 class=\"wp-block-heading\">18h30 : vie priv\u00e9e<\/h5>\n\n\n\n<p>Com\u00e9die romantique de Rebecca Zlotowski (1h45).<br \/><strong>Synopsis<\/strong> : Lilian Steiner est une psychiatre reconnue. Quand elle apprend la mort de l\u2019une de ses patientes, elle se persuade qu\u2019il s\u2019agit d\u2019un meurtre. Troubl\u00e9e, elle d\u00e9cide de mener son enqu\u00eate.<br \/>Un film plein de panache et tr\u00e8s rythm\u00e9 qui aborde des sujets forts comme le deuil, l\u2019amour, les relations familiales, la maternit\u00e9, la v\u00e9rit\u00e9, la transmission, l\u2019\u00e9mancipation et la psychanalyse.<\/p>\n\n\n\n<figure class=\"wp-block-embed is-type-video is-provider-youtube wp-block-embed-youtube wp-embed-aspect-16-9 wp-has-aspect-ratio\"><div class=\"wp-block-embed__wrapper\">\n<iframe loading=\"lazy\" title=\"VIE PRIV\u00c9E Bande Annonce (2025) Jodie Foster, Daniel Auteuil\" width=\"474\" height=\"267\" src=\"https:\/\/www.youtube.com\/embed\/XNU9OjgNLWE?feature=oembed\" frameborder=\"0\" allow=\"accelerometer; autoplay; clipboard-write; encrypted-media; gyroscope; picture-in-picture; web-share\" referrerpolicy=\"strict-origin-when-cross-origin\" allowfullscreen><\/iframe>\n<\/div><\/figure>\n\n\n\n<h5 class=\"wp-block-heading has-text-align-center has-dark-gray-color has-text-color has-link-color wp-elements-ed5c3d1223bfd1dbec05851d84cbf2a9\">Tarifs adh\u00e9rents : adultes : 1 \u20ac \/ offert pour les &#8211; 18 ans<br \/>Non adh\u00e9rents : 5 \u20ac<\/h5>\n\n\n\n<p class=\"has-text-align-center has-white-color has-text-color has-background\" style=\"background-color:#cd4c15\"><strong>Contremarques \u00e0 retirer au secr\u00e9tariat<\/strong><br \/><strong>avant 12h vendredi 24 octobre<br \/>aphyllanthe@orange.fr \/ t\u00e9l : 04 66 22 10 20<\/strong><\/p>\n\n\n\n<p class=\"has-text-align-center\"><strong>Programme \u00e0 venir<\/strong>.<br \/>Tarifs : adh. adultes : 1 \u20ac \/ offert pour -18 ans ; non adh\u00e9rents : 5 \u20ac<\/p>\n\n\n\n<h6 class=\"wp-block-heading has-white-color has-text-color has-background has-link-color wp-elements-0fdd1c9f8ced97a76dd25c6803f6f544\" style=\"background:linear-gradient(135deg,rgb(3,108,130) 0%,rgb(40,116,252) 100%)\"><strong>Vendredi 2 janvier<\/strong> : lasergame \u00e0 19h (Uz\u00e8s)<\/h6>\n\n\n\n<p><a href=\"https:\/\/www.aphyllanthe.fr\/association\/wp-admin\/edit.php?post_type=post\"><\/a><\/p>\n\n\n\n<div class=\"wp-block-columns is-layout-flex wp-container-core-columns-is-layout-9d6595d7 wp-block-columns-is-layout-flex\">\n<div class=\"wp-block-column is-layout-flow wp-block-column-is-layout-flow\">\n<p class=\"has-text-align-center\"><strong>Dur\u00e9e totale : environ 1h15<\/strong><\/p>\n\n\n\n<p class=\"has-text-align-center\">(soit 2 parties de 20mn environ<br \/>+ pause de 20mn entre 2 parties).<\/p>\n\n\n\n<p class=\"has-text-align-center\"><strong>Nombre de personnes maxi : 12 <\/strong>Possibilit\u00e9 de jouer en \u00e9quipe (3 \u00e9quipes de 4 personnes par ex).<\/p>\n<\/div>\n\n\n\n<div class=\"wp-block-column is-layout-flow wp-block-column-is-layout-flow\">\n<figure class=\"wp-block-image size-large\"><a href=\"https:\/\/www.aphyllanthe.fr\/association\/wp-content\/uploads\/2015\/09\/laserg-2.jpg\"><img loading=\"lazy\" decoding=\"async\" width=\"1024\" height=\"685\" src=\"https:\/\/www.aphyllanthe.fr\/association\/wp-content\/uploads\/2015\/09\/laserg-2-1024x685.jpg\" alt=\"jeu Laser\" class=\"wp-image-2567\" srcset=\"https:\/\/www.aphyllanthe.fr\/association\/wp-content\/uploads\/2015\/09\/laserg-2.jpg 1024w, https:\/\/www.aphyllanthe.fr\/association\/wp-content\/uploads\/2015\/09\/laserg-2-300x201.jpg 300w, https:\/\/www.aphyllanthe.fr\/association\/wp-content\/uploads\/2015\/09\/laserg-2-600x401.jpg 600w\" sizes=\"auto, (max-width: 1024px) 100vw, 1024px\" \/><\/a><figcaption class=\"wp-element-caption\">jeu Laser<\/figcaption><\/figure>\n<\/div>\n<\/div>\n\n\n\n<p><strong>Attention<\/strong> : pas de limite d\u2019\u00e2ge, mais les participants doivent mesurer 1,20m minimum.<\/p>\n\n\n\n<h5 class=\"wp-block-heading\">Tarifs :<\/h5>\n\n\n\n<figure class=\"wp-block-table aligncenter\"><table><tbody><tr><td class=\"has-text-align-center\" data-align=\"center\"><\/td><td class=\"has-text-align-center\" data-align=\"center\"><strong>Adultes<\/strong><\/td><td class=\"has-text-align-center\" data-align=\"center\"><strong>Enfants<\/strong><\/td><\/tr><tr><td class=\"has-text-align-center\" data-align=\"center\"><strong>Adh\u00e9rents<\/strong><\/td><td class=\"has-text-align-center\" data-align=\"center\">6,50 \u20ac<\/td><td class=\"has-text-align-center\" data-align=\"center\">offert<\/td><\/tr><tr><td class=\"has-text-align-center\" data-align=\"center\"><strong>Non adh\u00e9rents<\/strong><\/td><td class=\"has-text-align-center\" data-align=\"center\">13 \u20ac<\/td><td class=\"has-text-align-center\" data-align=\"center\">13 \u20ac<\/td><\/tr><\/tbody><\/table><figcaption class=\"wp-element-caption\">Tarifs Lasergame<\/figcaption><\/figure>\n\n\n\n<h5 class=\"wp-block-heading has-text-align-center has-text-color has-background has-link-color wp-elements-21519112407121539092df9fef94e6f9\" style=\"color:#bb3063;background-color:#f5d4e0\"><strong>Important !<br \/>En raison de la fermeture de la biblioth\u00e8que<\/strong><br \/><strong>il est imp\u00e9ratif de r\u00e9server vos activit\u00e9s<\/strong><br \/><strong><mark style=\"background-color:rgba(0, 0, 0, 0);color:#1800ad\" class=\"has-inline-color\">avant le 19 d\u00e9cembre<\/mark><\/strong><br \/>aphyllanthe@orange.fr \/ t\u00e9l : 04 66 22 10 20<\/h5>\n","protected":false},"excerpt":{"rendered":"<p>Cette ann\u00e9e, le programme sera tr\u00e8s l\u00e9ger :seulement 2 activit\u00e9s sont organis\u00e9es pendant les vacances. Mardi 30 d\u00e9cembre : journ\u00e9e cin\u00e9ma au Capitole d&rsquo;Uz\u00e8s 14h : Heidi et le lynx des montagnes Film d&rsquo;animation de Tobias Schwarz (1h18)Synopsis : Heidi vit avec son grand-p\u00e8re dans un chalet \u00e0 la montagne. Mais tout bascule lorsqu&rsquo;elle trouve &hellip; <a href=\"https:\/\/www.aphyllanthe.fr\/association\/la-fin-de-lannee-a-laphyllanthe\/\" class=\"more-link\">Continuer la lecture de <span class=\"screen-reader-text\">La fin de l&rsquo;ann\u00e9e \u00e0 l&rsquo;Aphyllanthe<\/span>  <span class=\"meta-nav\">&rarr;<\/span><\/a><\/p>\n","protected":false},"author":10,"featured_media":25704,"comment_status":"closed","ping_status":"closed","sticky":false,"template":"","format":"standard","meta":{"footnotes":""},"categories":[4,117],"tags":[],"class_list":["post-25692","post","type-post","status-publish","format-standard","has-post-thumbnail","hentry","category-annonce","category-familles-et-enfants"],"_links":{"self":[{"href":"https:\/\/www.aphyllanthe.fr\/association\/wp-json\/wp\/v2\/posts\/25692","targetHints":{"allow":["GET"]}}],"collection":[{"href":"https:\/\/www.aphyllanthe.fr\/association\/wp-json\/wp\/v2\/posts"}],"about":[{"href":"https:\/\/www.aphyllanthe.fr\/association\/wp-json\/wp\/v2\/types\/post"}],"author":[{"embeddable":true,"href":"https:\/\/www.aphyllanthe.fr\/association\/wp-json\/wp\/v2\/users\/10"}],"replies":[{"embeddable":true,"href":"https:\/\/www.aphyllanthe.fr\/association\/wp-json\/wp\/v2\/comments?post=25692"}],"version-history":[{"count":16,"href":"https:\/\/www.aphyllanthe.fr\/association\/wp-json\/wp\/v2\/posts\/25692\/revisions"}],"predecessor-version":[{"id":25787,"href":"https:\/\/www.aphyllanthe.fr\/association\/wp-json\/wp\/v2\/posts\/25692\/revisions\/25787"}],"wp:featuredmedia":[{"embeddable":true,"href":"https:\/\/www.aphyllanthe.fr\/association\/wp-json\/wp\/v2\/media\/25704"}],"wp:attachment":[{"href":"https:\/\/www.aphyllanthe.fr\/association\/wp-json\/wp\/v2\/media?parent=25692"}],"wp:term":[{"taxonomy":"category","embeddable":true,"href":"https:\/\/www.aphyllanthe.fr\/association\/wp-json\/wp\/v2\/categories?post=25692"},{"taxonomy":"post_tag","embeddable":true,"href":"https:\/\/www.aphyllanthe.fr\/association\/wp-json\/wp\/v2\/tags?post=25692"}],"curies":[{"name":"wp","href":"https:\/\/api.w.org\/{rel}","templated":true}]}}