{"id":25713,"date":"2025-12-19T11:00:51","date_gmt":"2025-12-19T10:00:51","guid":{"rendered":"https:\/\/www.aphyllanthe.fr\/association\/?p=25713"},"modified":"2026-01-06T10:46:08","modified_gmt":"2026-01-06T09:46:08","slug":"fermeture-de-la-bibliotheque-pour-les-fetes-5","status":"publish","type":"post","link":"https:\/\/www.aphyllanthe.fr\/association\/fermeture-de-la-bibliotheque-pour-les-fetes-5\/","title":{"rendered":"Fermeture de la biblioth\u00e8que pour les f\u00eates"},"content":{"rendered":"\n<h5 class=\"wp-block-heading has-text-align-center has-text-color has-background has-link-color wp-elements-3c644d12e553010bf1c4017bd63f058d\" style=\"color:#e4c681;background-color:#67622a\">La biblioth\u00e8que fermera ses portes<br \/><strong>du 19 d\u00e9cembre 2025 midi au 6 janvier 2026 inclus<\/strong>.<\/h5>\n\n\n\n<h5 class=\"wp-block-heading has-text-align-center\">Faites le  plein d\u2019ouvrages pour les f\u00eates !<\/h5>\n\n\n\n<p class=\"has-text-align-center\">L\u2019association sera \u00e9galement ferm\u00e9e pendant cette p\u00e9riode.<\/p>\n\n\n\n<h5 class=\"wp-block-heading has-text-align-center has-text-color has-background has-link-color wp-elements-16b764e538767bf47d61449aa2f5fe7e\" style=\"color:#67622a;background-color:#caa860\"><strong>Nous vous souhaitons de passer<\/strong><br \/><strong>de tr\u00e8s bonnes f\u00eates de fin d&rsquo;ann\u00e9e.<\/strong><\/h5>\n","protected":false},"excerpt":{"rendered":"<p>La biblioth\u00e8que fermera ses portesdu 19 d\u00e9cembre 2025 midi au 6 janvier 2026 inclus. Faites le plein d\u2019ouvrages pour les f\u00eates ! L\u2019association sera \u00e9galement ferm\u00e9e pendant cette p\u00e9riode. Nous vous souhaitons de passerde tr\u00e8s bonnes f\u00eates de fin d&rsquo;ann\u00e9e.<\/p>\n","protected":false},"author":10,"featured_media":25717,"comment_status":"closed","ping_status":"closed","sticky":false,"template":"","format":"standard","meta":{"footnotes":""},"categories":[4,2],"tags":[],"class_list":["post-25713","post","type-post","status-publish","format-standard","has-post-thumbnail","hentry","category-annonce","category-chronique-bibliotheque"],"_links":{"self":[{"href":"https:\/\/www.aphyllanthe.fr\/association\/wp-json\/wp\/v2\/posts\/25713","targetHints":{"allow":["GET"]}}],"collection":[{"href":"https:\/\/www.aphyllanthe.fr\/association\/wp-json\/wp\/v2\/posts"}],"about":[{"href":"https:\/\/www.aphyllanthe.fr\/association\/wp-json\/wp\/v2\/types\/post"}],"author":[{"embeddable":true,"href":"https:\/\/www.aphyllanthe.fr\/association\/wp-json\/wp\/v2\/users\/10"}],"replies":[{"embeddable":true,"href":"https:\/\/www.aphyllanthe.fr\/association\/wp-json\/wp\/v2\/comments?post=25713"}],"version-history":[{"count":7,"href":"https:\/\/www.aphyllanthe.fr\/association\/wp-json\/wp\/v2\/posts\/25713\/revisions"}],"predecessor-version":[{"id":25726,"href":"https:\/\/www.aphyllanthe.fr\/association\/wp-json\/wp\/v2\/posts\/25713\/revisions\/25726"}],"wp:featuredmedia":[{"embeddable":true,"href":"https:\/\/www.aphyllanthe.fr\/association\/wp-json\/wp\/v2\/media\/25717"}],"wp:attachment":[{"href":"https:\/\/www.aphyllanthe.fr\/association\/wp-json\/wp\/v2\/media?parent=25713"}],"wp:term":[{"taxonomy":"category","embeddable":true,"href":"https:\/\/www.aphyllanthe.fr\/association\/wp-json\/wp\/v2\/categories?post=25713"},{"taxonomy":"post_tag","embeddable":true,"href":"https:\/\/www.aphyllanthe.fr\/association\/wp-json\/wp\/v2\/tags?post=25713"}],"curies":[{"name":"wp","href":"https:\/\/api.w.org\/{rel}","templated":true}]}}