{"id":25840,"date":"2026-01-06T08:45:44","date_gmt":"2026-01-06T07:45:44","guid":{"rendered":"https:\/\/www.aphyllanthe.fr\/association\/?p=25840"},"modified":"2026-01-14T15:56:55","modified_gmt":"2026-01-14T14:56:55","slug":"cine-des-possibles-15-janv","status":"publish","type":"post","link":"https:\/\/www.aphyllanthe.fr\/association\/cine-des-possibles-15-janv\/","title":{"rendered":"Cin\u00e9 des Possibles &#8211; 15 janv. 2026"},"content":{"rendered":"\n<p class=\"has-white-color has-text-color has-background has-link-color wp-elements-0454111d5ac774065c398332de15f4e4\" style=\"background-color:#4d7396\">Le Cin\u00e9 des Possibles et <em>\u00c9chos des Lisi\u00e8res<\/em> programment le film <em><strong>Vivant parmi les vivants<\/strong><\/em> de Sylv\u00e8re Petit <strong>jeudi 15 janvier \u00e0 18h<\/strong> au Cin\u00e9ma le Capitole d&rsquo;Uz\u00e8s.<br \/>Restauration au Caf\u00e9 Capitole par Pollen, pour partager apr\u00e8s le film !<\/p>\n\n\n\n<h6 class=\"wp-block-heading\">Synopsis<\/h6>\n\n\n\n<p>Stipa, une vieille jument sauvage de Przewalski vit ses derniers jours dans les immensit\u00e9s du Causse M\u00e9jean. Sa lign\u00e9e compte moins de deux mille individus dans le monde. Sous la pluie, le vent et le soleil ardent, Baptiste Morizot, un humain philosophe, passe de longs moments \u00e0 ses c\u00f4t\u00e9s. Les chevaux l\u2019aident dans son enqu\u00eate sur nos interd\u00e9pendances entre vivants et sur la longue histoire \u00e9volutive qui nous unit.<br \/>Dans un tout autre environnement, entre les m\u00e9tros, les trains et les autoroutes, de conf\u00e9rences en conf\u00e9rences, la chienne Alba suit son amie humaine, elle aussi philosophe, Vinciane Despret. Ensemble, elles sillonnent l&rsquo;Europe et osent poser de nouvelles questions et proposer d\u2019inverser la perspective anthropocentrique.<br \/>En questionnant les fondations de nos imaginaires, de nos h\u00e9ritages et de nos inconscients, le film bouscule les arch\u00e9types qui r\u00e9gissent indirectement nos actions, nos d\u00e9sirs et nos espoirs.<\/p>\n\n\n\n<figure class=\"wp-block-embed is-type-video is-provider-youtube wp-block-embed-youtube wp-embed-aspect-16-9 wp-has-aspect-ratio\"><div class=\"wp-block-embed__wrapper\">\n<iframe loading=\"lazy\" title=\"Vivant parmi les vivants - Bande annonce (VF)\" width=\"474\" height=\"267\" src=\"https:\/\/www.youtube.com\/embed\/yld_2MOWrs0?feature=oembed\" frameborder=\"0\" allow=\"accelerometer; autoplay; clipboard-write; encrypted-media; gyroscope; picture-in-picture; web-share\" referrerpolicy=\"strict-origin-when-cross-origin\" allowfullscreen><\/iframe>\n<\/div><\/figure>\n\n\n\n<h6 class=\"wp-block-heading\">L&rsquo;association <em>\u00c9chos des Lisi\u00e8res<\/em><\/h6>\n\n\n\n<p>L&rsquo;association invite \u00e0 s&rsquo;aventurer dans la beaut\u00e9 et la diversit\u00e9 du monde vivant pour mieux le d\u00e9fendre. Elle \u0153uvre pour le d\u00e9veloppement d&rsquo;escapades nature, d\u2019ateliers p\u00e9dagogiques, culturels, cr\u00e9atifs, de recherche et de formation en lien avec le vivant, l\u2019\u00e9galit\u00e9 entre les \u00eatres vivants et les patrimoines immat\u00e9riels ; pour la transition citoyenne, \u00e9cologique et soci\u00e9tale en lien avec son territoire.<br \/>Elle s&rsquo;adresse \u00e0 tous les publics.<\/p>\n\n\n\n<h5 class=\"wp-block-heading\">Tarifs<\/h5>\n\n\n\n<figure class=\"wp-block-table aligncenter\"><table class=\"has-fixed-layout\"><tbody><tr><td><\/td><td class=\"has-text-align-center\" data-align=\"center\"><strong>Adultes<\/strong><\/td><td class=\"has-text-align-center\" data-align=\"center\">\u2013<strong>18 ans<\/strong><\/td><\/tr><tr><td><strong>Adh\u00e9rents<\/strong><\/td><td class=\"has-text-align-center\" data-align=\"center\">3 \u20ac<\/td><td class=\"has-text-align-center\" data-align=\"center\">offert<\/td><\/tr><tr><td><strong>Non adh\u00e9rents<\/strong><\/td><td class=\"has-text-align-center\" data-align=\"center\">5 \u20ac<\/td><td class=\"has-text-align-center\" data-align=\"center\">5 \u20ac<\/td><\/tr><\/tbody><\/table><\/figure>\n\n\n\n<h5 class=\"wp-block-heading has-text-align-center has-white-color has-text-color has-background has-link-color wp-elements-7c1e40d25162794d7972a5f738c164a3\" style=\"background-color:#4d7396\">Inscription aupr\u00e8s du secr\u00e9tariat<br \/>aphyllanthe@orange.fr \/ t\u00e9l : 04 66 22 10 20<br \/>(contremarques \u00e0 r\u00e9cup\u00e9rer avant midi jeudi 15 janv.)<\/h5>\n","protected":false},"excerpt":{"rendered":"<p>Le Cin\u00e9 des Possibles et \u00c9chos des Lisi\u00e8res programment le film Vivant parmi les vivants de Sylv\u00e8re Petit jeudi 15 janvier \u00e0 18h au Cin\u00e9ma le Capitole d&rsquo;Uz\u00e8s.Restauration au Caf\u00e9 Capitole par Pollen, pour partager apr\u00e8s le film ! Synopsis Stipa, une vieille jument sauvage de Przewalski vit ses derniers jours dans les immensit\u00e9s du &hellip; <a href=\"https:\/\/www.aphyllanthe.fr\/association\/cine-des-possibles-15-janv\/\" class=\"more-link\">Continuer la lecture de <span class=\"screen-reader-text\">Cin\u00e9 des Possibles &#8211; 15 janv. 2026<\/span>  <span class=\"meta-nav\">&rarr;<\/span><\/a><\/p>\n","protected":false},"author":10,"featured_media":25848,"comment_status":"closed","ping_status":"closed","sticky":false,"template":"","format":"standard","meta":{"footnotes":""},"categories":[4],"tags":[],"class_list":["post-25840","post","type-post","status-publish","format-standard","has-post-thumbnail","hentry","category-annonce"],"_links":{"self":[{"href":"https:\/\/www.aphyllanthe.fr\/association\/wp-json\/wp\/v2\/posts\/25840","targetHints":{"allow":["GET"]}}],"collection":[{"href":"https:\/\/www.aphyllanthe.fr\/association\/wp-json\/wp\/v2\/posts"}],"about":[{"href":"https:\/\/www.aphyllanthe.fr\/association\/wp-json\/wp\/v2\/types\/post"}],"author":[{"embeddable":true,"href":"https:\/\/www.aphyllanthe.fr\/association\/wp-json\/wp\/v2\/users\/10"}],"replies":[{"embeddable":true,"href":"https:\/\/www.aphyllanthe.fr\/association\/wp-json\/wp\/v2\/comments?post=25840"}],"version-history":[{"count":7,"href":"https:\/\/www.aphyllanthe.fr\/association\/wp-json\/wp\/v2\/posts\/25840\/revisions"}],"predecessor-version":[{"id":25860,"href":"https:\/\/www.aphyllanthe.fr\/association\/wp-json\/wp\/v2\/posts\/25840\/revisions\/25860"}],"wp:featuredmedia":[{"embeddable":true,"href":"https:\/\/www.aphyllanthe.fr\/association\/wp-json\/wp\/v2\/media\/25848"}],"wp:attachment":[{"href":"https:\/\/www.aphyllanthe.fr\/association\/wp-json\/wp\/v2\/media?parent=25840"}],"wp:term":[{"taxonomy":"category","embeddable":true,"href":"https:\/\/www.aphyllanthe.fr\/association\/wp-json\/wp\/v2\/categories?post=25840"},{"taxonomy":"post_tag","embeddable":true,"href":"https:\/\/www.aphyllanthe.fr\/association\/wp-json\/wp\/v2\/tags?post=25840"}],"curies":[{"name":"wp","href":"https:\/\/api.w.org\/{rel}","templated":true}]}}