{"id":25958,"date":"2026-02-04T09:00:39","date_gmt":"2026-02-04T08:00:39","guid":{"rendered":"https:\/\/www.aphyllanthe.fr\/association\/?p=25958"},"modified":"2026-02-18T15:17:48","modified_gmt":"2026-02-18T14:17:48","slug":"cine-des-possibles-12-fevrier","status":"publish","type":"post","link":"https:\/\/www.aphyllanthe.fr\/association\/cine-des-possibles-12-fevrier\/","title":{"rendered":"Cin\u00e9 des possibles &#8211; 12 f\u00e9vrier"},"content":{"rendered":"\n<p class=\"has-white-color has-text-color has-background has-link-color wp-elements-4b21b36554915624911fd7a426905b2c\" style=\"background-color:#691a1c\">Le R\u00e9seau de la coop\u00e9ration et l&rsquo;association CITRE programment le film <em><strong>Soul\u00e8vements<\/strong><\/em> de Thomas Lacoste <strong>jeudi 12 f\u00e9vrier \u00e0 18h<\/strong> au Cin\u00e9ma le Capitole d&rsquo;Uz\u00e8s.<br \/>Restauration au Caf\u00e9 Capitole par Pollen, pour partager apr\u00e8s le film.<\/p>\n\n\n\n<h6 class=\"wp-block-heading\">Synopsis<\/h6>\n\n\n\n<p>C&rsquo;est un portrait choral \u00e0 16 voix, 16 trajectoires singuli\u00e8res, r\u00e9flexif et intime d\u2019un mouvement de r\u00e9sistance interg\u00e9n\u00e9rationnel port\u00e9 par une jeunesse qui vit et qui lutte contre l\u2019accaparement des terres et de l\u2019eau, les ravages industriels, la mont\u00e9e des totalitarismes et fait face \u00e0 la r\u00e9pression politique. Une plong\u00e9e au c\u0153ur des Soul\u00e8vements de la Terre r\u00e9v\u00e9lant la composition in\u00e9dite des forces multiples d\u00e9ploy\u00e9es un peu partout dans le pays qui exp\u00e9rimentent d\u2019autres modes de vie, tissent de nouveaux liens avec le vivant, bouleversant ainsi les d\u00e9coupages \u00e9tablis du politique et du sensible en nous ouvrant au champ de tous les possibles.<\/p>\n\n\n\n<figure class=\"wp-block-embed is-type-video is-provider-youtube wp-block-embed-youtube wp-embed-aspect-16-9 wp-has-aspect-ratio\"><div class=\"wp-block-embed__wrapper\">\n<iframe loading=\"lazy\" title=\"Soul\u00e8vements (2025) - Bande annonce HD\" width=\"474\" height=\"267\" src=\"https:\/\/www.youtube.com\/embed\/CC5sKvkiEVw?start=4&#038;feature=oembed\" frameborder=\"0\" allow=\"accelerometer; autoplay; clipboard-write; encrypted-media; gyroscope; picture-in-picture; web-share\" referrerpolicy=\"strict-origin-when-cross-origin\" allowfullscreen><\/iframe>\n<\/div><\/figure>\n\n\n\n<div class=\"wp-block-columns is-layout-flex wp-container-core-columns-is-layout-9d6595d7 wp-block-columns-is-layout-flex\">\n<div class=\"wp-block-column is-layout-flow wp-block-column-is-layout-flow\">\n<h5 class=\"wp-block-heading has-text-align-center\">Tarifs<\/h5>\n\n\n\n<figure class=\"wp-block-table aligncenter\"><table class=\"has-fixed-layout\"><tbody><tr><td><\/td><td class=\"has-text-align-center\" data-align=\"center\"><strong>Adultes<\/strong><\/td><td class=\"has-text-align-center\" data-align=\"center\">\u2013<strong>18 ans<\/strong><\/td><\/tr><tr><td><strong>Adh\u00e9rents<\/strong><\/td><td class=\"has-text-align-center\" data-align=\"center\">3 \u20ac<\/td><td class=\"has-text-align-center\" data-align=\"center\">offert<\/td><\/tr><tr><td><strong>Non adh\u00e9rents<\/strong><\/td><td class=\"has-text-align-center\" data-align=\"center\">5 \u20ac<\/td><td class=\"has-text-align-center\" data-align=\"center\">5 \u20ac<\/td><\/tr><\/tbody><\/table><\/figure>\n<\/div>\n\n\n\n<div class=\"wp-block-column is-layout-flow wp-block-column-is-layout-flow\">\n<figure class=\"wp-block-image size-full is-resized\"><a href=\"https:\/\/www.aphyllanthe.fr\/association\/wp-content\/uploads\/2026\/01\/soulevements.webp\"><img loading=\"lazy\" decoding=\"async\" width=\"640\" height=\"853\" src=\"https:\/\/www.aphyllanthe.fr\/association\/wp-content\/uploads\/2026\/01\/soulevements.webp\" alt=\"\" class=\"wp-image-25961\" style=\"aspect-ratio:0.7502782042876156;width:182px;height:auto\" srcset=\"https:\/\/www.aphyllanthe.fr\/association\/wp-content\/uploads\/2026\/01\/soulevements.webp 640w, https:\/\/www.aphyllanthe.fr\/association\/wp-content\/uploads\/2026\/01\/soulevements-225x300.webp 225w\" sizes=\"auto, (max-width: 640px) 100vw, 640px\" \/><\/a><\/figure>\n<\/div>\n<\/div>\n\n\n\n<h5 class=\"wp-block-heading has-text-align-center has-white-color has-text-color has-background has-link-color wp-elements-f6f69ee2cf302faa08e56f49738ca77a\" style=\"background-color:#4d7396\">Inscription aupr\u00e8s du secr\u00e9tariat<br \/>aphyllanthe@orange.fr \/ t\u00e9l : 04 66 22 10 20<br \/>(contremarques \u00e0 r\u00e9cup\u00e9rer avant midi jeudi 12 f\u00e9vrier)<\/h5>\n","protected":false},"excerpt":{"rendered":"<p>Le R\u00e9seau de la coop\u00e9ration et l&rsquo;association CITRE programment le film Soul\u00e8vements de Thomas Lacoste jeudi 12 f\u00e9vrier \u00e0 18h au Cin\u00e9ma le Capitole d&rsquo;Uz\u00e8s.Restauration au Caf\u00e9 Capitole par Pollen, pour partager apr\u00e8s le film. Synopsis C&rsquo;est un portrait choral \u00e0 16 voix, 16 trajectoires singuli\u00e8res, r\u00e9flexif et intime d\u2019un mouvement de r\u00e9sistance interg\u00e9n\u00e9rationnel port\u00e9 &hellip; <a href=\"https:\/\/www.aphyllanthe.fr\/association\/cine-des-possibles-12-fevrier\/\" class=\"more-link\">Continuer la lecture de <span class=\"screen-reader-text\">Cin\u00e9 des possibles &#8211; 12 f\u00e9vrier<\/span>  <span class=\"meta-nav\">&rarr;<\/span><\/a><\/p>\n","protected":false},"author":10,"featured_media":25959,"comment_status":"closed","ping_status":"closed","sticky":false,"template":"","format":"standard","meta":{"footnotes":""},"categories":[4],"tags":[],"class_list":["post-25958","post","type-post","status-publish","format-standard","has-post-thumbnail","hentry","category-annonce"],"_links":{"self":[{"href":"https:\/\/www.aphyllanthe.fr\/association\/wp-json\/wp\/v2\/posts\/25958","targetHints":{"allow":["GET"]}}],"collection":[{"href":"https:\/\/www.aphyllanthe.fr\/association\/wp-json\/wp\/v2\/posts"}],"about":[{"href":"https:\/\/www.aphyllanthe.fr\/association\/wp-json\/wp\/v2\/types\/post"}],"author":[{"embeddable":true,"href":"https:\/\/www.aphyllanthe.fr\/association\/wp-json\/wp\/v2\/users\/10"}],"replies":[{"embeddable":true,"href":"https:\/\/www.aphyllanthe.fr\/association\/wp-json\/wp\/v2\/comments?post=25958"}],"version-history":[{"count":4,"href":"https:\/\/www.aphyllanthe.fr\/association\/wp-json\/wp\/v2\/posts\/25958\/revisions"}],"predecessor-version":[{"id":26050,"href":"https:\/\/www.aphyllanthe.fr\/association\/wp-json\/wp\/v2\/posts\/25958\/revisions\/26050"}],"wp:featuredmedia":[{"embeddable":true,"href":"https:\/\/www.aphyllanthe.fr\/association\/wp-json\/wp\/v2\/media\/25959"}],"wp:attachment":[{"href":"https:\/\/www.aphyllanthe.fr\/association\/wp-json\/wp\/v2\/media?parent=25958"}],"wp:term":[{"taxonomy":"category","embeddable":true,"href":"https:\/\/www.aphyllanthe.fr\/association\/wp-json\/wp\/v2\/categories?post=25958"},{"taxonomy":"post_tag","embeddable":true,"href":"https:\/\/www.aphyllanthe.fr\/association\/wp-json\/wp\/v2\/tags?post=25958"}],"curies":[{"name":"wp","href":"https:\/\/api.w.org\/{rel}","templated":true}]}}