{"id":25989,"date":"2026-01-29T14:47:47","date_gmt":"2026-01-29T13:47:47","guid":{"rendered":"https:\/\/www.aphyllanthe.fr\/association\/?p=25989"},"modified":"2026-03-12T12:16:20","modified_gmt":"2026-03-12T11:16:20","slug":"visite-du-parc-floral-les-camelias-de-la-prairie-7-mars","status":"publish","type":"post","link":"https:\/\/www.aphyllanthe.fr\/association\/visite-du-parc-floral-les-camelias-de-la-prairie-7-mars\/","title":{"rendered":"Visite du parc floral Les Cam\u00e9lias de la prairie &#8211; 7 mars"},"content":{"rendered":"\n<p class=\"has-text-align-center has-background\" style=\"background-color:#ebd4ac\">L&rsquo;Aphyllanthe propose une visite guid\u00e9e (environ 1h30)<br \/>du parc floral <strong><em>Les Cam\u00e9lias de la prairie<\/em><\/strong> d&rsquo;Al\u00e8s <br \/><strong>samedi 7 mars \u00e0 14h<\/strong><\/p>\n\n\n\n<p>\u00c9merveillement et f\u00e9erie de fleurs et de feuillages dans ce parc du XIXe si\u00e8cle o\u00f9 plus de 900 essences diverses fleurissent toute l&rsquo;ann\u00e9e, notamment une collection de 280 vari\u00e9t\u00e9s de cam\u00e9lias et de v\u00e9g\u00e9taux rares.<\/p>\n\n\n\n<p>Depuis 2005, le parc continue son \u00e9volution gr\u00e2ce \u00e0 un homme de passion et professionnel reconnu dans le monde de l&rsquo;horticulture et de la p\u00e9pini\u00e8re : Bernard Pical, dit <em>Bernard le Jardinier<\/em>.<\/p>\n\n\n\n<p>Le parc a \u00e9t\u00e9 class\u00e9 en avril 2007, au conservatoire National des Collections V\u00e9g\u00e9tales Sp\u00e9cialis\u00e9es \u00ab\u00a0Collection agr\u00e9\u00e9e\u00a0\u00bb et c&rsquo;est le premier parc fran\u00e7ais \u00e0 avoir \u00e9t\u00e9 labellis\u00e9 Bio Ecocert.<\/p>\n\n\n\n<p>Pique-nique possible avant la visite sur l&rsquo;aire pr\u00e9vue \u00e0 cet effet.<br \/>P\u00e9pini\u00e8re et boutique du terroir sur place.<br \/><strong>Acc\u00e8s <\/strong>: 2396, chemin des Sports, Quartier Prairie Sud, 30100 Al\u00e8s<\/p>\n\n\n\n<h5 class=\"wp-block-heading\">Tarifs<\/h5>\n\n\n\n<figure class=\"wp-block-table aligncenter is-style-regular\"><table><tbody><tr><td class=\"has-text-align-center\" data-align=\"center\"><\/td><td class=\"has-text-align-center\" data-align=\"center\"><strong>-18 ans<\/strong><\/td><td class=\"has-text-align-center\" data-align=\"center\"> <strong>Adultes<\/strong><\/td><\/tr><tr><td class=\"has-text-align-center\" data-align=\"center\">Adh\u00e9rents<\/td><td class=\"has-text-align-center\" data-align=\"center\">gratuit<\/td><td class=\"has-text-align-center\" data-align=\"center\">5 \u20ac<\/td><\/tr><tr><td class=\"has-text-align-center\" data-align=\"center\">Non adh\u00e9rents<\/td><td class=\"has-text-align-center\" data-align=\"center\"><strong>5 \u00e0 12 ans<\/strong><br \/>6,50 \u20ac<\/td><td class=\"has-text-align-center\" data-align=\"center\"><strong>+12 ans<\/strong><br \/>8,50 \u20ac<\/td><\/tr><\/tbody><\/table><figcaption class=\"wp-element-caption\">Gratuit pour les -5 ans<\/figcaption><\/figure>\n\n\n\n<p><strong>Petit plus <\/strong>: possibilit\u00e9 de commander th\u00e9s, caf\u00e9s et viennoiseries pour 5\u20ac ; le signaler \u00e0 l&rsquo;inscription.<\/p>\n","protected":false},"excerpt":{"rendered":"<p>L&rsquo;Aphyllanthe propose une visite guid\u00e9e (environ 1h30)du parc floral Les Cam\u00e9lias de la prairie d&rsquo;Al\u00e8s samedi 7 mars \u00e0 14h \u00c9merveillement et f\u00e9erie de fleurs et de feuillages dans ce parc du XIXe si\u00e8cle o\u00f9 plus de 900 essences diverses fleurissent toute l&rsquo;ann\u00e9e, notamment une collection de 280 vari\u00e9t\u00e9s de cam\u00e9lias et de v\u00e9g\u00e9taux rares. &hellip; <a href=\"https:\/\/www.aphyllanthe.fr\/association\/visite-du-parc-floral-les-camelias-de-la-prairie-7-mars\/\" class=\"more-link\">Continuer la lecture de <span class=\"screen-reader-text\">Visite du parc floral Les Cam\u00e9lias de la prairie &#8211; 7 mars<\/span>  <span class=\"meta-nav\">&rarr;<\/span><\/a><\/p>\n","protected":false},"author":10,"featured_media":25991,"comment_status":"closed","ping_status":"closed","sticky":false,"template":"","format":"standard","meta":{"footnotes":""},"categories":[4,113],"tags":[],"class_list":["post-25989","post","type-post","status-publish","format-standard","has-post-thumbnail","hentry","category-annonce","category-sorties-patrimoine"],"_links":{"self":[{"href":"https:\/\/www.aphyllanthe.fr\/association\/wp-json\/wp\/v2\/posts\/25989","targetHints":{"allow":["GET"]}}],"collection":[{"href":"https:\/\/www.aphyllanthe.fr\/association\/wp-json\/wp\/v2\/posts"}],"about":[{"href":"https:\/\/www.aphyllanthe.fr\/association\/wp-json\/wp\/v2\/types\/post"}],"author":[{"embeddable":true,"href":"https:\/\/www.aphyllanthe.fr\/association\/wp-json\/wp\/v2\/users\/10"}],"replies":[{"embeddable":true,"href":"https:\/\/www.aphyllanthe.fr\/association\/wp-json\/wp\/v2\/comments?post=25989"}],"version-history":[{"count":18,"href":"https:\/\/www.aphyllanthe.fr\/association\/wp-json\/wp\/v2\/posts\/25989\/revisions"}],"predecessor-version":[{"id":26034,"href":"https:\/\/www.aphyllanthe.fr\/association\/wp-json\/wp\/v2\/posts\/25989\/revisions\/26034"}],"wp:featuredmedia":[{"embeddable":true,"href":"https:\/\/www.aphyllanthe.fr\/association\/wp-json\/wp\/v2\/media\/25991"}],"wp:attachment":[{"href":"https:\/\/www.aphyllanthe.fr\/association\/wp-json\/wp\/v2\/media?parent=25989"}],"wp:term":[{"taxonomy":"category","embeddable":true,"href":"https:\/\/www.aphyllanthe.fr\/association\/wp-json\/wp\/v2\/categories?post=25989"},{"taxonomy":"post_tag","embeddable":true,"href":"https:\/\/www.aphyllanthe.fr\/association\/wp-json\/wp\/v2\/tags?post=25989"}],"curies":[{"name":"wp","href":"https:\/\/api.w.org\/{rel}","templated":true}]}}