{"id":26146,"date":"2026-03-24T08:00:54","date_gmt":"2026-03-24T07:00:54","guid":{"rendered":"https:\/\/www.aphyllanthe.fr\/association\/?p=26146"},"modified":"2026-04-02T16:41:26","modified_gmt":"2026-04-02T15:41:26","slug":"assemblee-generale-de-laphyllanthe","status":"publish","type":"post","link":"https:\/\/www.aphyllanthe.fr\/association\/assemblee-generale-de-laphyllanthe\/","title":{"rendered":"Assembl\u00e9e g\u00e9n\u00e9rale de l&rsquo;Aphyllanthe &#8211; 27 mars 2026"},"content":{"rendered":"\n<p class=\"has-white-color has-text-color has-background\" style=\"background-color:#9a5cb0\">Le <strong>27 mars \u00e0 19h<\/strong>, \u00e0 la salle polyvalente d&rsquo;Aigaliers,  l&rsquo;Aphyllanthe pr\u00e9sentera son rapport d&rsquo;activit\u00e9 et son bilan financier de l&rsquo;ann\u00e9e 2025 au foyer d&rsquo;Aigaliers.   <br \/><br \/>Adh\u00e9rents, sympathisants, curieux, n&rsquo;h\u00e9sitez pas \u00e0 venir soutenir ou d\u00e9couvrir l&rsquo;association, amener des projets ou proposer votre temps.<\/p>\n\n\n\n<p>L&rsquo;Assembl\u00e9e G\u00e9n\u00e9rale se cl\u00f4turera par un repas partag\u00e9.<br \/><strong>Merci d&rsquo;apporter un plat sal\u00e9 et d&rsquo;en informer le secr\u00e9tariat et pensez \u00e0 apporter vos assiettes, couverts et serviettes. Comme c&rsquo;est l&rsquo;habitude, l&rsquo;association se chargera des verres et des boissons.<\/strong><\/p>\n\n\n\n<p>T\u00e9l\u00e9charger <strong><a href=\"https:\/\/www.aphyllanthe.fr\/association\/pdf\/documents-ag\/Convocation-AGO-2026-03.pdf\" target=\"_blank\" rel=\"noreferrer noopener\">la convocation et le pouvoir ici.<\/a><\/strong><br \/>T\u00e9l\u00e9charger l&rsquo;invitation <strong><a href=\"https:\/\/www.aphyllanthe.fr\/association\/pdf\/documents-ag\/rapport-moral-ag-2026.pdf\" target=\"_blank\" rel=\"noreferrer noopener\">le rapport moral ici.<\/a><\/strong><br \/>T\u00e9l\u00e9charger l&rsquo;invitation <strong><a href=\"https:\/\/www.aphyllanthe.fr\/association\/pdf\/documents-ag\/bilan-2025-sign.pdf\" data-type=\"link\" data-id=\"https:\/\/www.aphyllanthe.fr\/association\/pdf\/documents-ag\/bilan-2025-sign.pdf\" target=\"_blank\" rel=\"noreferrer noopener\">le rapport financier ici.<\/a><\/strong><\/p>\n\n\n\n<h5 class=\"wp-block-heading has-white-color has-text-color has-background has-link-color wp-elements-46c171266b808b2afd77e950c3e895fe\" style=\"background-color:#9a5cb0\">Nous recherchons des b\u00e9n\u00e9voles &#8230;<\/h5>\n\n\n\n<p>Les champs d&rsquo;actions de l&rsquo;Aphyllanthe sont nombreux et n\u00e9cessitent un r\u00e9el investissement de la part des b\u00e9n\u00e9voles et des membres du Conseil d\u2019Administration, qui participent activement \u00e0 l\u2019\u00e9laboration et au suivi des diff\u00e9rents axes d\u2019action : soutien \u00e0 la parentalit\u00e9, proposition d&rsquo;animations ponctuelles en famille, scolarit\u00e9 et lien avec les \u00e9coles, liens et projets avec les associations alentours, tenue et animation de la biblioth\u00e8que.<\/p>\n\n\n\n<h5 class=\"wp-block-heading has-white-color has-text-color has-background has-link-color wp-elements-f8e00e12d1975f77c9a0233ce2db73b9\" style=\"background-color:#9a5cb0\">&#8230; mais pas que :<\/h5>\n\n\n\n<ul class=\"wp-block-list\">\n<li>pr\u00e9paration de dossiers de subvention (CLAS, REAAP, etc.),<\/li>\n\n\n\n<li>assistance informatique (entretien du mat\u00e9riel, d\u00e9pannage, etc.),<\/li>\n\n\n\n<li>communication et animation du site web,<\/li>\n\n\n\n<li>biblioth\u00e8que : permanences, rangement, choix d&rsquo;ouvrages, d\u00e9sherbage, etc..,<\/li>\n\n\n\n<li>supervision des animations, reportages \u00e9crits et\/ou photo,<\/li>\n\n\n\n<li>aide ponctuelle lors d&rsquo;\u00e9v\u00e9nements ou moments-clefs de l&rsquo;association,<\/li>\n\n\n\n<li>lecture de contes pour l&rsquo;\u00e9cole \/ le centre de loisirs,<\/li>\n\n\n\n<li>b\u00e9n\u00e9volat en direction des enfants \/ des familles,<\/li>\n\n\n\n<li>propositions et animation d&rsquo;activit\u00e9s.<\/li>\n<\/ul>\n\n\n\n<h5 class=\"wp-block-heading has-white-color has-text-color has-background has-link-color wp-elements-b0968ff6520326fb3504d396d1314702\" style=\"background-color:#9a5cb0\">Pourquoi s&rsquo;engager ?<\/h5>\n\n\n\n<p>L&rsquo;exp\u00e9rience b\u00e9n\u00e9vole est enrichissante car elle permet des rencontres entre personnes de qualification, d\u2019\u00e2ge, d\u2019origines socioculturelles diff\u00e9rentes, et par l\u00e0 m\u00eame de :<\/p>\n\n\n\n<ul class=\"wp-block-list\">\n<li>faire profiter des comp\u00e9tences acquises dans sa vie professionnelle ;<\/li>\n\n\n\n<li>cr\u00e9er un r\u00e9seau social ;<\/li>\n\n\n\n<li>participer \u00e0 la vie locale ;<\/li>\n\n\n\n<li>se maintenir  dans une dynamique d&rsquo;apprentissage ;<\/li>\n\n\n\n<li>apporter sa pierre \u00e0 la r\u00e9ussite d\u2019une activit\u00e9 valorisante pour la communaut\u00e9 \/les familles \/les voisins \/soi-m\u00eame.<\/li>\n<\/ul>\n\n\n<div class=\"wp-block-image\">\n<figure class=\"aligncenter size-large\"><a href=\"https:\/\/www.aphyllanthe.fr\/association\/wp-content\/uploads\/2023\/07\/DSC08586-PANO-CORR-scaled.webp\"><img loading=\"lazy\" decoding=\"async\" width=\"1024\" height=\"227\" src=\"https:\/\/www.aphyllanthe.fr\/association\/wp-content\/uploads\/2023\/07\/DSC08586-PANO-CORR-1024x227.webp\" alt=\"\" class=\"wp-image-19056\" srcset=\"https:\/\/www.aphyllanthe.fr\/association\/wp-content\/uploads\/2023\/07\/DSC08586-PANO-CORR-1024x227.webp 1024w, https:\/\/www.aphyllanthe.fr\/association\/wp-content\/uploads\/2023\/07\/DSC08586-PANO-CORR-300x66.webp 300w, https:\/\/www.aphyllanthe.fr\/association\/wp-content\/uploads\/2023\/07\/DSC08586-PANO-CORR-768x170.webp 768w, https:\/\/www.aphyllanthe.fr\/association\/wp-content\/uploads\/2023\/07\/DSC08586-PANO-CORR-1536x340.webp 1536w, https:\/\/www.aphyllanthe.fr\/association\/wp-content\/uploads\/2023\/07\/DSC08586-PANO-CORR-2048x453.webp 2048w, https:\/\/www.aphyllanthe.fr\/association\/wp-content\/uploads\/2023\/07\/DSC08586-PANO-CORR-1320x292.webp 1320w\" sizes=\"auto, (max-width: 1024px) 100vw, 1024px\" \/><\/a><figcaption class=\"wp-element-caption\"><strong><mark style=\"background-color:#9a5cb0\" class=\"has-inline-color has-white-color\">Des b\u00e9n\u00e9voles et des adh\u00e9rents heureux ! <\/mark><\/strong><\/figcaption><\/figure>\n<\/div>\n\n\n<h5 class=\"wp-block-heading has-text-align-center has-white-color has-text-color has-background\" style=\"background-color:#9a5cb0\">Au plaisir de vous y rencontrer !<\/h5>\n\n\n\n<p class=\"has-text-align-center\"><strong>Contact : secr\u00e9tariat de l\u2019Aphyllanthe<br \/>aphyllanthe@orange.fr \/  04 66 22 10 20<\/strong><\/p>\n","protected":false},"excerpt":{"rendered":"<p>Le 27 mars \u00e0 19h, \u00e0 la salle polyvalente d&rsquo;Aigaliers, l&rsquo;Aphyllanthe pr\u00e9sentera son rapport d&rsquo;activit\u00e9 et son bilan financier de l&rsquo;ann\u00e9e 2025 au foyer d&rsquo;Aigaliers. Adh\u00e9rents, sympathisants, curieux, n&rsquo;h\u00e9sitez pas \u00e0 venir soutenir ou d\u00e9couvrir l&rsquo;association, amener des projets ou proposer votre temps. L&rsquo;Assembl\u00e9e G\u00e9n\u00e9rale se cl\u00f4turera par un repas partag\u00e9.Merci d&rsquo;apporter un plat sal\u00e9 &hellip; <a href=\"https:\/\/www.aphyllanthe.fr\/association\/assemblee-generale-de-laphyllanthe\/\" class=\"more-link\">Continuer la lecture de <span class=\"screen-reader-text\">Assembl\u00e9e g\u00e9n\u00e9rale de l&rsquo;Aphyllanthe &#8211; 27 mars 2026<\/span>  <span class=\"meta-nav\">&rarr;<\/span><\/a><\/p>\n","protected":false},"author":10,"featured_media":18287,"comment_status":"closed","ping_status":"closed","sticky":false,"template":"","format":"standard","meta":{"footnotes":""},"categories":[4],"tags":[],"class_list":["post-26146","post","type-post","status-publish","format-standard","has-post-thumbnail","hentry","category-annonce"],"_links":{"self":[{"href":"https:\/\/www.aphyllanthe.fr\/association\/wp-json\/wp\/v2\/posts\/26146","targetHints":{"allow":["GET"]}}],"collection":[{"href":"https:\/\/www.aphyllanthe.fr\/association\/wp-json\/wp\/v2\/posts"}],"about":[{"href":"https:\/\/www.aphyllanthe.fr\/association\/wp-json\/wp\/v2\/types\/post"}],"author":[{"embeddable":true,"href":"https:\/\/www.aphyllanthe.fr\/association\/wp-json\/wp\/v2\/users\/10"}],"replies":[{"embeddable":true,"href":"https:\/\/www.aphyllanthe.fr\/association\/wp-json\/wp\/v2\/comments?post=26146"}],"version-history":[{"count":9,"href":"https:\/\/www.aphyllanthe.fr\/association\/wp-json\/wp\/v2\/posts\/26146\/revisions"}],"predecessor-version":[{"id":26166,"href":"https:\/\/www.aphyllanthe.fr\/association\/wp-json\/wp\/v2\/posts\/26146\/revisions\/26166"}],"wp:featuredmedia":[{"embeddable":true,"href":"https:\/\/www.aphyllanthe.fr\/association\/wp-json\/wp\/v2\/media\/18287"}],"wp:attachment":[{"href":"https:\/\/www.aphyllanthe.fr\/association\/wp-json\/wp\/v2\/media?parent=26146"}],"wp:term":[{"taxonomy":"category","embeddable":true,"href":"https:\/\/www.aphyllanthe.fr\/association\/wp-json\/wp\/v2\/categories?post=26146"},{"taxonomy":"post_tag","embeddable":true,"href":"https:\/\/www.aphyllanthe.fr\/association\/wp-json\/wp\/v2\/tags?post=26146"}],"curies":[{"name":"wp","href":"https:\/\/api.w.org\/{rel}","templated":true}]}}