{"id":26382,"date":"2026-04-27T16:00:46","date_gmt":"2026-04-27T15:00:46","guid":{"rendered":"https:\/\/www.aphyllanthe.fr\/association\/?p=26382"},"modified":"2026-04-28T11:14:05","modified_gmt":"2026-04-28T10:14:05","slug":"changement-de-presidence-a-laphyllanthe","status":"publish","type":"post","link":"https:\/\/www.aphyllanthe.fr\/association\/changement-de-presidence-a-laphyllanthe\/","title":{"rendered":"Changement de pr\u00e9sidence \u00e0 l&rsquo;Aphyllanthe"},"content":{"rendered":"\n<p>A l&rsquo;Assembl\u00e9e G\u00e9n\u00e9rale du 27 mars, quatre nouveaux membres \u00e9lus ont rejoint le conseil d&rsquo;administration : B\u00e9atrice d&rsquo;Angelo, Th\u00e9o Fraces Bou, Pascal Peron et Val\u00e9rie Ray.<\/p>\n\n\n\n<p>Le conseil nouvellement compos\u00e9 s&rsquo;est r\u00e9uni le 22 avril pour le d\u00e9but de cette nouvelle mandature, le premier sujet sur l&rsquo;ordre du jour \u00e9tant l&rsquo;\u00e9lection du Bureau.<\/p>\n\n\n\n<p>Les nouveaux membres \u00e9lus sont :<\/p>\n\n\n\n<ul class=\"wp-block-list\">\n<li>Cluchey, Jim : pr\u00e9sident<\/li>\n\n\n\n<li>Blackstone Charles : vice pr\u00e9sident<\/li>\n\n\n\n<li>Gury Philippe : tr\u00e9sorier<\/li>\n<\/ul>\n\n\n\n<p><strong>La prochaine s\u00e9ance a \u00e9t\u00e9 fix\u00e9e au 20 mai 18h <\/strong>\u00e0 la biblioth\u00e8que d&rsquo;Aigaliers et il y sera, entre autres, discut\u00e9 de la f\u00eate de fin d&rsquo;ann\u00e9e (7 juin) et de l&rsquo;exposition d&rsquo;artistes pr\u00e9vue pour la rentr\u00e9e.<\/p>\n\n\n<div class=\"wp-block-image\">\n<figure class=\"aligncenter size-large is-resized\"><a href=\"https:\/\/www.aphyllanthe.fr\/association\/wp-content\/uploads\/2026\/04\/AG-20260327-scaled.webp\"><img loading=\"lazy\" decoding=\"async\" width=\"1024\" height=\"768\" src=\"https:\/\/www.aphyllanthe.fr\/association\/wp-content\/uploads\/2026\/04\/AG-20260327-1024x768.webp\" alt=\"\" class=\"wp-image-26416\" style=\"width:387px;height:auto\" srcset=\"https:\/\/www.aphyllanthe.fr\/association\/wp-content\/uploads\/2026\/04\/AG-20260327-1024x768.webp 1024w, https:\/\/www.aphyllanthe.fr\/association\/wp-content\/uploads\/2026\/04\/AG-20260327-300x225.webp 300w, https:\/\/www.aphyllanthe.fr\/association\/wp-content\/uploads\/2026\/04\/AG-20260327-768x576.webp 768w, https:\/\/www.aphyllanthe.fr\/association\/wp-content\/uploads\/2026\/04\/AG-20260327-1536x1152.webp 1536w, https:\/\/www.aphyllanthe.fr\/association\/wp-content\/uploads\/2026\/04\/AG-20260327-2048x1536.webp 2048w, https:\/\/www.aphyllanthe.fr\/association\/wp-content\/uploads\/2026\/04\/AG-20260327-1320x990.webp 1320w\" sizes=\"auto, (max-width: 1024px) 100vw, 1024px\" \/><\/a><figcaption class=\"wp-element-caption\">Les nouveaux membres du CA<\/figcaption><\/figure>\n<\/div>\n\n\n<h6 class=\"wp-block-heading has-text-align-center has-text-color has-background has-link-color wp-elements-a30c885db46fe8989fff0c98508e49c6\" style=\"color:#280b81;background-color:#fdde5b\">Les r\u00e9unions du CA sont publiques et ouvertes \u00e0 tous ; une fa\u00e7on simple de se familiariser avec la gestion d&rsquo;une association et, pourquoi pas, de s&rsquo;y investir en douceur.<\/h6>\n","protected":false},"excerpt":{"rendered":"<p>A l&rsquo;Assembl\u00e9e G\u00e9n\u00e9rale du 27 mars, quatre nouveaux membres \u00e9lus ont rejoint le conseil d&rsquo;administration : B\u00e9atrice d&rsquo;Angelo, Th\u00e9o Fraces Bou, Pascal Peron et Val\u00e9rie Ray. Le conseil nouvellement compos\u00e9 s&rsquo;est r\u00e9uni le 22 avril pour le d\u00e9but de cette nouvelle mandature, le premier sujet sur l&rsquo;ordre du jour \u00e9tant l&rsquo;\u00e9lection du Bureau. Les nouveaux &hellip; <a href=\"https:\/\/www.aphyllanthe.fr\/association\/changement-de-presidence-a-laphyllanthe\/\" class=\"more-link\">Continuer la lecture de <span class=\"screen-reader-text\">Changement de pr\u00e9sidence \u00e0 l&rsquo;Aphyllanthe<\/span>  <span class=\"meta-nav\">&rarr;<\/span><\/a><\/p>\n","protected":false},"author":1,"featured_media":25190,"comment_status":"closed","ping_status":"closed","sticky":true,"template":"","format":"standard","meta":{"footnotes":""},"categories":[4],"tags":[],"class_list":["post-26382","post","type-post","status-publish","format-standard","has-post-thumbnail","hentry","category-annonce"],"_links":{"self":[{"href":"https:\/\/www.aphyllanthe.fr\/association\/wp-json\/wp\/v2\/posts\/26382","targetHints":{"allow":["GET"]}}],"collection":[{"href":"https:\/\/www.aphyllanthe.fr\/association\/wp-json\/wp\/v2\/posts"}],"about":[{"href":"https:\/\/www.aphyllanthe.fr\/association\/wp-json\/wp\/v2\/types\/post"}],"author":[{"embeddable":true,"href":"https:\/\/www.aphyllanthe.fr\/association\/wp-json\/wp\/v2\/users\/1"}],"replies":[{"embeddable":true,"href":"https:\/\/www.aphyllanthe.fr\/association\/wp-json\/wp\/v2\/comments?post=26382"}],"version-history":[{"count":7,"href":"https:\/\/www.aphyllanthe.fr\/association\/wp-json\/wp\/v2\/posts\/26382\/revisions"}],"predecessor-version":[{"id":26420,"href":"https:\/\/www.aphyllanthe.fr\/association\/wp-json\/wp\/v2\/posts\/26382\/revisions\/26420"}],"wp:featuredmedia":[{"embeddable":true,"href":"https:\/\/www.aphyllanthe.fr\/association\/wp-json\/wp\/v2\/media\/25190"}],"wp:attachment":[{"href":"https:\/\/www.aphyllanthe.fr\/association\/wp-json\/wp\/v2\/media?parent=26382"}],"wp:term":[{"taxonomy":"category","embeddable":true,"href":"https:\/\/www.aphyllanthe.fr\/association\/wp-json\/wp\/v2\/categories?post=26382"},{"taxonomy":"post_tag","embeddable":true,"href":"https:\/\/www.aphyllanthe.fr\/association\/wp-json\/wp\/v2\/tags?post=26382"}],"curies":[{"name":"wp","href":"https:\/\/api.w.org\/{rel}","templated":true}]}}