{"id":26387,"date":"2026-04-27T15:00:14","date_gmt":"2026-04-27T14:00:14","guid":{"rendered":"https:\/\/www.aphyllanthe.fr\/association\/?p=26387"},"modified":"2026-04-28T11:23:22","modified_gmt":"2026-04-28T10:23:22","slug":"visite-de-jardin","status":"publish","type":"post","link":"https:\/\/www.aphyllanthe.fr\/association\/visite-de-jardin\/","title":{"rendered":"Visite de jardin &#8211; mai"},"content":{"rendered":"\n<p class=\"has-white-color has-text-color has-background has-link-color wp-elements-224000881863efb05598e0f85888b40c\" style=\"background-color:#b0b379\">L&rsquo;association vous informe que, comme le veut la tradition, le jardin du Mas des Tilleuls sera ouvert \u00e0 la visite, libre ou accompagn\u00e9e, en mai comme suit :<\/p>\n\n\n\n<ul class=\"wp-block-list\">\n<li>Samedi apr\u00e8s midi les 2, 9, 16 et 23 mai de 14h \u00e0 18h sans rdv<\/li>\n\n\n\n<li>Les autres jours de semaine sur rdv en appelant 06 2680 8442<\/li>\n<\/ul>\n\n\n\n<p>Le jardin se trouve \u00e0 26 route de la Bruyerette, 30700 Aigaliers (dans le hameau de Gattigues pr\u00e8s du carrefour entre les routes D126 et D715).<\/p>\n\n\n\n<figure class=\"wp-block-gallery has-nested-images columns-default is-cropped wp-block-gallery-2 is-layout-flex wp-block-gallery-is-layout-flex\">\n<figure data-wp-context=\"{&quot;imageId&quot;:&quot;69f08f4560ef3&quot;}\" data-wp-interactive=\"core\/image\" data-wp-key=\"69f08f4560ef3\" class=\"wp-block-image size-large wp-lightbox-container\"><img loading=\"lazy\" decoding=\"async\" width=\"800\" height=\"533\" data-wp-class--hide=\"state.isContentHidden\" data-wp-class--show=\"state.isContentVisible\" data-wp-init=\"callbacks.setButtonStyles\" data-wp-on--click=\"actions.showLightbox\" data-wp-on--load=\"callbacks.setButtonStyles\" data-wp-on-window--resize=\"callbacks.setButtonStyles\" data-id=\"26390\" src=\"https:\/\/www.aphyllanthe.fr\/association\/wp-content\/uploads\/2026\/04\/DSC00228-serre.webp\" alt=\"\" class=\"wp-image-26390\" srcset=\"https:\/\/www.aphyllanthe.fr\/association\/wp-content\/uploads\/2026\/04\/DSC00228-serre.webp 800w, https:\/\/www.aphyllanthe.fr\/association\/wp-content\/uploads\/2026\/04\/DSC00228-serre-300x200.webp 300w, https:\/\/www.aphyllanthe.fr\/association\/wp-content\/uploads\/2026\/04\/DSC00228-serre-768x512.webp 768w\" sizes=\"auto, (max-width: 800px) 100vw, 800px\" \/><button\n\t\t\tclass=\"lightbox-trigger\"\n\t\t\ttype=\"button\"\n\t\t\taria-haspopup=\"dialog\"\n\t\t\taria-label=\"Agrandir\"\n\t\t\tdata-wp-init=\"callbacks.initTriggerButton\"\n\t\t\tdata-wp-on--click=\"actions.showLightbox\"\n\t\t\tdata-wp-style--right=\"state.imageButtonRight\"\n\t\t\tdata-wp-style--top=\"state.imageButtonTop\"\n\t\t>\n\t\t\t<svg xmlns=\"http:\/\/www.w3.org\/2000\/svg\" width=\"12\" height=\"12\" fill=\"none\" viewBox=\"0 0 12 12\">\n\t\t\t\t<path fill=\"#fff\" d=\"M2 0a2 2 0 0 0-2 2v2h1.5V2a.5.5 0 0 1 .5-.5h2V0H2Zm2 10.5H2a.5.5 0 0 1-.5-.5V8H0v2a2 2 0 0 0 2 2h2v-1.5ZM8 12v-1.5h2a.5.5 0 0 0 .5-.5V8H12v2a2 2 0 0 1-2 2H8Zm2-12a2 2 0 0 1 2 2v2h-1.5V2a.5.5 0 0 0-.5-.5H8V0h2Z\" \/>\n\t\t\t<\/svg>\n\t\t<\/button><\/figure>\n\n\n\n<figure data-wp-context=\"{&quot;imageId&quot;:&quot;69f08f4562902&quot;}\" data-wp-interactive=\"core\/image\" data-wp-key=\"69f08f4562902\" class=\"wp-block-image size-large wp-lightbox-container\"><img loading=\"lazy\" decoding=\"async\" width=\"800\" height=\"533\" data-wp-class--hide=\"state.isContentHidden\" data-wp-class--show=\"state.isContentVisible\" data-wp-init=\"callbacks.setButtonStyles\" data-wp-on--click=\"actions.showLightbox\" data-wp-on--load=\"callbacks.setButtonStyles\" data-wp-on-window--resize=\"callbacks.setButtonStyles\" data-id=\"26389\" src=\"https:\/\/www.aphyllanthe.fr\/association\/wp-content\/uploads\/2026\/04\/DSC00227-pepiniere.webp\" alt=\"\" class=\"wp-image-26389\" srcset=\"https:\/\/www.aphyllanthe.fr\/association\/wp-content\/uploads\/2026\/04\/DSC00227-pepiniere.webp 800w, https:\/\/www.aphyllanthe.fr\/association\/wp-content\/uploads\/2026\/04\/DSC00227-pepiniere-300x200.webp 300w, https:\/\/www.aphyllanthe.fr\/association\/wp-content\/uploads\/2026\/04\/DSC00227-pepiniere-768x512.webp 768w\" sizes=\"auto, (max-width: 800px) 100vw, 800px\" \/><button\n\t\t\tclass=\"lightbox-trigger\"\n\t\t\ttype=\"button\"\n\t\t\taria-haspopup=\"dialog\"\n\t\t\taria-label=\"Agrandir\"\n\t\t\tdata-wp-init=\"callbacks.initTriggerButton\"\n\t\t\tdata-wp-on--click=\"actions.showLightbox\"\n\t\t\tdata-wp-style--right=\"state.imageButtonRight\"\n\t\t\tdata-wp-style--top=\"state.imageButtonTop\"\n\t\t>\n\t\t\t<svg xmlns=\"http:\/\/www.w3.org\/2000\/svg\" width=\"12\" height=\"12\" fill=\"none\" viewBox=\"0 0 12 12\">\n\t\t\t\t<path fill=\"#fff\" d=\"M2 0a2 2 0 0 0-2 2v2h1.5V2a.5.5 0 0 1 .5-.5h2V0H2Zm2 10.5H2a.5.5 0 0 1-.5-.5V8H0v2a2 2 0 0 0 2 2h2v-1.5ZM8 12v-1.5h2a.5.5 0 0 0 .5-.5V8H12v2a2 2 0 0 1-2 2H8Zm2-12a2 2 0 0 1 2 2v2h-1.5V2a.5.5 0 0 0-.5-.5H8V0h2Z\" \/>\n\t\t\t<\/svg>\n\t\t<\/button><\/figure>\n<\/figure>\n\n\n\n<p>Sur la premi\u00e8re quinzaine de mai, l\u2019int\u00e9r\u00eat porte sur les iris et les pivoines. Sur la seconde quinzaine, la floraison des rosiers devraient \u00eatre au mieux. Le jardin poss\u00e8de une collection d&rsquo;arbres et arbustes inhabituels pour notre r\u00e9gion.<\/p>\n\n\n\n<h5 class=\"wp-block-heading has-text-align-center has-white-color has-text-color has-background has-link-color wp-elements-c4459fbb22948967adc07d4fba5484b4\" style=\"background-color:#b0b379\">Le propri\u00e9taire est ouvert \u00e0 l\u2019\u00e9change de plantes avec les visiteurs et la visite est gratuite<\/h5>\n","protected":false},"excerpt":{"rendered":"<p>L&rsquo;association vous informe que, comme le veut la tradition, le jardin du Mas des Tilleuls sera ouvert \u00e0 la visite, libre ou accompagn\u00e9e, en mai comme suit : Le jardin se trouve \u00e0 26 route de la Bruyerette, 30700 Aigaliers (dans le hameau de Gattigues pr\u00e8s du carrefour entre les routes D126 et D715). Sur &hellip; <a href=\"https:\/\/www.aphyllanthe.fr\/association\/visite-de-jardin\/\" class=\"more-link\">Continuer la lecture de <span class=\"screen-reader-text\">Visite de jardin &#8211; mai<\/span>  <span class=\"meta-nav\">&rarr;<\/span><\/a><\/p>\n","protected":false},"author":1,"featured_media":26391,"comment_status":"closed","ping_status":"closed","sticky":true,"template":"","format":"standard","meta":{"footnotes":""},"categories":[4,118,113],"tags":[],"class_list":["post-26387","post","type-post","status-publish","format-standard","has-post-thumbnail","hentry","category-annonce","category-partage-de-savoirs","category-sorties-patrimoine"],"_links":{"self":[{"href":"https:\/\/www.aphyllanthe.fr\/association\/wp-json\/wp\/v2\/posts\/26387","targetHints":{"allow":["GET"]}}],"collection":[{"href":"https:\/\/www.aphyllanthe.fr\/association\/wp-json\/wp\/v2\/posts"}],"about":[{"href":"https:\/\/www.aphyllanthe.fr\/association\/wp-json\/wp\/v2\/types\/post"}],"author":[{"embeddable":true,"href":"https:\/\/www.aphyllanthe.fr\/association\/wp-json\/wp\/v2\/users\/1"}],"replies":[{"embeddable":true,"href":"https:\/\/www.aphyllanthe.fr\/association\/wp-json\/wp\/v2\/comments?post=26387"}],"version-history":[{"count":8,"href":"https:\/\/www.aphyllanthe.fr\/association\/wp-json\/wp\/v2\/posts\/26387\/revisions"}],"predecessor-version":[{"id":26423,"href":"https:\/\/www.aphyllanthe.fr\/association\/wp-json\/wp\/v2\/posts\/26387\/revisions\/26423"}],"wp:featuredmedia":[{"embeddable":true,"href":"https:\/\/www.aphyllanthe.fr\/association\/wp-json\/wp\/v2\/media\/26391"}],"wp:attachment":[{"href":"https:\/\/www.aphyllanthe.fr\/association\/wp-json\/wp\/v2\/media?parent=26387"}],"wp:term":[{"taxonomy":"category","embeddable":true,"href":"https:\/\/www.aphyllanthe.fr\/association\/wp-json\/wp\/v2\/categories?post=26387"},{"taxonomy":"post_tag","embeddable":true,"href":"https:\/\/www.aphyllanthe.fr\/association\/wp-json\/wp\/v2\/tags?post=26387"}],"curies":[{"name":"wp","href":"https:\/\/api.w.org\/{rel}","templated":true}]}}