{"id":26403,"date":"2026-04-28T11:02:07","date_gmt":"2026-04-28T10:02:07","guid":{"rendered":"https:\/\/www.aphyllanthe.fr\/association\/?p=26403"},"modified":"2026-04-28T11:02:07","modified_gmt":"2026-04-28T10:02:07","slug":"reportage-sur-le-spectacle-de-sandra-riviere-one-woman-choregraphique-show","status":"publish","type":"post","link":"https:\/\/www.aphyllanthe.fr\/association\/reportage-sur-le-spectacle-de-sandra-riviere-one-woman-choregraphique-show\/","title":{"rendered":"Reportage sur le spectacle de Sandra Rivi\u00e8re, One Woman choregraphique show"},"content":{"rendered":"\n<p>Une foule nombreuse s&rsquo;est r\u00e9unie vendredi 24 avril pour assister au seule en sc\u00e8ne de Sandra Rivi\u00e8re. La jauge initiale qui \u00e9tait de 60 spectateurs en a \u00e9t\u00e9 quelque peu d\u00e9pass\u00e9e.<\/p>\n\n\n\n<p>Sandra Rivi\u00e8re, ceux qui fr\u00e9quentent l\u2019\u00e9picerie <em>locamicale<\/em> M\u00e9lusine et Cie de Montaren la connaissent bien. Mais il faut savoir qu&rsquo;avant cette aventure&#8230; mara\u00eech\u00e8re, elle a eu d&rsquo;autres vies, notamment sur sc\u00e8ne, ou derri\u00e8re.<\/p>\n\n\n\n<p>Pour ce spectacle largement autobiographique, elle a choisi une forme hybride, associant chor\u00e9graphie et th\u00e9\u00e2tre.<\/p>\n\n\n\n<p>La mise en sc\u00e8ne co-construite avec Micha\u00ebl Allibert sur un plateau d\u00e9pouill\u00e9 sert le propos par le truchement des rares accessoires pr\u00e9sents, rigoureusement choisis. Cela fait de ce spectacle un tr\u00e8s touchant pas de c\u00f4t\u00e9 sur les interrogations que nous avons tous sur le temps qui passe et ce que l&rsquo;on en fait.<\/p>\n\n\n<div class=\"wp-block-image\">\n<figure class=\"aligncenter size-large\"><a href=\"https:\/\/www.aphyllanthe.fr\/association\/wp-content\/uploads\/2026\/04\/one-woman1.webp\"><img loading=\"lazy\" decoding=\"async\" width=\"1024\" height=\"576\" src=\"https:\/\/www.aphyllanthe.fr\/association\/wp-content\/uploads\/2026\/04\/one-woman1-1024x576.webp\" alt=\"\" class=\"wp-image-26409\" srcset=\"https:\/\/www.aphyllanthe.fr\/association\/wp-content\/uploads\/2026\/04\/one-woman1-1024x576.webp 1024w, https:\/\/www.aphyllanthe.fr\/association\/wp-content\/uploads\/2026\/04\/one-woman1-300x169.webp 300w, https:\/\/www.aphyllanthe.fr\/association\/wp-content\/uploads\/2026\/04\/one-woman1-768x432.webp 768w, https:\/\/www.aphyllanthe.fr\/association\/wp-content\/uploads\/2026\/04\/one-woman1-1536x864.webp 1536w, https:\/\/www.aphyllanthe.fr\/association\/wp-content\/uploads\/2026\/04\/one-woman1-1320x743.webp 1320w, https:\/\/www.aphyllanthe.fr\/association\/wp-content\/uploads\/2026\/04\/one-woman1.webp 1919w\" sizes=\"auto, (max-width: 1024px) 100vw, 1024px\" \/><\/a><\/figure>\n<\/div>\n\n\n<p>L&rsquo;apr\u00e8s spectacle a permis de s&rsquo;entretenir tr\u00e8s simplement avec les artistes autour d&rsquo;un verre au PMU (prix modique unique) organis\u00e9 par ces derniers.<\/p>\n\n\n\n<p>Ce spectacle est prochainement programm\u00e9 fin mai \u00e0 Bess\u00e8ges ainsi qu&rsquo;\u00e0 Montaren en fin d&rsquo;ann\u00e9e.<\/p>\n","protected":false},"excerpt":{"rendered":"<p>Une foule nombreuse s&rsquo;est r\u00e9unie vendredi 24 avril pour assister au seule en sc\u00e8ne de Sandra Rivi\u00e8re. La jauge initiale qui \u00e9tait de 60 spectateurs en a \u00e9t\u00e9 quelque peu d\u00e9pass\u00e9e. Sandra Rivi\u00e8re, ceux qui fr\u00e9quentent l\u2019\u00e9picerie locamicale M\u00e9lusine et Cie de Montaren la connaissent bien. Mais il faut savoir qu&rsquo;avant cette aventure&#8230; mara\u00eech\u00e8re, elle &hellip; <a href=\"https:\/\/www.aphyllanthe.fr\/association\/reportage-sur-le-spectacle-de-sandra-riviere-one-woman-choregraphique-show\/\" class=\"more-link\">Continuer la lecture de <span class=\"screen-reader-text\">Reportage sur le spectacle de Sandra Rivi\u00e8re, One Woman choregraphique show<\/span>  <span class=\"meta-nav\">&rarr;<\/span><\/a><\/p>\n","protected":false},"author":10,"featured_media":26407,"comment_status":"closed","ping_status":"closed","sticky":false,"template":"","format":"standard","meta":{"footnotes":""},"categories":[3],"tags":[],"class_list":["post-26403","post","type-post","status-publish","format-standard","has-post-thumbnail","hentry","category-reportage"],"_links":{"self":[{"href":"https:\/\/www.aphyllanthe.fr\/association\/wp-json\/wp\/v2\/posts\/26403","targetHints":{"allow":["GET"]}}],"collection":[{"href":"https:\/\/www.aphyllanthe.fr\/association\/wp-json\/wp\/v2\/posts"}],"about":[{"href":"https:\/\/www.aphyllanthe.fr\/association\/wp-json\/wp\/v2\/types\/post"}],"author":[{"embeddable":true,"href":"https:\/\/www.aphyllanthe.fr\/association\/wp-json\/wp\/v2\/users\/10"}],"replies":[{"embeddable":true,"href":"https:\/\/www.aphyllanthe.fr\/association\/wp-json\/wp\/v2\/comments?post=26403"}],"version-history":[{"count":9,"href":"https:\/\/www.aphyllanthe.fr\/association\/wp-json\/wp\/v2\/posts\/26403\/revisions"}],"predecessor-version":[{"id":26415,"href":"https:\/\/www.aphyllanthe.fr\/association\/wp-json\/wp\/v2\/posts\/26403\/revisions\/26415"}],"wp:featuredmedia":[{"embeddable":true,"href":"https:\/\/www.aphyllanthe.fr\/association\/wp-json\/wp\/v2\/media\/26407"}],"wp:attachment":[{"href":"https:\/\/www.aphyllanthe.fr\/association\/wp-json\/wp\/v2\/media?parent=26403"}],"wp:term":[{"taxonomy":"category","embeddable":true,"href":"https:\/\/www.aphyllanthe.fr\/association\/wp-json\/wp\/v2\/categories?post=26403"},{"taxonomy":"post_tag","embeddable":true,"href":"https:\/\/www.aphyllanthe.fr\/association\/wp-json\/wp\/v2\/tags?post=26403"}],"curies":[{"name":"wp","href":"https:\/\/api.w.org\/{rel}","templated":true}]}}