{"id":2687,"date":"2015-10-11T11:42:46","date_gmt":"2015-10-11T09:42:46","guid":{"rendered":"http:\/\/www.aphyllanthe.fr\/association\/?p=2687"},"modified":"2016-07-08T21:39:36","modified_gmt":"2016-07-08T20:39:36","slug":"sortie-a-lodeve-le-29-octobre","status":"publish","type":"post","link":"https:\/\/www.aphyllanthe.fr\/association\/sortie-a-lodeve-le-29-octobre\/","title":{"rendered":"Sortie \u00e0 Lod\u00e8ve le 29 octobre"},"content":{"rendered":"<figure id=\"attachment_2696\" aria-describedby=\"caption-attachment-2696\" style=\"width: 150px\" class=\"wp-caption alignleft\"><img loading=\"lazy\" decoding=\"async\" class=\"size-thumbnail wp-image-2696\" src=\"http:\/\/www.aphyllanthe.fr\/association\/wp-content\/uploads\/2015\/10\/tisser-lodeve-150x150.jpg\" alt=\"exposition Tisser la couleur, mus\u00e9e de Lod\u00e8ve\" width=\"150\" height=\"150\" \/><figcaption id=\"caption-attachment-2696\" class=\"wp-caption-text\">exposition Tisser la couleur, mus\u00e9e de Lod\u00e8ve<\/figcaption><\/figure>\n<p>Pour la 2e sortie du programme <strong>Culture et patrimoine<\/strong> l&rsquo;Association propose une visite \u00e0 Lod\u00e8ve avec :<br \/>\n&#8211; <strong>\u00e0 11h00<\/strong> une visite guid\u00e9e de 45 minutes de l&rsquo;exposition de tapisseries <strong>Tisser la Couleur<\/strong> au mus\u00e9e de Lod\u00e8ve suivi<br \/>\n&#8211; <strong>\u00e0 14h00<\/strong> d&rsquo;une visite guid\u00e9e d&rsquo;1 heure 15 des <strong>ateliers de la Savonnerie, annexe des Gobelins<\/strong>.<\/p>\n<p><!--more--><\/p>\n<div style=\"clear: both;\"><\/div>\n<figure id=\"attachment_2697\" aria-describedby=\"caption-attachment-2697\" style=\"width: 300px\" class=\"wp-caption alignleft\"><a href=\"http:\/\/www.aphyllanthe.fr\/association\/wp-content\/uploads\/2015\/10\/tisser-la-couleur-2.jpg\"><img loading=\"lazy\" decoding=\"async\" class=\"size-medium wp-image-2697\" src=\"http:\/\/www.aphyllanthe.fr\/association\/wp-content\/uploads\/2015\/10\/tisser-la-couleur-2-300x210.jpg\" alt=\"exposition Tisser la couleur\" width=\"300\" height=\"210\" srcset=\"https:\/\/www.aphyllanthe.fr\/association\/wp-content\/uploads\/2015\/10\/tisser-la-couleur-2-300x210.jpg 300w, https:\/\/www.aphyllanthe.fr\/association\/wp-content\/uploads\/2015\/10\/tisser-la-couleur-2-600x419.jpg 600w, https:\/\/www.aphyllanthe.fr\/association\/wp-content\/uploads\/2015\/10\/tisser-la-couleur-2.jpg 983w\" sizes=\"auto, (max-width: 300px) 100vw, 300px\" \/><\/a><figcaption id=\"caption-attachment-2697\" class=\"wp-caption-text\">exposition Tisser la couleur<\/figcaption><\/figure>\n<p>Description de l&rsquo;exposition \u00ab\u00a0Tisser la Couleur\u00a0\u00bb sur le site du mus\u00e9e de Lod\u00e8ve :<\/p>\n<blockquote><p>\u00ab\u00a0Le Mus\u00e9e de Lod\u00e8ve pr\u00e9sente une s\u00e9lection de tapisseries des ann\u00e9es 1960-1970 provenant des collections du Mobilier national. R\u00e9alis\u00e9es \u00e0 partir de cartons de Calder, Delaunay, Mir\u00f3, Le Corbusier&#8230; elles r\u00e9v\u00e8lent, dans un format monumental (jusqu\u2019\u00e0 5 m\u00e8tres de long), tout l\u2019univers de ces artistes qui furent au c\u0153ur des recherches sur l\u2019abstraction.<\/p>\n<p>L\u2019exposition illustre un tournant d\u00e9cisif dans l\u2019histoire des manufactures des Gobelins et de Beauvais. Dans les ann\u00e9es 1960, l\u2019arriv\u00e9e d\u2019Andr\u00e9 Malraux \u00e0 la t\u00eate du minist\u00e8re des Affaires Culturelles donne un nouveau souffle au Mobilier national. Pour la premi\u00e8re fois, les manufactures font appel \u00e0 des artistes de renom et les associent pleinement aux projets. En r\u00e9sultent des \u0153uvres percutantes, \u00e9labor\u00e9es comme une co-cr\u00e9ation entre l\u2019artiste et le lissier et qui ne tombent jamais dans le pi\u00e8ge de la copie&#8230; \u00ab\u00a0<\/p><\/blockquote>\n<figure id=\"attachment_2698\" aria-describedby=\"caption-attachment-2698\" style=\"width: 300px\" class=\"wp-caption alignright\"><a href=\"http:\/\/www.aphyllanthe.fr\/association\/wp-content\/uploads\/2015\/10\/savonnerie.jpg\"><img loading=\"lazy\" decoding=\"async\" class=\"size-medium wp-image-2698\" src=\"http:\/\/www.aphyllanthe.fr\/association\/wp-content\/uploads\/2015\/10\/savonnerie-300x200.jpg\" alt=\"ateliers de la Savonnerie\" width=\"300\" height=\"200\" srcset=\"https:\/\/www.aphyllanthe.fr\/association\/wp-content\/uploads\/2015\/10\/savonnerie-300x200.jpg 300w, https:\/\/www.aphyllanthe.fr\/association\/wp-content\/uploads\/2015\/10\/savonnerie.jpg 600w\" sizes=\"auto, (max-width: 300px) 100vw, 300px\" \/><\/a><figcaption id=\"caption-attachment-2698\" class=\"wp-caption-text\">ateliers de la Savonnerie<\/figcaption><\/figure>\n<p>La sortie se poursuivra avec une visite guid\u00e9e de la <a href=\"http:\/\/www.ot-montpellier.fr\/annuaire\/manufacture-nationale-de-la-savonnerie-atelier-de-lodeve.html\" target=\"_blank\">Manufacture Nationale de la Savonnerie, atelier de Lod\u00e8ve<\/a> o\u00f9 se tissent des tapis d&rsquo;exception destin\u00e9s aux ambassades, aux grands ch\u00e2teaux, \u00e0 l\u2019\u00c9lys\u00e9e, aux collections du Mobilier national. Cet atelier est l&rsquo;unique annexe de la Manufacture de la Savonnerie de Paris.<\/p>\n<div style=\"clear: both;\"><\/div>\n<p><strong>Tarif adultes<\/strong> : adh\u00e9rent 2 \u20ac ; non-adh\u00e9rent 8,50 \u20ac ; gratuit pour les enfants. Possibilit\u00e9 de covoiturage et de d\u00e9jeuner.<\/p>\n","protected":false},"excerpt":{"rendered":"<p>Pour la 2e sortie du programme Culture et patrimoine l&rsquo;Association propose une visite \u00e0 Lod\u00e8ve avec : &#8211; \u00e0 11h00 une visite guid\u00e9e de 45 minutes de l&rsquo;exposition de tapisseries Tisser la Couleur au mus\u00e9e de Lod\u00e8ve suivi &#8211; \u00e0 14h00 d&rsquo;une visite guid\u00e9e d&rsquo;1 heure 15 des ateliers de la Savonnerie, annexe des Gobelins.<\/p>\n","protected":false},"author":1,"featured_media":0,"comment_status":"closed","ping_status":"closed","sticky":false,"template":"","format":"standard","meta":{"footnotes":""},"categories":[4],"tags":[],"class_list":["post-2687","post","type-post","status-publish","format-standard","hentry","category-annonce"],"_links":{"self":[{"href":"https:\/\/www.aphyllanthe.fr\/association\/wp-json\/wp\/v2\/posts\/2687","targetHints":{"allow":["GET"]}}],"collection":[{"href":"https:\/\/www.aphyllanthe.fr\/association\/wp-json\/wp\/v2\/posts"}],"about":[{"href":"https:\/\/www.aphyllanthe.fr\/association\/wp-json\/wp\/v2\/types\/post"}],"author":[{"embeddable":true,"href":"https:\/\/www.aphyllanthe.fr\/association\/wp-json\/wp\/v2\/users\/1"}],"replies":[{"embeddable":true,"href":"https:\/\/www.aphyllanthe.fr\/association\/wp-json\/wp\/v2\/comments?post=2687"}],"version-history":[{"count":0,"href":"https:\/\/www.aphyllanthe.fr\/association\/wp-json\/wp\/v2\/posts\/2687\/revisions"}],"wp:attachment":[{"href":"https:\/\/www.aphyllanthe.fr\/association\/wp-json\/wp\/v2\/media?parent=2687"}],"wp:term":[{"taxonomy":"category","embeddable":true,"href":"https:\/\/www.aphyllanthe.fr\/association\/wp-json\/wp\/v2\/categories?post=2687"},{"taxonomy":"post_tag","embeddable":true,"href":"https:\/\/www.aphyllanthe.fr\/association\/wp-json\/wp\/v2\/tags?post=2687"}],"curies":[{"name":"wp","href":"https:\/\/api.w.org\/{rel}","templated":true}]}}