{"id":2712,"date":"2015-10-10T16:14:55","date_gmt":"2015-10-10T14:14:55","guid":{"rendered":"http:\/\/www.aphyllanthe.fr\/association\/?p=2712"},"modified":"2015-10-24T16:37:03","modified_gmt":"2015-10-24T14:37:03","slug":"heure-du-conte","status":"publish","type":"post","link":"https:\/\/www.aphyllanthe.fr\/association\/heure-du-conte\/","title":{"rendered":"Heure du conte"},"content":{"rendered":"<figure id=\"attachment_2716\" aria-describedby=\"caption-attachment-2716\" style=\"width: 300px\" class=\"wp-caption alignright\"><img loading=\"lazy\" decoding=\"async\" class=\"size-medium wp-image-2716\" src=\"http:\/\/www.aphyllanthe.fr\/association\/wp-content\/uploads\/2015\/10\/IMG_6211-Copie-300x225.jpg\" alt=\"heure du conte, biblioth\u00e8que d'Aigaliers\" width=\"300\" height=\"225\" srcset=\"https:\/\/www.aphyllanthe.fr\/association\/wp-content\/uploads\/2015\/10\/IMG_6211-Copie-300x225.jpg 300w, https:\/\/www.aphyllanthe.fr\/association\/wp-content\/uploads\/2015\/10\/IMG_6211-Copie-1024x768.jpg 1024w, https:\/\/www.aphyllanthe.fr\/association\/wp-content\/uploads\/2015\/10\/IMG_6211-Copie-600x450.jpg 600w, https:\/\/www.aphyllanthe.fr\/association\/wp-content\/uploads\/2015\/10\/IMG_6211-Copie.jpg 1440w\" sizes=\"auto, (max-width: 300px) 100vw, 300px\" \/><figcaption id=\"caption-attachment-2716\" class=\"wp-caption-text\">heure du conte, biblioth\u00e8que d&rsquo;Aigaliers<\/figcaption><\/figure>\n<p>Depuis quelques ann\u00e9es d\u00e9j\u00e0, une fois par mois le mercredi matin, un(e) b\u00e9n\u00e9vole de l&rsquo;Association initie les plus jeunes au plaisirs de la lecture et des contes (activit\u00e9 men\u00e9e en coop\u00e9ration avec l\u2019\u00e9cole maternelle). Les \u00e9coliers sont attentifs et fascin\u00e9s. Que demander de plus ?<\/p>\n","protected":false},"excerpt":{"rendered":"<p>Depuis quelques ann\u00e9es d\u00e9j\u00e0, une fois par mois le mercredi matin, un(e) b\u00e9n\u00e9vole de l&rsquo;Association initie les plus jeunes au plaisirs de la lecture et des contes (activit\u00e9 men\u00e9e en coop\u00e9ration avec l\u2019\u00e9cole maternelle). Les \u00e9coliers sont attentifs et fascin\u00e9s. Que demander de plus ?<\/p>\n","protected":false},"author":1,"featured_media":0,"comment_status":"closed","ping_status":"closed","sticky":false,"template":"","format":"standard","meta":{"footnotes":""},"categories":[3],"tags":[],"class_list":["post-2712","post","type-post","status-publish","format-standard","hentry","category-reportage"],"_links":{"self":[{"href":"https:\/\/www.aphyllanthe.fr\/association\/wp-json\/wp\/v2\/posts\/2712","targetHints":{"allow":["GET"]}}],"collection":[{"href":"https:\/\/www.aphyllanthe.fr\/association\/wp-json\/wp\/v2\/posts"}],"about":[{"href":"https:\/\/www.aphyllanthe.fr\/association\/wp-json\/wp\/v2\/types\/post"}],"author":[{"embeddable":true,"href":"https:\/\/www.aphyllanthe.fr\/association\/wp-json\/wp\/v2\/users\/1"}],"replies":[{"embeddable":true,"href":"https:\/\/www.aphyllanthe.fr\/association\/wp-json\/wp\/v2\/comments?post=2712"}],"version-history":[{"count":0,"href":"https:\/\/www.aphyllanthe.fr\/association\/wp-json\/wp\/v2\/posts\/2712\/revisions"}],"wp:attachment":[{"href":"https:\/\/www.aphyllanthe.fr\/association\/wp-json\/wp\/v2\/media?parent=2712"}],"wp:term":[{"taxonomy":"category","embeddable":true,"href":"https:\/\/www.aphyllanthe.fr\/association\/wp-json\/wp\/v2\/categories?post=2712"},{"taxonomy":"post_tag","embeddable":true,"href":"https:\/\/www.aphyllanthe.fr\/association\/wp-json\/wp\/v2\/tags?post=2712"}],"curies":[{"name":"wp","href":"https:\/\/api.w.org\/{rel}","templated":true}]}}