{"id":27365,"date":"2026-09-01T10:49:48","date_gmt":"2026-09-01T09:49:48","guid":{"rendered":"https:\/\/www.aphyllanthe.fr\/association\/?p=27365"},"modified":"2026-09-01T10:59:45","modified_gmt":"2026-09-01T09:59:45","slug":"la-lettre-de-laphyllanthe-est-parue-2","status":"publish","type":"post","link":"https:\/\/www.aphyllanthe.fr\/association\/la-lettre-de-laphyllanthe-est-parue-2\/","title":{"rendered":"La Lettre de l\u2019Aphyllanthe est parue"},"content":{"rendered":"\n<p class=\"has-background wp-block-paragraph\" style=\"background-color:#aacbea\">\u00c7a y est ! L\u2019\u00e9dition de septembre 2026 est imprim\u00e9e et est en train d\u2019\u00eatre distribu\u00e9e dans les bo\u00eetes aux lettres des hameaux d\u2019Aigaliers et dans les villages de Baron et de Foissac.<\/p>\n\n\n\n<div class=\"wp-block-columns is-layout-flex wp-container-core-columns-is-layout-8f761849 wp-block-columns-is-layout-flex\">\n<div class=\"wp-block-column is-layout-flow wp-block-column-is-layout-flow\">\n<p class=\"wp-block-paragraph\"><strong>On y trouve<\/strong> :<\/p>\n\n\n\n<ul class=\"wp-block-list\">\n<li>toutes les activit\u00e9s hebdomadaires pour adultes et pour enfants<\/li>\n\n\n\n<li>les animations ponctuelles<\/li>\n\n\n\n<li>le programme des vacances de Toussaint<\/li>\n<\/ul>\n\n\n\n<p class=\"wp-block-paragraph\">Des activit\u00e9s ponctuelles \u00e9tant susceptibles de se rajouter au fil de l\u2019eau, il est conseill\u00e9 de rester attentif aux infolettres qui sont r\u00e9guli\u00e8rement envoy\u00e9es.<\/p>\n<\/div>\n\n\n\n<div class=\"wp-block-column is-layout-flow wp-block-column-is-layout-flow\">\n<figure class=\"wp-block-image size-large\"><a href=\"https:\/\/www.aphyllanthe.fr\/association\/pdf\/lettres\/lettre-09-2026.pdf\" target=\"_blank\" rel=\"https:\/\/www.aphyllanthe.fr\/association\/pdf\/lettres\/lettre-09-2026.pdf\"><img loading=\"lazy\" decoding=\"async\" width=\"724\" height=\"1024\" src=\"https:\/\/www.aphyllanthe.fr\/association\/wp-content\/uploads\/2026\/09\/Lettre-09-2026-1-724x1024.webp\" alt=\"\" class=\"wp-image-27366\" srcset=\"https:\/\/www.aphyllanthe.fr\/association\/wp-content\/uploads\/2026\/09\/Lettre-09-2026-1-724x1024.webp 724w, https:\/\/www.aphyllanthe.fr\/association\/wp-content\/uploads\/2026\/09\/Lettre-09-2026-1-212x300.webp 212w, https:\/\/www.aphyllanthe.fr\/association\/wp-content\/uploads\/2026\/09\/Lettre-09-2026-1-768x1086.webp 768w, https:\/\/www.aphyllanthe.fr\/association\/wp-content\/uploads\/2026\/09\/Lettre-09-2026-1-1086x1536.webp 1086w, https:\/\/www.aphyllanthe.fr\/association\/wp-content\/uploads\/2026\/09\/Lettre-09-2026-1-1448x2048.webp 1448w, https:\/\/www.aphyllanthe.fr\/association\/wp-content\/uploads\/2026\/09\/Lettre-09-2026-1-1320x1867.webp 1320w, https:\/\/www.aphyllanthe.fr\/association\/wp-content\/uploads\/2026\/09\/Lettre-09-2026-1.webp 1587w\" sizes=\"auto, (max-width: 724px) 100vw, 724px\" \/><\/a><\/figure>\n<\/div>\n<\/div>\n\n\n\n<div class=\"wp-block-columns is-layout-flex wp-container-core-columns-is-layout-8f761849 wp-block-columns-is-layout-flex\">\n<div class=\"wp-block-column is-layout-flow wp-block-column-is-layout-flow\">\n<figure class=\"wp-block-image size-large\"><a href=\"https:\/\/www.aphyllanthe.fr\/association\/pdf\/inserts\/insert-09-2026.pdf\" target=\"_blank\" rel=\"https:\/\/www.aphyllanthe.fr\/association\/bibliotheque\/nos-lectrices-recommandent\/\"><img loading=\"lazy\" decoding=\"async\" width=\"724\" height=\"1024\" src=\"https:\/\/www.aphyllanthe.fr\/association\/wp-content\/uploads\/2026\/09\/encart-09-2026-1-724x1024.webp\" alt=\"\" class=\"wp-image-27367\" srcset=\"https:\/\/www.aphyllanthe.fr\/association\/wp-content\/uploads\/2026\/09\/encart-09-2026-1-724x1024.webp 724w, https:\/\/www.aphyllanthe.fr\/association\/wp-content\/uploads\/2026\/09\/encart-09-2026-1-212x300.webp 212w, https:\/\/www.aphyllanthe.fr\/association\/wp-content\/uploads\/2026\/09\/encart-09-2026-1-768x1086.webp 768w, https:\/\/www.aphyllanthe.fr\/association\/wp-content\/uploads\/2026\/09\/encart-09-2026-1-1086x1536.webp 1086w, https:\/\/www.aphyllanthe.fr\/association\/wp-content\/uploads\/2026\/09\/encart-09-2026-1-1448x2048.webp 1448w, https:\/\/www.aphyllanthe.fr\/association\/wp-content\/uploads\/2026\/09\/encart-09-2026-1-1320x1867.webp 1320w, https:\/\/www.aphyllanthe.fr\/association\/wp-content\/uploads\/2026\/09\/encart-09-2026-1.webp 1587w\" sizes=\"auto, (max-width: 724px) 100vw, 724px\" \/><\/a><\/figure>\n<\/div>\n\n\n\n<div class=\"wp-block-column is-layout-flow wp-block-column-is-layout-flow\">\n<p class=\"wp-block-paragraph\"><strong>L\u2019encart<\/strong> ins\u00e9r\u00e9 dans la Lettre informe sur les nouveaut\u00e9s de la biblioth\u00e8que en mettant en avant une s\u00e9lection des nouveaut\u00e9s adultes et jeunesse.<\/p>\n<\/div>\n<\/div>\n","protected":false},"excerpt":{"rendered":"<p>\u00c7a y est ! L\u2019\u00e9dition de septembre 2026 est imprim\u00e9e et est en train d\u2019\u00eatre distribu\u00e9e dans les bo\u00eetes aux lettres des hameaux d\u2019Aigaliers et dans les villages de Baron et de Foissac. On y trouve : Des activit\u00e9s ponctuelles \u00e9tant susceptibles de se rajouter au fil de l\u2019eau, il est conseill\u00e9 de rester attentif &hellip; <a href=\"https:\/\/www.aphyllanthe.fr\/association\/la-lettre-de-laphyllanthe-est-parue-2\/\" class=\"more-link\">Continuer la lecture de <span class=\"screen-reader-text\">La Lettre de l\u2019Aphyllanthe est parue<\/span>  <span class=\"meta-nav\">&rarr;<\/span><\/a><\/p>\n","protected":false},"author":10,"featured_media":27373,"comment_status":"closed","ping_status":"closed","sticky":true,"template":"","format":"standard","meta":{"footnotes":""},"categories":[4,2,117,113],"tags":[],"class_list":["post-27365","post","type-post","status-publish","format-standard","has-post-thumbnail","hentry","category-annonce","category-chronique-bibliotheque","category-familles-et-enfants","category-sorties-patrimoine"],"_links":{"self":[{"href":"https:\/\/www.aphyllanthe.fr\/association\/wp-json\/wp\/v2\/posts\/27365","targetHints":{"allow":["GET"]}}],"collection":[{"href":"https:\/\/www.aphyllanthe.fr\/association\/wp-json\/wp\/v2\/posts"}],"about":[{"href":"https:\/\/www.aphyllanthe.fr\/association\/wp-json\/wp\/v2\/types\/post"}],"author":[{"embeddable":true,"href":"https:\/\/www.aphyllanthe.fr\/association\/wp-json\/wp\/v2\/users\/10"}],"replies":[{"embeddable":true,"href":"https:\/\/www.aphyllanthe.fr\/association\/wp-json\/wp\/v2\/comments?post=27365"}],"version-history":[{"count":5,"href":"https:\/\/www.aphyllanthe.fr\/association\/wp-json\/wp\/v2\/posts\/27365\/revisions"}],"predecessor-version":[{"id":27378,"href":"https:\/\/www.aphyllanthe.fr\/association\/wp-json\/wp\/v2\/posts\/27365\/revisions\/27378"}],"wp:featuredmedia":[{"embeddable":true,"href":"https:\/\/www.aphyllanthe.fr\/association\/wp-json\/wp\/v2\/media\/27373"}],"wp:attachment":[{"href":"https:\/\/www.aphyllanthe.fr\/association\/wp-json\/wp\/v2\/media?parent=27365"}],"wp:term":[{"taxonomy":"category","embeddable":true,"href":"https:\/\/www.aphyllanthe.fr\/association\/wp-json\/wp\/v2\/categories?post=27365"},{"taxonomy":"post_tag","embeddable":true,"href":"https:\/\/www.aphyllanthe.fr\/association\/wp-json\/wp\/v2\/tags?post=27365"}],"curies":[{"name":"wp","href":"https:\/\/api.w.org\/{rel}","templated":true}]}}