{"id":2873,"date":"2015-11-16T11:48:45","date_gmt":"2015-11-16T10:48:45","guid":{"rendered":"http:\/\/www.aphyllanthe.fr\/association\/?p=2873"},"modified":"2015-11-16T11:57:24","modified_gmt":"2015-11-16T10:57:24","slug":"sortie-a-aigues-vives","status":"publish","type":"post","link":"https:\/\/www.aphyllanthe.fr\/association\/sortie-a-aigues-vives\/","title":{"rendered":"Sortie \u00e0 Aigues-Vives"},"content":{"rendered":"<p><figure id=\"attachment_2892\" aria-describedby=\"caption-attachment-2892\" style=\"width: 150px\" class=\"wp-caption alignleft\"><a href=\"http:\/\/www.aphyllanthe.fr\/association\/wp-content\/uploads\/2015\/11\/esteban.jpg\"><img loading=\"lazy\" decoding=\"async\" src=\"http:\/\/www.aphyllanthe.fr\/association\/wp-content\/uploads\/2015\/11\/esteban-150x150.jpg\" alt=\"le potier au travail\" width=\"150\" height=\"150\" class=\"size-thumbnail wp-image-2892\" \/><\/a><figcaption id=\"caption-attachment-2892\" class=\"wp-caption-text\">le potier au travail<\/figcaption><\/figure><img loading=\"lazy\" decoding=\"async\" src=\"http:\/\/www.aphyllanthe.fr\/association\/wp-content\/uploads\/2015\/11\/logo-aigues-vives.jpg\" alt=\"logo-aigues-vives\" width=\"100\" height=\"100\" class=\"alignright size-full wp-image-2875\" \/>Dans le cadre des sorties \u00ab\u00a0Culture et Patrimoine\u00a0\u00bb, l\u2019Aphyllanthe propose une sortie \u00e0 Aigues-Vives (Gard 30670) le samedi 28 novembre 2015 incluant : <\/p>\n<ul>\n<li>une visite de l\u2019atelier de poteries traditionnelles verniss\u00e9es de Richard Esteban et<\/li>\n<li>une visite du Petit Mus\u00e9e Populaire de la Terre Verniss\u00e9e.<\/li>\n<\/ul>\n<p><!--more--><br \/>\n<strong><em>Ces visites sont gratuites.<\/em><\/strong><br \/>\n<figure id=\"attachment_2876\" aria-describedby=\"caption-attachment-2876\" style=\"width: 199px\" class=\"wp-caption alignright\"><a href=\"http:\/\/www.aphyllanthe.fr\/association\/wp-content\/uploads\/2015\/11\/aigues-vives.jpg\"><img loading=\"lazy\" decoding=\"async\" src=\"http:\/\/www.aphyllanthe.fr\/association\/wp-content\/uploads\/2015\/11\/aigues-vives-199x300.jpg\" alt=\"poterie en terre verniss\u00e9e\" width=\"199\" height=\"300\" class=\"size-medium wp-image-2876\" srcset=\"https:\/\/www.aphyllanthe.fr\/association\/wp-content\/uploads\/2015\/11\/aigues-vives-199x300.jpg 199w, https:\/\/www.aphyllanthe.fr\/association\/wp-content\/uploads\/2015\/11\/aigues-vives.jpg 400w\" sizes=\"auto, (max-width: 199px) 100vw, 199px\" \/><\/a><figcaption id=\"caption-attachment-2876\" class=\"wp-caption-text\">poterie en terre verniss\u00e9e<\/figcaption><\/figure><\/p>\n<blockquote><p>\u00ab&nbsp;La poterie d&rsquo;Aigues-Vives est la derni\u00e8re fabrique fran\u00e7aise produisant en s\u00e9rie, de la vaisselle et des pots de jardin en terre verniss\u00e9e, d\u2019apr\u00e8s de mod\u00e8les anciens. D\u00e9sormais devenu exclusif, ce savoir faire en voie de disparition permet de sauvegarder une tradition, autrefois populaire&nbsp;\u00bb. <a href=\"http:\/\/www.poterie.info\/\" target=\"_blank\">Lire plus&#8230;<\/a> <\/p><\/blockquote>\n<p>D\u00e9tails<\/p>\n<ul>\n<li>heure de la visite\u00a0 : 11h<\/li>\n<li>tarif : visites gratuites<\/li>\n<li>Possibilit\u00e9 de covoiturage et d\u00e9jeuner<\/li>\n<li>Renseignements et r\u00e9servation \u00e0 l&rsquo;Aphyllanthe, tel.: 04 66 22 10 20<\/li>\n<\/ul>\n","protected":false},"excerpt":{"rendered":"<p>Dans le cadre des sorties \u00ab\u00a0Culture et Patrimoine\u00a0\u00bb, l\u2019Aphyllanthe propose une sortie \u00e0 Aigues-Vives (Gard 30670) le samedi 28 novembre 2015 incluant : une visite de l\u2019atelier de poteries traditionnelles verniss\u00e9es de Richard Esteban et une visite du Petit Mus\u00e9e Populaire de la Terre Verniss\u00e9e.<\/p>\n","protected":false},"author":1,"featured_media":0,"comment_status":"closed","ping_status":"closed","sticky":false,"template":"","format":"standard","meta":{"footnotes":""},"categories":[4],"tags":[],"class_list":["post-2873","post","type-post","status-publish","format-standard","hentry","category-annonce"],"_links":{"self":[{"href":"https:\/\/www.aphyllanthe.fr\/association\/wp-json\/wp\/v2\/posts\/2873","targetHints":{"allow":["GET"]}}],"collection":[{"href":"https:\/\/www.aphyllanthe.fr\/association\/wp-json\/wp\/v2\/posts"}],"about":[{"href":"https:\/\/www.aphyllanthe.fr\/association\/wp-json\/wp\/v2\/types\/post"}],"author":[{"embeddable":true,"href":"https:\/\/www.aphyllanthe.fr\/association\/wp-json\/wp\/v2\/users\/1"}],"replies":[{"embeddable":true,"href":"https:\/\/www.aphyllanthe.fr\/association\/wp-json\/wp\/v2\/comments?post=2873"}],"version-history":[{"count":0,"href":"https:\/\/www.aphyllanthe.fr\/association\/wp-json\/wp\/v2\/posts\/2873\/revisions"}],"wp:attachment":[{"href":"https:\/\/www.aphyllanthe.fr\/association\/wp-json\/wp\/v2\/media?parent=2873"}],"wp:term":[{"taxonomy":"category","embeddable":true,"href":"https:\/\/www.aphyllanthe.fr\/association\/wp-json\/wp\/v2\/categories?post=2873"},{"taxonomy":"post_tag","embeddable":true,"href":"https:\/\/www.aphyllanthe.fr\/association\/wp-json\/wp\/v2\/tags?post=2873"}],"curies":[{"name":"wp","href":"https:\/\/api.w.org\/{rel}","templated":true}]}}