{"id":307,"date":"2014-11-12T10:17:35","date_gmt":"2014-11-12T09:17:35","guid":{"rendered":"http:\/\/www.aphyllanthe.fr\/association\/?p=307"},"modified":"2016-07-09T15:47:09","modified_gmt":"2016-07-09T14:47:09","slug":"contes-en-balade-le-23-novembre","status":"publish","type":"post","link":"https:\/\/www.aphyllanthe.fr\/association\/contes-en-balade-le-23-novembre\/","title":{"rendered":"Contes en balade le 23 novembre"},"content":{"rendered":"<p><a href=\"http:\/\/www.aphyllanthe.fr\/association\/wp-content\/uploads\/2014\/12\/contes.jpg\"><img loading=\"lazy\" decoding=\"async\" class=\"alignleft size-medium wp-image-183\" src=\"http:\/\/www.aphyllanthe.fr\/association\/wp-content\/uploads\/2014\/12\/contes-209x300.jpg\" alt=\"contes\" width=\"209\" height=\"300\" \/><\/a><a href=\"http:\/\/www.aphyllanthe.fr\/association\/pdf\/contes-en-balade.pdf\">Affiche<\/a><br \/>\nEn partenariat avec le Conseil G\u00e9n\u00e9ral, la Direction du Livre et de la Lecture du Gard et la mairie d&rsquo;Aigaliers, l&rsquo;Aphyllanthe re\u00e7oit le conteur Pascal Qu\u00e9r\u00e9 le 23 novembre \u00e0 16h00 dans la salle Andr\u00e9 Meynier \u00e0 Aigaliers.<\/p>\n<p>Th\u00e8me : \u00ab\u00a0Maarouf, le cordonnier\u00a0\u00bb l&rsquo;homme qui invente une caravane charg\u00e9e de richesse, est au c\u0153ur de ce r\u00e9cit des Mille et une Nuits. Toutes sortes d&rsquo;\u00e9motions, d&rsquo;actions et de coups de th\u00e9\u00e2tre se succ\u00e8dent dans cette histoire qui pose des questions essentielles : qu&rsquo;est-ce qu&rsquo;un d\u00e9sir ? Pourquoi, pour qui vivre ?<\/p>\n","protected":false},"excerpt":{"rendered":"<p>Affiche En partenariat avec le Conseil G\u00e9n\u00e9ral, la Direction du Livre et de la Lecture du Gard et la mairie d&rsquo;Aigaliers, l&rsquo;Aphyllanthe re\u00e7oit le conteur Pascal Qu\u00e9r\u00e9 le 23 novembre \u00e0 16h00 dans la salle Andr\u00e9 Meynier \u00e0 Aigaliers. Th\u00e8me : \u00ab\u00a0Maarouf, le cordonnier\u00a0\u00bb l&rsquo;homme qui invente une caravane charg\u00e9e de richesse, est au c\u0153ur &hellip; <a href=\"https:\/\/www.aphyllanthe.fr\/association\/contes-en-balade-le-23-novembre\/\" class=\"more-link\">Continuer la lecture de <span class=\"screen-reader-text\">Contes en balade le 23 novembre<\/span>  <span class=\"meta-nav\">&rarr;<\/span><\/a><\/p>\n","protected":false},"author":1,"featured_media":0,"comment_status":"closed","ping_status":"open","sticky":false,"template":"","format":"standard","meta":{"footnotes":""},"categories":[4],"tags":[],"class_list":["post-307","post","type-post","status-publish","format-standard","hentry","category-annonce"],"_links":{"self":[{"href":"https:\/\/www.aphyllanthe.fr\/association\/wp-json\/wp\/v2\/posts\/307","targetHints":{"allow":["GET"]}}],"collection":[{"href":"https:\/\/www.aphyllanthe.fr\/association\/wp-json\/wp\/v2\/posts"}],"about":[{"href":"https:\/\/www.aphyllanthe.fr\/association\/wp-json\/wp\/v2\/types\/post"}],"author":[{"embeddable":true,"href":"https:\/\/www.aphyllanthe.fr\/association\/wp-json\/wp\/v2\/users\/1"}],"replies":[{"embeddable":true,"href":"https:\/\/www.aphyllanthe.fr\/association\/wp-json\/wp\/v2\/comments?post=307"}],"version-history":[{"count":0,"href":"https:\/\/www.aphyllanthe.fr\/association\/wp-json\/wp\/v2\/posts\/307\/revisions"}],"wp:attachment":[{"href":"https:\/\/www.aphyllanthe.fr\/association\/wp-json\/wp\/v2\/media?parent=307"}],"wp:term":[{"taxonomy":"category","embeddable":true,"href":"https:\/\/www.aphyllanthe.fr\/association\/wp-json\/wp\/v2\/categories?post=307"},{"taxonomy":"post_tag","embeddable":true,"href":"https:\/\/www.aphyllanthe.fr\/association\/wp-json\/wp\/v2\/tags?post=307"}],"curies":[{"name":"wp","href":"https:\/\/api.w.org\/{rel}","templated":true}]}}