{"id":310,"date":"2014-10-20T10:22:46","date_gmt":"2014-10-20T09:22:46","guid":{"rendered":"http:\/\/www.aphyllanthe.fr\/association\/?p=310"},"modified":"2015-03-28T20:53:52","modified_gmt":"2015-03-28T19:53:52","slug":"sortie-exposition-miro-le-9-novembre","status":"publish","type":"post","link":"https:\/\/www.aphyllanthe.fr\/association\/sortie-exposition-miro-le-9-novembre\/","title":{"rendered":"Sortie Exposition Miro le 9 novembre"},"content":{"rendered":"<figure id=\"attachment_189\" aria-describedby=\"caption-attachment-189\" style=\"width: 192px\" class=\"wp-caption alignleft\"><img loading=\"lazy\" decoding=\"async\" class=\"size-full wp-image-189\" src=\"http:\/\/www.aphyllanthe.fr\/association\/wp-content\/uploads\/2014\/12\/affiche-expo-s\u00e8te-2014.jpg\" alt=\"affiche expo s\u00e8te 2014\" width=\"192\" height=\"236\" \/><figcaption id=\"caption-attachment-189\" class=\"wp-caption-text\">Affiche expo S\u00e8te 2014<\/figcaption><\/figure>\n<p>Le dimanche 9 novembre, l&rsquo;Aphyllanthe vous propose une sortie \u00e0 S\u00e8te avec la visite de l&rsquo;exposition Joan Miro au mus\u00e9e Paul Val\u00e9ry, suivie l&rsquo;apr\u00e8s-midi d&rsquo;une visite guid\u00e9e du mus\u00e9e de l&rsquo;\u00e9tang de Thau et de l&rsquo;exposition \u00ab\u00a0Femme de la mer de Chine\u00a0\u00bb.<\/p>\n<figure id=\"attachment_195\" aria-describedby=\"caption-attachment-195\" style=\"width: 200px\" class=\"wp-caption alignright\"><a href=\"http:\/\/www.aphyllanthe.fr\/association\/wp-content\/uploads\/2014\/12\/The_garden-miro-Small.jpg\"><img loading=\"lazy\" decoding=\"async\" class=\"size-medium wp-image-195\" src=\"http:\/\/www.aphyllanthe.fr\/association\/wp-content\/uploads\/2014\/12\/The_garden-miro-Small-235x300.jpg\" alt=\"Miro : The garden\" width=\"200\" height=\"255\" \/><\/a><figcaption id=\"caption-attachment-195\" class=\"wp-caption-text\">Miro : The garden<\/figcaption><\/figure>\n<div style=\"clear: left;\"><\/div>\n<p>Les r\u00e9servations pour le d\u00e9jeuner \u00e0 Bouzigues doivent imp\u00e9rativement \u00eatre faites avant le 3 novembre inclus.<\/p>\n","protected":false},"excerpt":{"rendered":"<p>Le dimanche 9 novembre, l&rsquo;Aphyllanthe vous propose une sortie \u00e0 S\u00e8te avec la visite de l&rsquo;exposition Joan Miro au mus\u00e9e Paul Val\u00e9ry, suivie l&rsquo;apr\u00e8s-midi d&rsquo;une visite guid\u00e9e du mus\u00e9e de l&rsquo;\u00e9tang de Thau et de l&rsquo;exposition \u00ab\u00a0Femme de la mer de Chine\u00a0\u00bb. Les r\u00e9servations pour le d\u00e9jeuner \u00e0 Bouzigues doivent imp\u00e9rativement \u00eatre faites avant le &hellip; <a href=\"https:\/\/www.aphyllanthe.fr\/association\/sortie-exposition-miro-le-9-novembre\/\" class=\"more-link\">Continuer la lecture de <span class=\"screen-reader-text\">Sortie Exposition Miro le 9 novembre<\/span>  <span class=\"meta-nav\">&rarr;<\/span><\/a><\/p>\n","protected":false},"author":1,"featured_media":276,"comment_status":"closed","ping_status":"open","sticky":false,"template":"","format":"standard","meta":{"footnotes":""},"categories":[4],"tags":[33],"class_list":["post-310","post","type-post","status-publish","format-standard","has-post-thumbnail","hentry","category-annonce","tag-sortie"],"_links":{"self":[{"href":"https:\/\/www.aphyllanthe.fr\/association\/wp-json\/wp\/v2\/posts\/310","targetHints":{"allow":["GET"]}}],"collection":[{"href":"https:\/\/www.aphyllanthe.fr\/association\/wp-json\/wp\/v2\/posts"}],"about":[{"href":"https:\/\/www.aphyllanthe.fr\/association\/wp-json\/wp\/v2\/types\/post"}],"author":[{"embeddable":true,"href":"https:\/\/www.aphyllanthe.fr\/association\/wp-json\/wp\/v2\/users\/1"}],"replies":[{"embeddable":true,"href":"https:\/\/www.aphyllanthe.fr\/association\/wp-json\/wp\/v2\/comments?post=310"}],"version-history":[{"count":0,"href":"https:\/\/www.aphyllanthe.fr\/association\/wp-json\/wp\/v2\/posts\/310\/revisions"}],"wp:featuredmedia":[{"embeddable":true,"href":"https:\/\/www.aphyllanthe.fr\/association\/wp-json\/wp\/v2\/media\/276"}],"wp:attachment":[{"href":"https:\/\/www.aphyllanthe.fr\/association\/wp-json\/wp\/v2\/media?parent=310"}],"wp:term":[{"taxonomy":"category","embeddable":true,"href":"https:\/\/www.aphyllanthe.fr\/association\/wp-json\/wp\/v2\/categories?post=310"},{"taxonomy":"post_tag","embeddable":true,"href":"https:\/\/www.aphyllanthe.fr\/association\/wp-json\/wp\/v2\/tags?post=310"}],"curies":[{"name":"wp","href":"https:\/\/api.w.org\/{rel}","templated":true}]}}