{"id":3109,"date":"2015-12-19T17:40:34","date_gmt":"2015-12-19T16:40:34","guid":{"rendered":"http:\/\/www.aphyllanthe.fr\/association\/?p=3109"},"modified":"2016-07-08T20:34:36","modified_gmt":"2016-07-08T19:34:36","slug":"parution-de-la-lettre-de-janvier-2016","status":"publish","type":"post","link":"https:\/\/www.aphyllanthe.fr\/association\/parution-de-la-lettre-de-janvier-2016\/","title":{"rendered":"Parution de la lettre de janvier 2016"},"content":{"rendered":"<p><a href=\"http:\/\/www.aphyllanthe.fr\/association\/wp-content\/uploads\/2015\/12\/Lettre-01-2016.pdf\"><img loading=\"lazy\" decoding=\"async\" src=\"http:\/\/www.aphyllanthe.fr\/association\/wp-content\/uploads\/2015\/12\/lettre-janv-2016-page-1-image-150x150.jpg\" alt=\"Lettre de janvier 2016\" width=\"150\" height=\"150\" class=\"alignleft size-thumbnail wp-image-2351\" \/><\/a>La Lettre de l&rsquo;Aphyllanthe vient de para\u00eetre avec tous les d\u00e9tails du programme des activit\u00e9s du 1er trimestre de 2016. Elle sera livr\u00e9e dans les bo\u00eetes aux lettres d&rsquo;Aigaliers, de Foissac et de Baron pendant la premi\u00e8re quinzaine de janvier. En attendant, vous pouvez <a href=\"http:\/\/www.aphyllanthe.fr\/association\/pdf\/lettres\/lettre-01-2016.pdf\">lire la lettre ici.<\/a> <\/p>\n","protected":false},"excerpt":{"rendered":"<p>La Lettre de l&rsquo;Aphyllanthe vient de para\u00eetre avec tous les d\u00e9tails du programme des activit\u00e9s du 1er trimestre de 2016. Elle sera livr\u00e9e dans les bo\u00eetes aux lettres d&rsquo;Aigaliers, de Foissac et de Baron pendant la premi\u00e8re quinzaine de janvier. En attendant, vous pouvez lire la lettre ici.<\/p>\n","protected":false},"author":1,"featured_media":0,"comment_status":"closed","ping_status":"closed","sticky":false,"template":"","format":"standard","meta":{"footnotes":""},"categories":[4],"tags":[],"class_list":["post-3109","post","type-post","status-publish","format-standard","hentry","category-annonce"],"_links":{"self":[{"href":"https:\/\/www.aphyllanthe.fr\/association\/wp-json\/wp\/v2\/posts\/3109","targetHints":{"allow":["GET"]}}],"collection":[{"href":"https:\/\/www.aphyllanthe.fr\/association\/wp-json\/wp\/v2\/posts"}],"about":[{"href":"https:\/\/www.aphyllanthe.fr\/association\/wp-json\/wp\/v2\/types\/post"}],"author":[{"embeddable":true,"href":"https:\/\/www.aphyllanthe.fr\/association\/wp-json\/wp\/v2\/users\/1"}],"replies":[{"embeddable":true,"href":"https:\/\/www.aphyllanthe.fr\/association\/wp-json\/wp\/v2\/comments?post=3109"}],"version-history":[{"count":0,"href":"https:\/\/www.aphyllanthe.fr\/association\/wp-json\/wp\/v2\/posts\/3109\/revisions"}],"wp:attachment":[{"href":"https:\/\/www.aphyllanthe.fr\/association\/wp-json\/wp\/v2\/media?parent=3109"}],"wp:term":[{"taxonomy":"category","embeddable":true,"href":"https:\/\/www.aphyllanthe.fr\/association\/wp-json\/wp\/v2\/categories?post=3109"},{"taxonomy":"post_tag","embeddable":true,"href":"https:\/\/www.aphyllanthe.fr\/association\/wp-json\/wp\/v2\/tags?post=3109"}],"curies":[{"name":"wp","href":"https:\/\/api.w.org\/{rel}","templated":true}]}}