{"id":3317,"date":"2016-01-17T22:09:55","date_gmt":"2016-01-17T21:09:55","guid":{"rendered":"http:\/\/www.aphyllanthe.fr\/association\/?p=3317"},"modified":"2016-01-17T22:09:55","modified_gmt":"2016-01-17T21:09:55","slug":"visite-guidee-de-la-ville-davignon","status":"publish","type":"post","link":"https:\/\/www.aphyllanthe.fr\/association\/visite-guidee-de-la-ville-davignon\/","title":{"rendered":"Visite guid\u00e9e de la ville d&rsquo;Avignon"},"content":{"rendered":"<p><img loading=\"lazy\" decoding=\"async\" src=\"http:\/\/www.aphyllanthe.fr\/association\/wp-content\/uploads\/2016\/01\/logo-ville-davignon-144x150.jpg\" alt=\"logo-ville-d&#039;avignon\" width=\"144\" height=\"150\" class=\"alignright size-thumbnail wp-image-3318\" \/>Pour la premi\u00e8re sortie du programme des visites culturelles de 2016, l&rsquo;Aphyllanthe vous propose une visite guid\u00e9e de la ville d&rsquo;Avignon : le centre historique, le Palais des Papes et le Pont Saint-B\u00e9n\u00e9zet.<!--more--><\/p>\n<p><strong>Date<\/strong> : Dimanche 31 janvier 2016<br \/>\n<strong>Horaire<\/strong> : 13h30<br \/>\n<strong>Dur\u00e9e<\/strong> : 3h<br \/>\n<strong>Tarifs adultes<\/strong> : adh\u00e9rent 8\u20ac ; non-adh\u00e9rent 20\u20ac<br \/>\n<strong>Tarifs enfants<\/strong> : adh\u00e9rent 4\u20ac ; non-adh\u00e9rent 10\u20ac<br \/>\n<em>Autres d\u00e9tails et possibilit\u00e9 de covoiturage  : contacter l&rsquo;Association<\/em><br \/>\n<figure id=\"attachment_3320\" aria-describedby=\"caption-attachment-3320\" style=\"width: 500px\" class=\"wp-caption aligncenter\"><img loading=\"lazy\" decoding=\"async\" src=\"http:\/\/www.aphyllanthe.fr\/association\/wp-content\/uploads\/2016\/01\/avignon.jpg\" alt=\"le palais des Papes\" width=\"500\" height=\"224\" class=\"size-full wp-image-3320\" srcset=\"https:\/\/www.aphyllanthe.fr\/association\/wp-content\/uploads\/2016\/01\/avignon.jpg 500w, https:\/\/www.aphyllanthe.fr\/association\/wp-content\/uploads\/2016\/01\/avignon-300x134.jpg 300w\" sizes=\"auto, (max-width: 500px) 100vw, 500px\" \/><figcaption id=\"caption-attachment-3320\" class=\"wp-caption-text\">le palais des Papes<\/figcaption><\/figure><\/p>\n","protected":false},"excerpt":{"rendered":"<p>Pour la premi\u00e8re sortie du programme des visites culturelles de 2016, l&rsquo;Aphyllanthe vous propose une visite guid\u00e9e de la ville d&rsquo;Avignon : le centre historique, le Palais des Papes et le Pont Saint-B\u00e9n\u00e9zet.<\/p>\n","protected":false},"author":1,"featured_media":0,"comment_status":"closed","ping_status":"closed","sticky":false,"template":"","format":"standard","meta":{"footnotes":""},"categories":[4],"tags":[],"class_list":["post-3317","post","type-post","status-publish","format-standard","hentry","category-annonce"],"_links":{"self":[{"href":"https:\/\/www.aphyllanthe.fr\/association\/wp-json\/wp\/v2\/posts\/3317","targetHints":{"allow":["GET"]}}],"collection":[{"href":"https:\/\/www.aphyllanthe.fr\/association\/wp-json\/wp\/v2\/posts"}],"about":[{"href":"https:\/\/www.aphyllanthe.fr\/association\/wp-json\/wp\/v2\/types\/post"}],"author":[{"embeddable":true,"href":"https:\/\/www.aphyllanthe.fr\/association\/wp-json\/wp\/v2\/users\/1"}],"replies":[{"embeddable":true,"href":"https:\/\/www.aphyllanthe.fr\/association\/wp-json\/wp\/v2\/comments?post=3317"}],"version-history":[{"count":0,"href":"https:\/\/www.aphyllanthe.fr\/association\/wp-json\/wp\/v2\/posts\/3317\/revisions"}],"wp:attachment":[{"href":"https:\/\/www.aphyllanthe.fr\/association\/wp-json\/wp\/v2\/media?parent=3317"}],"wp:term":[{"taxonomy":"category","embeddable":true,"href":"https:\/\/www.aphyllanthe.fr\/association\/wp-json\/wp\/v2\/categories?post=3317"},{"taxonomy":"post_tag","embeddable":true,"href":"https:\/\/www.aphyllanthe.fr\/association\/wp-json\/wp\/v2\/tags?post=3317"}],"curies":[{"name":"wp","href":"https:\/\/api.w.org\/{rel}","templated":true}]}}