{"id":3332,"date":"2016-01-17T20:00:11","date_gmt":"2016-01-17T19:00:11","guid":{"rendered":"http:\/\/www.aphyllanthe.fr\/association\/?p=3332"},"modified":"2016-01-18T15:18:56","modified_gmt":"2016-01-18T14:18:56","slug":"larbre-de-noel","status":"publish","type":"post","link":"https:\/\/www.aphyllanthe.fr\/association\/larbre-de-noel\/","title":{"rendered":"L&rsquo;arbre de No\u00ebl"},"content":{"rendered":"<p><a href=\"http:\/\/www.aphyllanthe.fr\/association\/wp-content\/uploads\/2016\/01\/arbre-de-noel-03.jpg\" rel=\"attachment wp-att-3336\"><img loading=\"lazy\" decoding=\"async\" src=\"http:\/\/www.aphyllanthe.fr\/association\/wp-content\/uploads\/2016\/01\/arbre-de-noel-03-150x150.jpg\" alt=\"arbre-de-noel-03\" width=\"150\" height=\"150\" class=\"alignleft size-thumbnail wp-image-3336\" \/><\/a>Les enfants des maternelles d&rsquo;Aigaliers ont, comme tous les ans,  fabriqu\u00e9 et d\u00e9cor\u00e9 le sapin de la mairie en collaboration avec l&rsquo;association en ce qui concerne l&rsquo;id\u00e9e des d\u00e9cors et l&rsquo;achat du mat\u00e9riel n\u00e9cessaire pour leur r\u00e9alisation. <!--more--><\/p>\n<div style=\"clear:both;\"><\/div>\n<p>Ce sapin, plac\u00e9 dans le foyer, a permis de d\u00e9corer la salle lors du repas des anciens d&rsquo;Aigaliers.<br \/>\n<div id=\"metaslider-id-3339\" style=\"max-width: 330px; margin: 0 auto;\" class=\"ml-slider-3-108-0 metaslider metaslider-nivo metaslider-3339 ml-slider has-dots-nav ms-theme-default\" role=\"region\" aria-label=\"arbre-noel-2015\" data-height=\"450\" data-width=\"330\">\n    <div id=\"metaslider_container_3339\">\n        <div class='slider-wrapper theme-default'><div class='ribbon'><\/div><div id='metaslider_3339' class='nivoSlider'><img loading=\"lazy\" decoding=\"async\" src=\"https:\/\/www.aphyllanthe.fr\/association\/wp-content\/uploads\/2016\/01\/arbre-de-noel-03-330x450.jpg\" height=\"450\" width=\"330\" alt=\"\" class=\"slider-3339 slide-3336 msDefaultImage\" \/><img loading=\"lazy\" decoding=\"async\" src=\"https:\/\/www.aphyllanthe.fr\/association\/wp-content\/uploads\/2016\/01\/arbre-de-noel-02-330x450.jpg\" height=\"450\" width=\"330\" alt=\"\" class=\"slider-3339 slide-3335 msDefaultImage\" \/><img loading=\"lazy\" decoding=\"async\" src=\"https:\/\/www.aphyllanthe.fr\/association\/wp-content\/uploads\/2016\/01\/arbre-de-noel-01-330x450.jpg\" height=\"450\" width=\"330\" alt=\"\" class=\"slider-3339 slide-3334 msDefaultImage\" \/><\/div><\/div>\n        \n    <\/div>\n<\/div><\/p>\n","protected":false},"excerpt":{"rendered":"<p>Les enfants des maternelles d&rsquo;Aigaliers ont, comme tous les ans, fabriqu\u00e9 et d\u00e9cor\u00e9 le sapin de la mairie en collaboration avec l&rsquo;association en ce qui concerne l&rsquo;id\u00e9e des d\u00e9cors et l&rsquo;achat du mat\u00e9riel n\u00e9cessaire pour leur r\u00e9alisation.<\/p>\n","protected":false},"author":1,"featured_media":0,"comment_status":"closed","ping_status":"closed","sticky":false,"template":"","format":"standard","meta":{"footnotes":""},"categories":[3,100],"tags":[],"class_list":["post-3332","post","type-post","status-publish","format-standard","hentry","category-reportage","category-travaux-manuels"],"_links":{"self":[{"href":"https:\/\/www.aphyllanthe.fr\/association\/wp-json\/wp\/v2\/posts\/3332","targetHints":{"allow":["GET"]}}],"collection":[{"href":"https:\/\/www.aphyllanthe.fr\/association\/wp-json\/wp\/v2\/posts"}],"about":[{"href":"https:\/\/www.aphyllanthe.fr\/association\/wp-json\/wp\/v2\/types\/post"}],"author":[{"embeddable":true,"href":"https:\/\/www.aphyllanthe.fr\/association\/wp-json\/wp\/v2\/users\/1"}],"replies":[{"embeddable":true,"href":"https:\/\/www.aphyllanthe.fr\/association\/wp-json\/wp\/v2\/comments?post=3332"}],"version-history":[{"count":0,"href":"https:\/\/www.aphyllanthe.fr\/association\/wp-json\/wp\/v2\/posts\/3332\/revisions"}],"wp:attachment":[{"href":"https:\/\/www.aphyllanthe.fr\/association\/wp-json\/wp\/v2\/media?parent=3332"}],"wp:term":[{"taxonomy":"category","embeddable":true,"href":"https:\/\/www.aphyllanthe.fr\/association\/wp-json\/wp\/v2\/categories?post=3332"},{"taxonomy":"post_tag","embeddable":true,"href":"https:\/\/www.aphyllanthe.fr\/association\/wp-json\/wp\/v2\/tags?post=3332"}],"curies":[{"name":"wp","href":"https:\/\/api.w.org\/{rel}","templated":true}]}}