{"id":3357,"date":"2016-01-17T20:30:50","date_gmt":"2016-01-17T19:30:50","guid":{"rendered":"http:\/\/www.aphyllanthe.fr\/association\/?p=3357"},"modified":"2016-01-18T15:20:16","modified_gmt":"2016-01-18T14:20:16","slug":"atelier-tricot-the","status":"publish","type":"post","link":"https:\/\/www.aphyllanthe.fr\/association\/atelier-tricot-the\/","title":{"rendered":"Atelier tricot-th\u00e9"},"content":{"rendered":"<p><figure id=\"attachment_3359\" aria-describedby=\"caption-attachment-3359\" style=\"width: 150px\" class=\"wp-caption alignleft\"><a href=\"http:\/\/www.aphyllanthe.fr\/association\/wp-content\/uploads\/2016\/01\/tricot-the.jpg\" rel=\"attachment wp-att-3359\"><img loading=\"lazy\" decoding=\"async\" src=\"http:\/\/www.aphyllanthe.fr\/association\/wp-content\/uploads\/2016\/01\/tricot-the-150x150.jpg\" alt=\"repas du nouvel an 2016\" width=\"150\" height=\"150\" class=\"size-thumbnail wp-image-3359\" \/><\/a><figcaption id=\"caption-attachment-3359\" class=\"wp-caption-text\">repas du nouvel an 2016<\/figcaption><\/figure>L&rsquo;ann\u00e9e a bien commenc\u00e9 pour le tricot-th\u00e9 car les participantes se sont retrouv\u00e9es autour d&rsquo;un repas bien chaleureux. Beaucoup de rires, de bavardages, d&rsquo;amiti\u00e9 et des plats d\u00e9licieux.<\/p>\n","protected":false},"excerpt":{"rendered":"<p>L&rsquo;ann\u00e9e a bien commenc\u00e9 pour le tricot-th\u00e9 car les participantes se sont retrouv\u00e9es autour d&rsquo;un repas bien chaleureux. Beaucoup de rires, de bavardages, d&rsquo;amiti\u00e9 et des plats d\u00e9licieux.<\/p>\n","protected":false},"author":1,"featured_media":0,"comment_status":"closed","ping_status":"closed","sticky":false,"template":"","format":"standard","meta":{"footnotes":""},"categories":[3],"tags":[],"class_list":["post-3357","post","type-post","status-publish","format-standard","hentry","category-reportage"],"_links":{"self":[{"href":"https:\/\/www.aphyllanthe.fr\/association\/wp-json\/wp\/v2\/posts\/3357","targetHints":{"allow":["GET"]}}],"collection":[{"href":"https:\/\/www.aphyllanthe.fr\/association\/wp-json\/wp\/v2\/posts"}],"about":[{"href":"https:\/\/www.aphyllanthe.fr\/association\/wp-json\/wp\/v2\/types\/post"}],"author":[{"embeddable":true,"href":"https:\/\/www.aphyllanthe.fr\/association\/wp-json\/wp\/v2\/users\/1"}],"replies":[{"embeddable":true,"href":"https:\/\/www.aphyllanthe.fr\/association\/wp-json\/wp\/v2\/comments?post=3357"}],"version-history":[{"count":0,"href":"https:\/\/www.aphyllanthe.fr\/association\/wp-json\/wp\/v2\/posts\/3357\/revisions"}],"wp:attachment":[{"href":"https:\/\/www.aphyllanthe.fr\/association\/wp-json\/wp\/v2\/media?parent=3357"}],"wp:term":[{"taxonomy":"category","embeddable":true,"href":"https:\/\/www.aphyllanthe.fr\/association\/wp-json\/wp\/v2\/categories?post=3357"},{"taxonomy":"post_tag","embeddable":true,"href":"https:\/\/www.aphyllanthe.fr\/association\/wp-json\/wp\/v2\/tags?post=3357"}],"curies":[{"name":"wp","href":"https:\/\/api.w.org\/{rel}","templated":true}]}}