{"id":3454,"date":"2016-03-02T11:48:50","date_gmt":"2016-03-02T10:48:50","guid":{"rendered":"http:\/\/www.aphyllanthe.fr\/association\/?p=3454"},"modified":"2016-03-15T18:21:36","modified_gmt":"2016-03-15T17:21:36","slug":"nouvelles-des-sentiers-de-rando","status":"publish","type":"post","link":"https:\/\/www.aphyllanthe.fr\/association\/nouvelles-des-sentiers-de-rando\/","title":{"rendered":"Nouvelles des sentiers de rando"},"content":{"rendered":"<figure id=\"attachment_3446\" aria-describedby=\"caption-attachment-3446\" style=\"width: 1920px\" class=\"wp-caption aligncenter\"><img loading=\"lazy\" decoding=\"async\" class=\"size-full wp-image-3446\" src=\"http:\/\/www.aphyllanthe.fr\/association\/wp-content\/uploads\/2016\/03\/crete-de-la-taillade-claret.jpg\" alt=\"cr\u00eate de la Taillade pr\u00e8s du lac de Claret, H\u00e9rault\" width=\"1920\" height=\"408\" srcset=\"https:\/\/www.aphyllanthe.fr\/association\/wp-content\/uploads\/2016\/03\/crete-de-la-taillade-claret.jpg 1920w, https:\/\/www.aphyllanthe.fr\/association\/wp-content\/uploads\/2016\/03\/crete-de-la-taillade-claret-300x64.jpg 300w, https:\/\/www.aphyllanthe.fr\/association\/wp-content\/uploads\/2016\/03\/crete-de-la-taillade-claret-768x163.jpg 768w, https:\/\/www.aphyllanthe.fr\/association\/wp-content\/uploads\/2016\/03\/crete-de-la-taillade-claret-1024x218.jpg 1024w, https:\/\/www.aphyllanthe.fr\/association\/wp-content\/uploads\/2016\/03\/crete-de-la-taillade-claret-600x128.jpg 600w\" sizes=\"auto, (max-width: 1920px) 100vw, 1920px\" \/><figcaption id=\"caption-attachment-3446\" class=\"wp-caption-text\">cr\u00eate de la Taillade pr\u00e8s du lac de Claret, H\u00e9rault<\/figcaption><\/figure>\n<p>Malgr\u00e9 les quelques journ\u00e9es de vent et de m\u00e9t\u00e9o maussade, le groupe de randonn\u00e9e de l&rsquo;Aphyllanthe a fait de tr\u00e8s belles d\u00e9couvertes cet hiver.<br \/>\n<!--more--><\/p>\n<figure id=\"attachment_3453\" aria-describedby=\"caption-attachment-3453\" style=\"width: 300px\" class=\"wp-caption alignleft\"><img loading=\"lazy\" decoding=\"async\" class=\"size-medium wp-image-3453\" src=\"http:\/\/www.aphyllanthe.fr\/association\/wp-content\/uploads\/2016\/03\/tour-de-guet-sommet-des-opies-300x200.jpg\" alt=\"au sommet des Opies, les Alpilles\" width=\"300\" height=\"200\" srcset=\"https:\/\/www.aphyllanthe.fr\/association\/wp-content\/uploads\/2016\/03\/tour-de-guet-sommet-des-opies-300x200.jpg 300w, https:\/\/www.aphyllanthe.fr\/association\/wp-content\/uploads\/2016\/03\/tour-de-guet-sommet-des-opies-768x512.jpg 768w, https:\/\/www.aphyllanthe.fr\/association\/wp-content\/uploads\/2016\/03\/tour-de-guet-sommet-des-opies-1024x683.jpg 1024w, https:\/\/www.aphyllanthe.fr\/association\/wp-content\/uploads\/2016\/03\/tour-de-guet-sommet-des-opies-600x400.jpg 600w, https:\/\/www.aphyllanthe.fr\/association\/wp-content\/uploads\/2016\/03\/tour-de-guet-sommet-des-opies.jpg 1620w\" sizes=\"auto, (max-width: 300px) 100vw, 300px\" \/><figcaption id=\"caption-attachment-3453\" class=\"wp-caption-text\">au sommet des Opies, les Alpilles<\/figcaption><\/figure>\n<p>Une sortie aux Alpilles a men\u00e9 le groupe au sommet des Opies, le plus haut point de la cha\u00eene. Le vent \u00e9tait bien au rendez-vous au sommet, comme souvent dans cette r\u00e9gion.<\/p>\n<div style=\"clear: both;\"><\/div>\n<figure id=\"attachment_3450\" aria-describedby=\"caption-attachment-3450\" style=\"width: 300px\" class=\"wp-caption alignright\"><img loading=\"lazy\" decoding=\"async\" class=\"size-medium wp-image-3450\" src=\"http:\/\/www.aphyllanthe.fr\/association\/wp-content\/uploads\/2016\/03\/IMG_5331-naves-300x225.jpg\" alt=\"quittant le village de Naves, avec Les Vans en toile de fond\" width=\"300\" height=\"225\" srcset=\"https:\/\/www.aphyllanthe.fr\/association\/wp-content\/uploads\/2016\/03\/IMG_5331-naves-300x225.jpg 300w, https:\/\/www.aphyllanthe.fr\/association\/wp-content\/uploads\/2016\/03\/IMG_5331-naves-768x576.jpg 768w, https:\/\/www.aphyllanthe.fr\/association\/wp-content\/uploads\/2016\/03\/IMG_5331-naves-1024x768.jpg 1024w, https:\/\/www.aphyllanthe.fr\/association\/wp-content\/uploads\/2016\/03\/IMG_5331-naves-600x450.jpg 600w, https:\/\/www.aphyllanthe.fr\/association\/wp-content\/uploads\/2016\/03\/IMG_5331-naves.jpg 1440w\" sizes=\"auto, (max-width: 300px) 100vw, 300px\" \/><figcaption id=\"caption-attachment-3450\" class=\"wp-caption-text\">quittant le village de Naves, avec Les Vans en toile de fond<\/figcaption><\/figure>\n<p>Le groupe a aussi pu aller au sommet du serre de Barre pr\u00e8s du village Les Vans en Ard\u00e8che, tout en passant par les tr\u00e8s beaux villages c\u00e9venols de Naves et de Brahic. Il y a eu aussi des passages par le pittoresque lac de Saint-Maurice-de-Cazevielle et le castellas de Belvezet.<\/p>\n<div style=\"clear: both;\">\n<div id='gallery-1' class='gallery galleryid-3454 gallery-columns-3 gallery-size-thumbnail'><figure class='gallery-item'>\n\t\t\t<div class='gallery-icon landscape'>\n\t\t\t\t<a href='https:\/\/www.aphyllanthe.fr\/association\/wp-content\/uploads\/2016\/03\/las-alauzas-nettoyage-chataigneraies.jpg'><img loading=\"lazy\" decoding=\"async\" width=\"150\" height=\"150\" src=\"https:\/\/www.aphyllanthe.fr\/association\/wp-content\/uploads\/2016\/03\/las-alauzas-nettoyage-chataigneraies-150x150.jpg\" class=\"attachment-thumbnail size-thumbnail\" alt=\"\" aria-describedby=\"gallery-1-3452\" \/><\/a>\n\t\t\t<\/div>\n\t\t\t\t<figcaption class='wp-caption-text gallery-caption' id='gallery-1-3452'>\n\t\t\t\tnettoyage de la chataigneraie aux Alauzas, pr\u00e8s de Les Vans, Ard\u00e8che\n\t\t\t\t<\/figcaption><\/figure><figure class='gallery-item'>\n\t\t\t<div class='gallery-icon landscape'>\n\t\t\t\t<a href='https:\/\/www.aphyllanthe.fr\/association\/wp-content\/uploads\/2016\/03\/lac-de-saint-maurice.jpg'><img loading=\"lazy\" decoding=\"async\" width=\"150\" height=\"150\" src=\"https:\/\/www.aphyllanthe.fr\/association\/wp-content\/uploads\/2016\/03\/lac-de-saint-maurice-150x150.jpg\" class=\"attachment-thumbnail size-thumbnail\" alt=\"\" aria-describedby=\"gallery-1-3451\" \/><\/a>\n\t\t\t<\/div>\n\t\t\t\t<figcaption class='wp-caption-text gallery-caption' id='gallery-1-3451'>\n\t\t\t\tle lac de Saint-Maurice-de-Cazevielle\n\t\t\t\t<\/figcaption><\/figure><figure class='gallery-item'>\n\t\t\t<div class='gallery-icon landscape'>\n\t\t\t\t<a href='https:\/\/www.aphyllanthe.fr\/association\/wp-content\/uploads\/2016\/03\/IMG_5331-naves.jpg'><img loading=\"lazy\" decoding=\"async\" width=\"150\" height=\"150\" src=\"https:\/\/www.aphyllanthe.fr\/association\/wp-content\/uploads\/2016\/03\/IMG_5331-naves-150x150.jpg\" class=\"attachment-thumbnail size-thumbnail\" alt=\"\" aria-describedby=\"gallery-1-3450\" \/><\/a>\n\t\t\t<\/div>\n\t\t\t\t<figcaption class='wp-caption-text gallery-caption' id='gallery-1-3450'>\n\t\t\t\tquittant le village de Naves, avec Les Vans en toile de fond\n\t\t\t\t<\/figcaption><\/figure><figure class='gallery-item'>\n\t\t\t<div class='gallery-icon landscape'>\n\t\t\t\t<a href='https:\/\/www.aphyllanthe.fr\/association\/wp-content\/uploads\/2016\/03\/euzet-vestiges-chem-de-fer.jpg'><img loading=\"lazy\" decoding=\"async\" width=\"150\" height=\"150\" src=\"https:\/\/www.aphyllanthe.fr\/association\/wp-content\/uploads\/2016\/03\/euzet-vestiges-chem-de-fer-150x150.jpg\" class=\"attachment-thumbnail size-thumbnail\" alt=\"\" aria-describedby=\"gallery-1-3449\" \/><\/a>\n\t\t\t<\/div>\n\t\t\t\t<figcaption class='wp-caption-text gallery-caption' id='gallery-1-3449'>\n\t\t\t\tvestiges de la lige de chemin de fer Beaucaire-Le-Martinet \u00e0 Euzet\n\t\t\t\t<\/figcaption><\/figure><figure class='gallery-item'>\n\t\t\t<div class='gallery-icon landscape'>\n\t\t\t\t<a href='https:\/\/www.aphyllanthe.fr\/association\/wp-content\/uploads\/2016\/03\/domaine-du-mas-neuf-lauret.jpg'><img loading=\"lazy\" decoding=\"async\" width=\"150\" height=\"150\" src=\"https:\/\/www.aphyllanthe.fr\/association\/wp-content\/uploads\/2016\/03\/domaine-du-mas-neuf-lauret-150x150.jpg\" class=\"attachment-thumbnail size-thumbnail\" alt=\"\" aria-describedby=\"gallery-1-3448\" \/><\/a>\n\t\t\t<\/div>\n\t\t\t\t<figcaption class='wp-caption-text gallery-caption' id='gallery-1-3448'>\n\t\t\t\tau domaine du Mas Neuf sur le causse de l&rsquo;Hortus\n\t\t\t\t<\/figcaption><\/figure><figure class='gallery-item'>\n\t\t\t<div class='gallery-icon landscape'>\n\t\t\t\t<a href='https:\/\/www.aphyllanthe.fr\/association\/wp-content\/uploads\/2016\/03\/bergerie-sur-gr6.jpg'><img loading=\"lazy\" decoding=\"async\" width=\"150\" height=\"150\" src=\"https:\/\/www.aphyllanthe.fr\/association\/wp-content\/uploads\/2016\/03\/bergerie-sur-gr6-150x150.jpg\" class=\"attachment-thumbnail size-thumbnail\" alt=\"\" aria-describedby=\"gallery-1-3444\" \/><\/a>\n\t\t\t<\/div>\n\t\t\t\t<figcaption class='wp-caption-text gallery-caption' id='gallery-1-3444'>\n\t\t\t\tune bergerie sur la GR6, les Alpilles\n\t\t\t\t<\/figcaption><\/figure><figure class='gallery-item'>\n\t\t\t<div class='gallery-icon landscape'>\n\t\t\t\t<a href='https:\/\/www.aphyllanthe.fr\/association\/wp-content\/uploads\/2016\/03\/belvedere-au-rocher-du-causseDSC02075.jpg'><img loading=\"lazy\" decoding=\"async\" width=\"150\" height=\"150\" src=\"https:\/\/www.aphyllanthe.fr\/association\/wp-content\/uploads\/2016\/03\/belvedere-au-rocher-du-causseDSC02075-150x150.jpg\" class=\"attachment-thumbnail size-thumbnail\" alt=\"\" aria-describedby=\"gallery-1-3443\" \/><\/a>\n\t\t\t<\/div>\n\t\t\t\t<figcaption class='wp-caption-text gallery-caption' id='gallery-1-3443'>\n\t\t\t\tau belv\u00e9d\u00e8re du Rocher du Causse, causse de l&rsquo;Hortus\n\t\t\t\t<\/figcaption><\/figure><figure class='gallery-item'>\n\t\t\t<div class='gallery-icon landscape'>\n\t\t\t\t<a href='https:\/\/www.aphyllanthe.fr\/association\/wp-content\/uploads\/2016\/03\/amandiers-alpilles.jpg'><img loading=\"lazy\" decoding=\"async\" width=\"150\" height=\"150\" src=\"https:\/\/www.aphyllanthe.fr\/association\/wp-content\/uploads\/2016\/03\/amandiers-alpilles-150x150.jpg\" class=\"attachment-thumbnail size-thumbnail\" alt=\"\" aria-describedby=\"gallery-1-3442\" \/><\/a>\n\t\t\t<\/div>\n\t\t\t\t<figcaption class='wp-caption-text gallery-caption' id='gallery-1-3442'>\n\t\t\t\tamandiers pr\u00e9coces, dans le vallon de Glauges, les Alpilles\n\t\t\t\t<\/figcaption><\/figure><figure class='gallery-item'>\n\t\t\t<div class='gallery-icon landscape'>\n\t\t\t\t<a href='https:\/\/www.aphyllanthe.fr\/association\/wp-content\/uploads\/2016\/03\/tour-de-guet-sommet-des-opies.jpg'><img loading=\"lazy\" decoding=\"async\" width=\"150\" height=\"150\" src=\"https:\/\/www.aphyllanthe.fr\/association\/wp-content\/uploads\/2016\/03\/tour-de-guet-sommet-des-opies-150x150.jpg\" class=\"attachment-thumbnail size-thumbnail\" alt=\"\" aria-describedby=\"gallery-1-3453\" \/><\/a>\n\t\t\t<\/div>\n\t\t\t\t<figcaption class='wp-caption-text gallery-caption' id='gallery-1-3453'>\n\t\t\t\tau sommet des Opies, les Alpilles\n\t\t\t\t<\/figcaption><\/figure>\n\t\t<\/div>\n\n<\/div>\n<figure id=\"attachment_3447\" aria-describedby=\"caption-attachment-3447\" style=\"width: 300px\" class=\"wp-caption alignleft\"><a href=\"http:\/\/www.aphyllanthe.fr\/association\/wp-content\/uploads\/2016\/03\/descente-du-larzac-vallee-de-la-bueges.jpg\" rel=\"attachment wp-att-3447\"><img loading=\"lazy\" decoding=\"async\" class=\"size-medium wp-image-3447\" src=\"http:\/\/www.aphyllanthe.fr\/association\/wp-content\/uploads\/2016\/03\/descente-du-larzac-vallee-de-la-bueges-300x225.jpg\" alt=\"descente du Larzac en lacets au-dessus de P\u00e9gairolles de Bu\u00e8ges\" width=\"300\" height=\"225\" srcset=\"https:\/\/www.aphyllanthe.fr\/association\/wp-content\/uploads\/2016\/03\/descente-du-larzac-vallee-de-la-bueges-300x225.jpg 300w, https:\/\/www.aphyllanthe.fr\/association\/wp-content\/uploads\/2016\/03\/descente-du-larzac-vallee-de-la-bueges-768x576.jpg 768w, https:\/\/www.aphyllanthe.fr\/association\/wp-content\/uploads\/2016\/03\/descente-du-larzac-vallee-de-la-bueges-1024x768.jpg 1024w, https:\/\/www.aphyllanthe.fr\/association\/wp-content\/uploads\/2016\/03\/descente-du-larzac-vallee-de-la-bueges-600x450.jpg 600w, https:\/\/www.aphyllanthe.fr\/association\/wp-content\/uploads\/2016\/03\/descente-du-larzac-vallee-de-la-bueges.jpg 1440w\" sizes=\"auto, (max-width: 300px) 100vw, 300px\" \/><\/a><figcaption id=\"caption-attachment-3447\" class=\"wp-caption-text\">descente du Larzac en lacets au-dessus de P\u00e9gairolles de Bu\u00e8ges<\/figcaption><\/figure>\n<p>Et pour des paysages grandioses, il n&rsquo;y avait pas mieux que la sortie dans la vall\u00e9e de la Bu\u00e8ges. La descente en lacets depuis le causse en surplomb du village de P\u00e9gairolles-de-Bu\u00e8ges m\u00e9ritait largement l&rsquo;effort n\u00e9cessaire pour y arriver.<\/p>\n","protected":false},"excerpt":{"rendered":"<p>Malgr\u00e9 les quelques journ\u00e9es de vent et de m\u00e9t\u00e9o maussade, le groupe de randonn\u00e9e de l&rsquo;Aphyllanthe a fait de tr\u00e8s belles d\u00e9couvertes cet hiver.<\/p>\n","protected":false},"author":1,"featured_media":0,"comment_status":"closed","ping_status":"closed","sticky":false,"template":"","format":"standard","meta":{"footnotes":""},"categories":[70],"tags":[],"class_list":["post-3454","post","type-post","status-publish","format-standard","hentry","category-randonnees"],"_links":{"self":[{"href":"https:\/\/www.aphyllanthe.fr\/association\/wp-json\/wp\/v2\/posts\/3454","targetHints":{"allow":["GET"]}}],"collection":[{"href":"https:\/\/www.aphyllanthe.fr\/association\/wp-json\/wp\/v2\/posts"}],"about":[{"href":"https:\/\/www.aphyllanthe.fr\/association\/wp-json\/wp\/v2\/types\/post"}],"author":[{"embeddable":true,"href":"https:\/\/www.aphyllanthe.fr\/association\/wp-json\/wp\/v2\/users\/1"}],"replies":[{"embeddable":true,"href":"https:\/\/www.aphyllanthe.fr\/association\/wp-json\/wp\/v2\/comments?post=3454"}],"version-history":[{"count":0,"href":"https:\/\/www.aphyllanthe.fr\/association\/wp-json\/wp\/v2\/posts\/3454\/revisions"}],"wp:attachment":[{"href":"https:\/\/www.aphyllanthe.fr\/association\/wp-json\/wp\/v2\/media?parent=3454"}],"wp:term":[{"taxonomy":"category","embeddable":true,"href":"https:\/\/www.aphyllanthe.fr\/association\/wp-json\/wp\/v2\/categories?post=3454"},{"taxonomy":"post_tag","embeddable":true,"href":"https:\/\/www.aphyllanthe.fr\/association\/wp-json\/wp\/v2\/tags?post=3454"}],"curies":[{"name":"wp","href":"https:\/\/api.w.org\/{rel}","templated":true}]}}