{"id":3701,"date":"2016-04-11T21:19:22","date_gmt":"2016-04-11T20:19:22","guid":{"rendered":"http:\/\/www.aphyllanthe.fr\/association\/?p=3701"},"modified":"2016-04-15T17:53:03","modified_gmt":"2016-04-15T16:53:03","slug":"reportage-sur-la-sortie-a-marseille","status":"publish","type":"post","link":"https:\/\/www.aphyllanthe.fr\/association\/reportage-sur-la-sortie-a-marseille\/","title":{"rendered":"Reportage sur la sortie \u00e0 Marseille"},"content":{"rendered":"<p><figure id=\"attachment_3722\" aria-describedby=\"caption-attachment-3722\" style=\"width: 150px\" class=\"wp-caption alignleft\"><a href=\"http:\/\/www.aphyllanthe.fr\/association\/wp-content\/uploads\/2016\/04\/IMG_5649-bazar-du-panier-r.jpg\" rel=\"attachment wp-att-3722\"><img loading=\"lazy\" decoding=\"async\" src=\"http:\/\/www.aphyllanthe.fr\/association\/wp-content\/uploads\/2016\/04\/IMG_5649-bazar-du-panier-r-150x150.jpg\" alt=\"bazar du Panier\" width=\"150\" height=\"150\" class=\"size-thumbnail wp-image-3722\" \/><\/a><figcaption id=\"caption-attachment-3722\" class=\"wp-caption-text\">bazar du Panier<\/figcaption><\/figure>Le dimanche 3 avril 2016, dans le cadre des sorties Culture et Patrimoine, l&rsquo;Association a programm\u00e9 une visite guid\u00e9e de la ville de Marseille avec une emphase sp\u00e9ciale sur le quartier du Panier. Ce jour-l\u00e0, c&rsquo;\u00e9tait extr\u00eamement difficile de se motiver pour partir en voiture car en Uz\u00e8ge il y avait de la bruine, un ciel bas et du brouillard. <!--more--> C&rsquo;\u00e9tait une journ\u00e9e \u00e0 rester cocon\u00e9 chez soi. Effectivement, sur 20 inscrits seuls 10 ont eu le courage de partir. Mais quelle bonne surprise et belle r\u00e9compense car \u00e0 Marseille, sans pluie et assez doux, la visite a pu se faire dans des conditions excellentes.<\/p>\n<p>Pour ceux qui ne connaissent pas Marseille (comme plusieurs de notre groupe) le quartier du Panier, coinc\u00e9 entre la mer et le vieux port, est un des plus anciens de la ville et le lieu d&rsquo;implantation des premi\u00e8res populations grecs et romains. Au fil des si\u00e8cles ce quartier a servi comme premier point d\u2019atterrissage de bien des immigr\u00e9s. Aujourd&rsquo;hui, ce quartier h\u00e9t\u00e9roclite et pittoresque est plus que fascinant et vaut bien le voyage.<\/p>\n<p><figure id=\"attachment_3721\" aria-describedby=\"caption-attachment-3721\" style=\"width: 225px\" class=\"wp-caption alignright\"><a href=\"http:\/\/www.aphyllanthe.fr\/association\/wp-content\/uploads\/2016\/04\/IMG_5638-detail-de-l-hotel-de-cabre-r.jpg\" rel=\"attachment wp-att-3721\"><img loading=\"lazy\" decoding=\"async\" src=\"http:\/\/www.aphyllanthe.fr\/association\/wp-content\/uploads\/2016\/04\/IMG_5638-detail-de-l-hotel-de-cabre-r-225x300.jpg\" alt=\"h\u00f4tel de Cabre - d\u00e9tail\" width=\"225\" height=\"300\" class=\"size-medium wp-image-3721\" srcset=\"https:\/\/www.aphyllanthe.fr\/association\/wp-content\/uploads\/2016\/04\/IMG_5638-detail-de-l-hotel-de-cabre-r-225x300.jpg 225w, https:\/\/www.aphyllanthe.fr\/association\/wp-content\/uploads\/2016\/04\/IMG_5638-detail-de-l-hotel-de-cabre-r-768x1024.jpg 768w, https:\/\/www.aphyllanthe.fr\/association\/wp-content\/uploads\/2016\/04\/IMG_5638-detail-de-l-hotel-de-cabre-r-600x800.jpg 600w, https:\/\/www.aphyllanthe.fr\/association\/wp-content\/uploads\/2016\/04\/IMG_5638-detail-de-l-hotel-de-cabre-r.jpg 1080w\" sizes=\"auto, (max-width: 225px) 100vw, 225px\" \/><\/a><figcaption id=\"caption-attachment-3721\" class=\"wp-caption-text\">h\u00f4tel de Cabre &#8211; d\u00e9tail<\/figcaption><\/figure>Notre excellent guide nous a fait passer aussi par le jardin de vestiges et le renomm\u00e9 h\u00f4tel de Cabre <scan style=\"color:magenta;font-size:0.8em;vertical-align:super;\">(1)<\/scan>. Au cours de la visite du Panier, nous avons pu admirer ruelles pittoresques, boutiques de mode et le centre de\u00a0 \u00ab\u00a0la Vielle Charit\u00e9\u00a0\u00bb qui h\u00e9berge plusieurs structures et \u00e9v\u00e8nements culturels (mus\u00e9e, associations, \u00e9cole, cin\u00e9ma, expositions).<\/p>\n<p>Apr\u00e8s la pause gourmande, une balade au Fort St-Jean et sur le parvis du Mucem a compl\u00e9t\u00e9 une journ\u00e9e bien remplie et fascinante. <\/p>\n<p><scan style=\"color:magenta;font-size:0.8em;vertical-align:super;\">(1)<\/scan><scan style=\"font-size:0.9em;\"> <em>Savait-on que ce b\u00e2timent du moyen \u00e2ge a \u00e9t\u00e9 tourn\u00e9 \u00e0 90 degr\u00e9s ? En effet, en 1952, se trouvant dans l&rsquo;axe de la Grand&rsquo;Rue en r\u00e9novation, l&rsquo;h\u00f4tel a \u00e9t\u00e9 soulev\u00e9 en bloc et d\u00e9plac\u00e9 \u00e0 son emplacement actuel faisant face \u00e0 la Grand&rsquo;Rue. Voir la photo montrant le nom des rues ancienne et actuelle.<\/em><\/scan><br \/>\n<div id='gallery-1' class='gallery galleryid-3701 gallery-columns-4 gallery-size-thumbnail'><figure class='gallery-item'>\n\t\t\t<div class='gallery-icon landscape'>\n\t\t\t\t<a href='https:\/\/www.aphyllanthe.fr\/association\/wp-content\/uploads\/2016\/04\/IMG_5681-fort-st-jean.jpg'><img loading=\"lazy\" decoding=\"async\" width=\"150\" height=\"150\" src=\"https:\/\/www.aphyllanthe.fr\/association\/wp-content\/uploads\/2016\/04\/IMG_5681-fort-st-jean-150x150.jpg\" class=\"attachment-thumbnail size-thumbnail\" alt=\"\" aria-describedby=\"gallery-1-3719\" \/><\/a>\n\t\t\t<\/div>\n\t\t\t\t<figcaption class='wp-caption-text gallery-caption' id='gallery-1-3719'>\n\t\t\t\tle fort St Jean\n\t\t\t\t<\/figcaption><\/figure><figure class='gallery-item'>\n\t\t\t<div class='gallery-icon landscape'>\n\t\t\t\t<a href='https:\/\/www.aphyllanthe.fr\/association\/wp-content\/uploads\/2016\/04\/IMG_5634-jardin-des-vestiges.jpg'><img loading=\"lazy\" decoding=\"async\" width=\"150\" height=\"150\" src=\"https:\/\/www.aphyllanthe.fr\/association\/wp-content\/uploads\/2016\/04\/IMG_5634-jardin-des-vestiges-150x150.jpg\" class=\"attachment-thumbnail size-thumbnail\" alt=\"\" aria-describedby=\"gallery-1-3711\" \/><\/a>\n\t\t\t<\/div>\n\t\t\t\t<figcaption class='wp-caption-text gallery-caption' id='gallery-1-3711'>\n\t\t\t\tle jardin de vestiges\n\t\t\t\t<\/figcaption><\/figure><figure class='gallery-item'>\n\t\t\t<div class='gallery-icon landscape'>\n\t\t\t\t<a href='https:\/\/www.aphyllanthe.fr\/association\/wp-content\/uploads\/2016\/04\/IMG_5665-avec-le-guide.jpg'><img loading=\"lazy\" decoding=\"async\" width=\"150\" height=\"150\" src=\"https:\/\/www.aphyllanthe.fr\/association\/wp-content\/uploads\/2016\/04\/IMG_5665-avec-le-guide-150x150.jpg\" class=\"attachment-thumbnail size-thumbnail\" alt=\"\" aria-describedby=\"gallery-1-3717\" \/><\/a>\n\t\t\t<\/div>\n\t\t\t\t<figcaption class='wp-caption-text gallery-caption' id='gallery-1-3717'>\n\t\t\t\tdans la cour de la Vieille Charit\u00e9 avec notre guide\n\t\t\t\t<\/figcaption><\/figure><figure class='gallery-item'>\n\t\t\t<div class='gallery-icon landscape'>\n\t\t\t\t<a href='https:\/\/www.aphyllanthe.fr\/association\/wp-content\/uploads\/2016\/04\/IMG_5662-la-vieille-charite.jpg'><img loading=\"lazy\" decoding=\"async\" width=\"150\" height=\"150\" src=\"https:\/\/www.aphyllanthe.fr\/association\/wp-content\/uploads\/2016\/04\/IMG_5662-la-vieille-charite-150x150.jpg\" class=\"attachment-thumbnail size-thumbnail\" alt=\"\" aria-describedby=\"gallery-1-3716\" \/><\/a>\n\t\t\t<\/div>\n\t\t\t\t<figcaption class='wp-caption-text gallery-caption' id='gallery-1-3716'>\n\t\t\t\tla Vieille Charit\u00e9\n\t\t\t\t<\/figcaption><\/figure><figure class='gallery-item'>\n\t\t\t<div class='gallery-icon landscape'>\n\t\t\t\t<a href='https:\/\/www.aphyllanthe.fr\/association\/wp-content\/uploads\/2016\/04\/IMG_5682-detail-du-mucem.jpg'><img loading=\"lazy\" decoding=\"async\" width=\"150\" height=\"150\" src=\"https:\/\/www.aphyllanthe.fr\/association\/wp-content\/uploads\/2016\/04\/IMG_5682-detail-du-mucem-150x150.jpg\" class=\"attachment-thumbnail size-thumbnail\" alt=\"\" aria-describedby=\"gallery-1-3720\" \/><\/a>\n\t\t\t<\/div>\n\t\t\t\t<figcaption class='wp-caption-text gallery-caption' id='gallery-1-3720'>\n\t\t\t\td\u00e9tail du Mucem\n\t\t\t\t<\/figcaption><\/figure><figure class='gallery-item'>\n\t\t\t<div class='gallery-icon landscape'>\n\t\t\t\t<a href='https:\/\/www.aphyllanthe.fr\/association\/wp-content\/uploads\/2016\/04\/IMG_5668-la-pause-gourmande.jpg'><img loading=\"lazy\" decoding=\"async\" width=\"150\" height=\"150\" src=\"https:\/\/www.aphyllanthe.fr\/association\/wp-content\/uploads\/2016\/04\/IMG_5668-la-pause-gourmande-150x150.jpg\" class=\"attachment-thumbnail size-thumbnail\" alt=\"\" aria-describedby=\"gallery-1-3718\" \/><\/a>\n\t\t\t<\/div>\n\t\t\t\t<figcaption class='wp-caption-text gallery-caption' id='gallery-1-3718'>\n\t\t\t\tAhh, la pause gourmande\n\t\t\t\t<\/figcaption><\/figure><figure class='gallery-item'>\n\t\t\t<div class='gallery-icon landscape'>\n\t\t\t\t<a href='https:\/\/www.aphyllanthe.fr\/association\/wp-content\/uploads\/2016\/04\/IMG_5651-couleurs-du-panier.jpg'><img loading=\"lazy\" decoding=\"async\" width=\"150\" height=\"150\" src=\"https:\/\/www.aphyllanthe.fr\/association\/wp-content\/uploads\/2016\/04\/IMG_5651-couleurs-du-panier-150x150.jpg\" class=\"attachment-thumbnail size-thumbnail\" alt=\"\" aria-describedby=\"gallery-1-3715\" \/><\/a>\n\t\t\t<\/div>\n\t\t\t\t<figcaption class='wp-caption-text gallery-caption' id='gallery-1-3715'>\n\t\t\t\tcouleurs du Panier\n\t\t\t\t<\/figcaption><\/figure><figure class='gallery-item'>\n\t\t\t<div class='gallery-icon landscape'>\n\t\t\t\t<a href='https:\/\/www.aphyllanthe.fr\/association\/wp-content\/uploads\/2016\/04\/IMG_5641-basilique-notre-dame-de-la-garde.jpg'><img loading=\"lazy\" decoding=\"async\" width=\"150\" height=\"150\" src=\"https:\/\/www.aphyllanthe.fr\/association\/wp-content\/uploads\/2016\/04\/IMG_5641-basilique-notre-dame-de-la-garde-150x150.jpg\" class=\"attachment-thumbnail size-thumbnail\" alt=\"\" aria-describedby=\"gallery-1-3713\" \/><\/a>\n\t\t\t<\/div>\n\t\t\t\t<figcaption class='wp-caption-text gallery-caption' id='gallery-1-3713'>\n\t\t\t\tBasilique de Notre Dame de la Garde\n\t\t\t\t<\/figcaption><\/figure>\n\t\t<\/div>\n<\/p>\n","protected":false},"excerpt":{"rendered":"<p>Le dimanche 3 avril 2016, dans le cadre des sorties Culture et Patrimoine, l&rsquo;Association a programm\u00e9 une visite guid\u00e9e de la ville de Marseille avec une emphase sp\u00e9ciale sur le quartier du Panier. Ce jour-l\u00e0, c&rsquo;\u00e9tait extr\u00eamement difficile de se motiver pour partir en voiture car en Uz\u00e8ge il y avait de la bruine, un &hellip; <a href=\"https:\/\/www.aphyllanthe.fr\/association\/reportage-sur-la-sortie-a-marseille\/\" class=\"more-link\">Continuer la lecture de <span class=\"screen-reader-text\">Reportage sur la sortie \u00e0 Marseille<\/span>  <span class=\"meta-nav\">&rarr;<\/span><\/a><\/p>\n","protected":false},"author":1,"featured_media":0,"comment_status":"closed","ping_status":"closed","sticky":false,"template":"","format":"standard","meta":{"footnotes":""},"categories":[3],"tags":[],"class_list":["post-3701","post","type-post","status-publish","format-standard","hentry","category-reportage"],"_links":{"self":[{"href":"https:\/\/www.aphyllanthe.fr\/association\/wp-json\/wp\/v2\/posts\/3701","targetHints":{"allow":["GET"]}}],"collection":[{"href":"https:\/\/www.aphyllanthe.fr\/association\/wp-json\/wp\/v2\/posts"}],"about":[{"href":"https:\/\/www.aphyllanthe.fr\/association\/wp-json\/wp\/v2\/types\/post"}],"author":[{"embeddable":true,"href":"https:\/\/www.aphyllanthe.fr\/association\/wp-json\/wp\/v2\/users\/1"}],"replies":[{"embeddable":true,"href":"https:\/\/www.aphyllanthe.fr\/association\/wp-json\/wp\/v2\/comments?post=3701"}],"version-history":[{"count":0,"href":"https:\/\/www.aphyllanthe.fr\/association\/wp-json\/wp\/v2\/posts\/3701\/revisions"}],"wp:attachment":[{"href":"https:\/\/www.aphyllanthe.fr\/association\/wp-json\/wp\/v2\/media?parent=3701"}],"wp:term":[{"taxonomy":"category","embeddable":true,"href":"https:\/\/www.aphyllanthe.fr\/association\/wp-json\/wp\/v2\/categories?post=3701"},{"taxonomy":"post_tag","embeddable":true,"href":"https:\/\/www.aphyllanthe.fr\/association\/wp-json\/wp\/v2\/tags?post=3701"}],"curies":[{"name":"wp","href":"https:\/\/api.w.org\/{rel}","templated":true}]}}