{"id":3845,"date":"2016-05-25T22:23:06","date_gmt":"2016-05-25T21:23:06","guid":{"rendered":"http:\/\/www.aphyllanthe.fr\/association\/?p=3845"},"modified":"2016-05-29T09:04:27","modified_gmt":"2016-05-29T08:04:27","slug":"un-dimanche-au-jardin","status":"publish","type":"post","link":"https:\/\/www.aphyllanthe.fr\/association\/un-dimanche-au-jardin\/","title":{"rendered":"Un dimanche au jardin"},"content":{"rendered":"<p><img loading=\"lazy\" decoding=\"async\" class=\"alignleft size-thumbnail wp-image-3858\" src=\"http:\/\/www.aphyllanthe.fr\/association\/wp-content\/uploads\/2016\/05\/medaillon-jardin-150x150.jpg\" alt=\"medaillon-jardin\" width=\"150\" height=\"150\" srcset=\"https:\/\/www.aphyllanthe.fr\/association\/wp-content\/uploads\/2016\/05\/medaillon-jardin-150x150.jpg 150w, https:\/\/www.aphyllanthe.fr\/association\/wp-content\/uploads\/2016\/05\/medaillon-jardin-300x300.jpg 300w, https:\/\/www.aphyllanthe.fr\/association\/wp-content\/uploads\/2016\/05\/medaillon-jardin.jpg 600w\" sizes=\"auto, (max-width: 150px) 100vw, 150px\" \/>L&rsquo;Association invite ses adh\u00e9rents et le public \u00e0 un <strong>\u00e9v\u00e8nement exceptionnel<\/strong> le dimanche 5 juin. A cette date, nous f\u00eatons la fin de la saison 2015-16 des ateliers hebdomadaires avec la pr\u00e9sentation d&rsquo;une pi\u00e8ce de th\u00e9\u00e2tre par les enfants de l&rsquo;atelier th\u00e9\u00e2tre, une exposition de poterie des ateliers pour enfants et adultes, une pr\u00e9sentation de chant par l&rsquo;atelier vocal, une pr\u00e9sentation des \u0153uvres de l&rsquo;atelier tricot-th\u00e9, une tombola et un salon de th\u00e9 en plein air avec g\u00e2teaux, caf\u00e9s, th\u00e9s, etc. Tout ceci dans le <strong>jardin paysag\u00e9 et fleuri du Mas des Tilleuls<\/strong> \u00e0 Gattigues que l&rsquo;on peut visiter librement au cours de l&rsquo;apr\u00e8s-midi. <!--more--><\/p>\n<p><strong>Programme de la journ\u00e9e<\/strong><\/p>\n<ul>\n<li><em><strong>date :<\/strong><\/em> le dimanche 5 juin 2016<\/li>\n<li><em><strong>ouverture des portes :<\/strong><\/em> 14h30<\/li>\n<li><em><strong>visite libre du jardin :<\/strong><\/em> de 14h30 \u00e0 18h (visite guid\u00e9e du jardin sur demande)<\/li>\n<li><em><strong>sayn\u00e8te de th\u00e9\u00e2tre dans un kiosque dans le jardin :<\/strong><\/em> vers 15h30<\/li>\n<li><em><strong>pr\u00e9sentation de chant :<\/strong><\/em> vers 17h<\/li>\n<li><em><strong>salon de th\u00e9 :<\/strong><\/em> de 14h30 \u00e0 17h30<br \/>\n<em>avec un grand choix de d\u00e9licieux g\u00e2teaux faits maison, boissons chaudes et fra\u00eeches, disponibles pour un petit suppl\u00e9ment. Toute la recette au b\u00e9n\u00e9fice de l&rsquo;Association l&rsquo;Aphyllanthe. <\/em><\/li>\n<li><em><strong>expositions des \u0153uvres (poterie et tricot) :<\/strong><\/em> 14h30 \u00e0 18h<\/li>\n<li><em><strong>tombola :<\/strong><\/em> vers 17h00<\/li>\n<li><em><strong>fermeture du jardin :<\/strong><\/em> 18h<\/li>\n<\/ul>\n<p><img loading=\"lazy\" decoding=\"async\" class=\"alignright size-medium wp-image-3858\" src=\"http:\/\/www.aphyllanthe.fr\/association\/wp-content\/uploads\/2016\/05\/medaillon-jardin-300x300.jpg\" alt=\"medaillon-jardin\" width=\"300\" height=\"300\" srcset=\"https:\/\/www.aphyllanthe.fr\/association\/wp-content\/uploads\/2016\/05\/medaillon-jardin-300x300.jpg 300w, https:\/\/www.aphyllanthe.fr\/association\/wp-content\/uploads\/2016\/05\/medaillon-jardin-150x150.jpg 150w, https:\/\/www.aphyllanthe.fr\/association\/wp-content\/uploads\/2016\/05\/medaillon-jardin.jpg 600w\" sizes=\"auto, (max-width: 300px) 100vw, 300px\" \/><strong>Informations pratiques<\/strong><\/p>\n<ul>\n<li><strong><em>entr\u00e9e du jardin : gratuite<\/em><\/strong><\/li>\n<li><em><strong>endroit :<\/strong><\/em> Mas des Tilleuls, Route de la Bruyerette, Gattigues, 30700 Aigaliers<\/li>\n<li><em><strong>parking :<\/strong><\/em> sur la RD125 ou sur la RD715 c\u00f4t\u00e9 \u00e9glise, et \u00e9ventuellement dans le grand parking derri\u00e8re le cimeti\u00e8re de Gattigues (200 m \u00e0 pied de la porte du jardin)<\/li>\n<\/ul>\n<p>Le portail bleu du jardin se trouve sur la D715, Route de la Bruyerette, au hameau de Gattigues (Aigaliers) \u00e0 5 m de l&rsquo;angle de la RD125. Voir l&#8217;emplacement du point rouge sur le plan interactif ci-dessous.<\/p>\n<p><iframe loading=\"lazy\" style=\"border: 0;\" src=\"https:\/\/www.google.com\/maps\/embed?pb=!1m18!1m12!1m3!1d1013.863190147293!2d4.321639367014044!3d44.04952971778158!2m3!1f0!2f0!3f0!3m2!1i1024!2i768!4f13.1!3m3!1m2!1s0x0%3A0x0!2zNDTCsDAyJzU4LjQiTiA0wrAxOScyMC41IkU!5e0!3m2!1sfr!2sus!4v1464208366632\" width=\"600\" height=\"450\" frameborder=\"0\" allowfullscreen=\"allowfullscreen\"><\/iframe><\/p>\n<p>Le jardin du Mas des Tilleuls a \u00e9t\u00e9 cr\u00e9\u00e9 \u00e0 partir de 2001 en plusieurs \u00e9tapes. Aujourd&rsquo;hui ce jardin d&rsquo;environ 3000 m2 contient une centaine de rosiers, une collection de pivoines, des palmiers divers et de nombreux arbustes et vivaces dont certains sont rares. Le jardin est surtout int\u00e9ressant pour la diversit\u00e9 des esp\u00e8ces.<\/p>\n<div id='gallery-1' class='gallery galleryid-3845 gallery-columns-4 gallery-size-thumbnail'><figure class='gallery-item'>\n\t\t\t<div class='gallery-icon landscape'>\n\t\t\t\t<a href='https:\/\/www.aphyllanthe.fr\/association\/wp-content\/uploads\/2016\/05\/DSC03276.jpg'><img loading=\"lazy\" decoding=\"async\" width=\"150\" height=\"150\" src=\"https:\/\/www.aphyllanthe.fr\/association\/wp-content\/uploads\/2016\/05\/DSC03276-150x150.jpg\" class=\"attachment-thumbnail size-thumbnail\" alt=\"\" \/><\/a>\n\t\t\t<\/div><\/figure><figure class='gallery-item'>\n\t\t\t<div class='gallery-icon landscape'>\n\t\t\t\t<a href='https:\/\/www.aphyllanthe.fr\/association\/wp-content\/uploads\/2016\/05\/IMG_6003.jpg'><img loading=\"lazy\" decoding=\"async\" width=\"150\" height=\"150\" src=\"https:\/\/www.aphyllanthe.fr\/association\/wp-content\/uploads\/2016\/05\/IMG_6003-150x150.jpg\" class=\"attachment-thumbnail size-thumbnail\" alt=\"\" \/><\/a>\n\t\t\t<\/div><\/figure><figure class='gallery-item'>\n\t\t\t<div class='gallery-icon landscape'>\n\t\t\t\t<a href='https:\/\/www.aphyllanthe.fr\/association\/wp-content\/uploads\/2016\/05\/DSC03378.jpg'><img loading=\"lazy\" decoding=\"async\" width=\"150\" height=\"150\" src=\"https:\/\/www.aphyllanthe.fr\/association\/wp-content\/uploads\/2016\/05\/DSC03378-150x150.jpg\" class=\"attachment-thumbnail size-thumbnail\" alt=\"\" \/><\/a>\n\t\t\t<\/div><\/figure><figure class='gallery-item'>\n\t\t\t<div class='gallery-icon landscape'>\n\t\t\t\t<a href='https:\/\/www.aphyllanthe.fr\/association\/wp-content\/uploads\/2016\/05\/DSC03377.jpg'><img loading=\"lazy\" decoding=\"async\" width=\"150\" height=\"150\" src=\"https:\/\/www.aphyllanthe.fr\/association\/wp-content\/uploads\/2016\/05\/DSC03377-150x150.jpg\" class=\"attachment-thumbnail size-thumbnail\" alt=\"\" \/><\/a>\n\t\t\t<\/div><\/figure><figure class='gallery-item'>\n\t\t\t<div class='gallery-icon landscape'>\n\t\t\t\t<a href='https:\/\/www.aphyllanthe.fr\/association\/wp-content\/uploads\/2016\/05\/DSC03307.jpg'><img loading=\"lazy\" decoding=\"async\" width=\"150\" height=\"150\" src=\"https:\/\/www.aphyllanthe.fr\/association\/wp-content\/uploads\/2016\/05\/DSC03307-150x150.jpg\" class=\"attachment-thumbnail size-thumbnail\" alt=\"\" \/><\/a>\n\t\t\t<\/div><\/figure><figure class='gallery-item'>\n\t\t\t<div class='gallery-icon landscape'>\n\t\t\t\t<a href='https:\/\/www.aphyllanthe.fr\/association\/wp-content\/uploads\/2016\/05\/DSC03382.jpg'><img loading=\"lazy\" decoding=\"async\" width=\"150\" height=\"150\" src=\"https:\/\/www.aphyllanthe.fr\/association\/wp-content\/uploads\/2016\/05\/DSC03382-150x150.jpg\" class=\"attachment-thumbnail size-thumbnail\" alt=\"\" \/><\/a>\n\t\t\t<\/div><\/figure><figure class='gallery-item'>\n\t\t\t<div class='gallery-icon landscape'>\n\t\t\t\t<a href='https:\/\/www.aphyllanthe.fr\/association\/wp-content\/uploads\/2016\/05\/DSC03353.jpg'><img loading=\"lazy\" decoding=\"async\" width=\"150\" height=\"150\" src=\"https:\/\/www.aphyllanthe.fr\/association\/wp-content\/uploads\/2016\/05\/DSC03353-150x150.jpg\" class=\"attachment-thumbnail size-thumbnail\" alt=\"\" \/><\/a>\n\t\t\t<\/div><\/figure><figure class='gallery-item'>\n\t\t\t<div class='gallery-icon landscape'>\n\t\t\t\t<a href='https:\/\/www.aphyllanthe.fr\/association\/wp-content\/uploads\/2016\/05\/DSC03338.jpg'><img loading=\"lazy\" decoding=\"async\" width=\"150\" height=\"150\" src=\"https:\/\/www.aphyllanthe.fr\/association\/wp-content\/uploads\/2016\/05\/DSC03338-150x150.jpg\" class=\"attachment-thumbnail size-thumbnail\" alt=\"\" \/><\/a>\n\t\t\t<\/div><\/figure>\n\t\t<\/div>\n\n","protected":false},"excerpt":{"rendered":"<p>L&rsquo;Association invite ses adh\u00e9rents et le public \u00e0 un \u00e9v\u00e8nement exceptionnel le dimanche 5 juin. A cette date, nous f\u00eatons la fin de la saison 2015-16 des ateliers hebdomadaires avec la pr\u00e9sentation d&rsquo;une pi\u00e8ce de th\u00e9\u00e2tre par les enfants de l&rsquo;atelier th\u00e9\u00e2tre, une exposition de poterie des ateliers pour enfants et adultes, une pr\u00e9sentation de &hellip; <a href=\"https:\/\/www.aphyllanthe.fr\/association\/un-dimanche-au-jardin\/\" class=\"more-link\">Continuer la lecture de <span class=\"screen-reader-text\">Un dimanche au jardin<\/span>  <span class=\"meta-nav\">&rarr;<\/span><\/a><\/p>\n","protected":false},"author":1,"featured_media":0,"comment_status":"closed","ping_status":"closed","sticky":false,"template":"","format":"standard","meta":{"footnotes":""},"categories":[4],"tags":[],"class_list":["post-3845","post","type-post","status-publish","format-standard","hentry","category-annonce"],"_links":{"self":[{"href":"https:\/\/www.aphyllanthe.fr\/association\/wp-json\/wp\/v2\/posts\/3845","targetHints":{"allow":["GET"]}}],"collection":[{"href":"https:\/\/www.aphyllanthe.fr\/association\/wp-json\/wp\/v2\/posts"}],"about":[{"href":"https:\/\/www.aphyllanthe.fr\/association\/wp-json\/wp\/v2\/types\/post"}],"author":[{"embeddable":true,"href":"https:\/\/www.aphyllanthe.fr\/association\/wp-json\/wp\/v2\/users\/1"}],"replies":[{"embeddable":true,"href":"https:\/\/www.aphyllanthe.fr\/association\/wp-json\/wp\/v2\/comments?post=3845"}],"version-history":[{"count":0,"href":"https:\/\/www.aphyllanthe.fr\/association\/wp-json\/wp\/v2\/posts\/3845\/revisions"}],"wp:attachment":[{"href":"https:\/\/www.aphyllanthe.fr\/association\/wp-json\/wp\/v2\/media?parent=3845"}],"wp:term":[{"taxonomy":"category","embeddable":true,"href":"https:\/\/www.aphyllanthe.fr\/association\/wp-json\/wp\/v2\/categories?post=3845"},{"taxonomy":"post_tag","embeddable":true,"href":"https:\/\/www.aphyllanthe.fr\/association\/wp-json\/wp\/v2\/tags?post=3845"}],"curies":[{"name":"wp","href":"https:\/\/api.w.org\/{rel}","templated":true}]}}