{"id":3888,"date":"2016-05-24T21:15:47","date_gmt":"2016-05-24T20:15:47","guid":{"rendered":"http:\/\/www.aphyllanthe.fr\/association\/?p=3888"},"modified":"2016-05-31T21:49:52","modified_gmt":"2016-05-31T20:49:52","slug":"sortie-au-parc-ornithologique","status":"publish","type":"post","link":"https:\/\/www.aphyllanthe.fr\/association\/sortie-au-parc-ornithologique\/","title":{"rendered":"Sortie au parc ornithologique"},"content":{"rendered":"<p><figure id=\"attachment_3892\" aria-describedby=\"caption-attachment-3892\" style=\"width: 150px\" class=\"wp-caption alignleft\"><a href=\"http:\/\/www.aphyllanthe.fr\/association\/wp-content\/uploads\/2016\/05\/20.jpg\"><img loading=\"lazy\" decoding=\"async\" src=\"http:\/\/www.aphyllanthe.fr\/association\/wp-content\/uploads\/2016\/05\/20-150x150.jpg\" alt=\"un groupe cons\u00e9quent\" width=\"150\" height=\"150\" class=\"size-thumbnail wp-image-3892\" \/><\/a><figcaption id=\"caption-attachment-3892\" class=\"wp-caption-text\">un groupe cons\u00e9quent<\/figcaption><\/figure>L&rsquo;Association avait annonc\u00e9 une <a href=\"http:\/\/www.aphyllanthe.fr\/association\/sortie-au-pont-de-gau\/\" target=\"_blank\">sortie au parc Ornithologique du Pont de Gau en Camargue le 22 mai 2016<\/a>. Le jour venu, la m\u00e9t\u00e9o \u00e9tait incertaine mais cela n&rsquo;a pas d\u00e9courag\u00e9 les 24 adh\u00e9rents de se retrouver en Camargue pour cette sortie qui promettait de belles d\u00e9couvertes! Une fois rentr\u00e9s dans le parc, Boris, notre guide, <!--more--> nous a emmen\u00e9s dans une jolie balade o\u00f9 de nombreuses esp\u00e8ces d&rsquo;oiseaux viennent nicher pour s&rsquo;y reproduire ou faire une halte lors de leurs migrations. Nous y avons admir\u00e9 et beaucoup appris sur de nombreux sp\u00e9cimens allant du Grand Duc, aux cigognes, dont une dans son nid avec ses petits, diff\u00e9rentes esp\u00e8ces de h\u00e9rons, des aigrettes, cormorans, mouettes&#8230;.mais surtout des colonies de flamants roses. Du rose, du rose, et encore du rose&#8230;. dont on n&rsquo;arrive pas \u00e0 se lasser tant ils sont \u00e9l\u00e9gants\u00a0: dans toutes les positions, dans des d\u00e9cors magnifiques, en vol, endormis, en groupe ou isol\u00e9s. De quoi r\u00e9jouir les photographes qui s&rsquo;en sont donn\u00e9s \u00e0 c\u0153ur joie!<br \/>\n<div id='gallery-1' class='gallery galleryid-3888 gallery-columns-3 gallery-size-thumbnail'><figure class='gallery-item'>\n\t\t\t<div class='gallery-icon landscape'>\n\t\t\t\t<a href='https:\/\/www.aphyllanthe.fr\/association\/wp-content\/uploads\/2016\/05\/P1100401.jpg'><img loading=\"lazy\" decoding=\"async\" width=\"150\" height=\"150\" src=\"https:\/\/www.aphyllanthe.fr\/association\/wp-content\/uploads\/2016\/05\/P1100401-150x150.jpg\" class=\"attachment-thumbnail size-thumbnail\" alt=\"\" aria-describedby=\"gallery-1-3894\" \/><\/a>\n\t\t\t<\/div>\n\t\t\t\t<figcaption class='wp-caption-text gallery-caption' id='gallery-1-3894'>\n\t\t\t\tvol du flamant rose\n\t\t\t\t<\/figcaption><\/figure><figure class='gallery-item'>\n\t\t\t<div class='gallery-icon landscape'>\n\t\t\t\t<a href='https:\/\/www.aphyllanthe.fr\/association\/wp-content\/uploads\/2016\/05\/P1100381.jpg'><img loading=\"lazy\" decoding=\"async\" width=\"150\" height=\"150\" src=\"https:\/\/www.aphyllanthe.fr\/association\/wp-content\/uploads\/2016\/05\/P1100381-150x150.jpg\" class=\"attachment-thumbnail size-thumbnail\" alt=\"\" aria-describedby=\"gallery-1-3893\" \/><\/a>\n\t\t\t<\/div>\n\t\t\t\t<figcaption class='wp-caption-text gallery-caption' id='gallery-1-3893'>\n\t\t\t\texplications du guide\n\t\t\t\t<\/figcaption><\/figure><figure class='gallery-item'>\n\t\t\t<div class='gallery-icon landscape'>\n\t\t\t\t<a href='https:\/\/www.aphyllanthe.fr\/association\/wp-content\/uploads\/2016\/05\/15.jpg'><img loading=\"lazy\" decoding=\"async\" width=\"150\" height=\"150\" src=\"https:\/\/www.aphyllanthe.fr\/association\/wp-content\/uploads\/2016\/05\/15-150x150.jpg\" class=\"attachment-thumbnail size-thumbnail\" alt=\"\" aria-describedby=\"gallery-1-3891\" \/><\/a>\n\t\t\t<\/div>\n\t\t\t\t<figcaption class='wp-caption-text gallery-caption' id='gallery-1-3891'>\n\t\t\t\tle heron\n\t\t\t\t<\/figcaption><\/figure>\n\t\t<\/div>\n<br \/>\nLes 7 enfants participant \u00e0 cette sortie ont pu avec lire des jumelles les codes des bagues fix\u00e9es sur les pattes des oiseaux et, avec l&rsquo;aide de notre guide, les identifier pour connaitre leur parcours migratoire. Chacun est reparti enchant\u00e9 par cette visite tr\u00e8s int\u00e9ressante dans un si joli d\u00e9cor! <\/p>\n<p><a href=\"https:\/\/goo.gl\/photos\/WxFV9fb7ppyvVzFo7\" target=\"_blank\">Voir le grand album photos de la visite.<\/a><\/p>\n","protected":false},"excerpt":{"rendered":"<p>L&rsquo;Association avait annonc\u00e9 une sortie au parc Ornithologique du Pont de Gau en Camargue le 22 mai 2016. Le jour venu, la m\u00e9t\u00e9o \u00e9tait incertaine mais cela n&rsquo;a pas d\u00e9courag\u00e9 les 24 adh\u00e9rents de se retrouver en Camargue pour cette sortie qui promettait de belles d\u00e9couvertes! Une fois rentr\u00e9s dans le parc, Boris, notre guide,<\/p>\n","protected":false},"author":1,"featured_media":0,"comment_status":"closed","ping_status":"closed","sticky":false,"template":"","format":"standard","meta":{"footnotes":""},"categories":[3],"tags":[],"class_list":["post-3888","post","type-post","status-publish","format-standard","hentry","category-reportage"],"_links":{"self":[{"href":"https:\/\/www.aphyllanthe.fr\/association\/wp-json\/wp\/v2\/posts\/3888","targetHints":{"allow":["GET"]}}],"collection":[{"href":"https:\/\/www.aphyllanthe.fr\/association\/wp-json\/wp\/v2\/posts"}],"about":[{"href":"https:\/\/www.aphyllanthe.fr\/association\/wp-json\/wp\/v2\/types\/post"}],"author":[{"embeddable":true,"href":"https:\/\/www.aphyllanthe.fr\/association\/wp-json\/wp\/v2\/users\/1"}],"replies":[{"embeddable":true,"href":"https:\/\/www.aphyllanthe.fr\/association\/wp-json\/wp\/v2\/comments?post=3888"}],"version-history":[{"count":0,"href":"https:\/\/www.aphyllanthe.fr\/association\/wp-json\/wp\/v2\/posts\/3888\/revisions"}],"wp:attachment":[{"href":"https:\/\/www.aphyllanthe.fr\/association\/wp-json\/wp\/v2\/media?parent=3888"}],"wp:term":[{"taxonomy":"category","embeddable":true,"href":"https:\/\/www.aphyllanthe.fr\/association\/wp-json\/wp\/v2\/categories?post=3888"},{"taxonomy":"post_tag","embeddable":true,"href":"https:\/\/www.aphyllanthe.fr\/association\/wp-json\/wp\/v2\/tags?post=3888"}],"curies":[{"name":"wp","href":"https:\/\/api.w.org\/{rel}","templated":true}]}}