{"id":3938,"date":"2016-06-07T21:08:57","date_gmt":"2016-06-07T20:08:57","guid":{"rendered":"http:\/\/www.aphyllanthe.fr\/association\/?p=3938"},"modified":"2016-08-13T16:53:46","modified_gmt":"2016-08-13T15:53:46","slug":"fete-au-jardin","status":"publish","type":"post","link":"https:\/\/www.aphyllanthe.fr\/association\/fete-au-jardin\/","title":{"rendered":"F\u00eate au jardin"},"content":{"rendered":"<figure id=\"attachment_3943\" aria-describedby=\"caption-attachment-3943\" style=\"width: 150px\" class=\"wp-caption alignleft\"><img loading=\"lazy\" decoding=\"async\" class=\"size-thumbnail wp-image-3943\" src=\"http:\/\/www.aphyllanthe.fr\/association\/wp-content\/uploads\/2016\/06\/IMG_6232-150x150.jpg\" alt=\"les sucettes g\u00e9antes\" width=\"150\" height=\"150\" \/><figcaption id=\"caption-attachment-3943\" class=\"wp-caption-text\">les sucettes g\u00e9antes<\/figcaption><\/figure>\n<p>Cette ann\u00e9e, l&rsquo;Association a d\u00e9cid\u00e9 de combiner la f\u00eate \u00ab\u00a0dimanche au jardin\u00a0\u00bb et la f\u00eate de la fin des ateliers hebdomadaires (fin de saison 2015-16). Ainsi l&rsquo;apr\u00e8s-midi du 5 juin, les adh\u00e9rents et le public local ont \u00e9t\u00e9 convi\u00e9s \u00e0 une f\u00eate avec de multiples animations dans un jardin priv\u00e9 de Gattigues.<!--more--><\/p>\n<p>Comme animation, d&rsquo;abord, il y avait la <a href=\"http:\/\/www.aphyllanthe.fr\/association\/latelier-theatre-fait-le-spectacle\/\" target=\"_blank\">pi\u00e8ce de th\u00e9\u00e2tre des enfants de l&rsquo;atelier de th\u00e9\u00e2tre (voir l&rsquo;article \u00e0 ce sujet).<\/a> Ensuite le groupe de l&rsquo;atelier vocal avec l&rsquo;animatrice Rachel a fait une pr\u00e9sentation de chant fort appr\u00e9ci\u00e9e du public. Il y avait aussi le traditionnel salon de th\u00e9 en plein air avec la vente \u00e0 des prix modiques des boissons, du th\u00e9, du caf\u00e9, et de somptueux g\u00e2teaux faits maison par les adh\u00e9rents et les b\u00e9n\u00e9voles. (L&rsquo;Association tient d&rsquo;ailleurs \u00e0 remercier chaleureusement toutes les personnes qui ont offert un g\u00e2teau pour le salon de th\u00e9). Ensuite, il y avait la tombola des dames de l&rsquo;atelier couture et tricot. Cette ann\u00e9e le th\u00e8me \u00e9tait les sacs \u00e0 main et au moins 15 jolis sacs furent attribu\u00e9s par tirage au sort des billets de tombola vendus au cours de l&rsquo;apr\u00e8s-midi. A c\u00f4t\u00e9 du salon de th\u00e9, les diff\u00e9rents ateliers (poterie enfants, poterie adultes, tricot-th\u00e9, couture) exposaient les r\u00e9alisations de l&rsquo;ann\u00e9e.<\/p>\n<p><div id='gallery-1' class='gallery galleryid-3938 gallery-columns-4 gallery-size-thumbnail'><figure class='gallery-item'>\n\t\t\t<div class='gallery-icon landscape'>\n\t\t\t\t<a href='https:\/\/www.aphyllanthe.fr\/association\/wp-content\/uploads\/2016\/06\/IMG_6320.jpg'><img loading=\"lazy\" decoding=\"async\" width=\"150\" height=\"150\" src=\"https:\/\/www.aphyllanthe.fr\/association\/wp-content\/uploads\/2016\/06\/IMG_6320-150x150.jpg\" class=\"attachment-thumbnail size-thumbnail\" alt=\"\" aria-describedby=\"gallery-1-3949\" \/><\/a>\n\t\t\t<\/div>\n\t\t\t\t<figcaption class='wp-caption-text gallery-caption' id='gallery-1-3949'>\n\t\t\t\tun moment de repos\n\t\t\t\t<\/figcaption><\/figure><figure class='gallery-item'>\n\t\t\t<div class='gallery-icon landscape'>\n\t\t\t\t<a href='https:\/\/www.aphyllanthe.fr\/association\/wp-content\/uploads\/2016\/06\/IMG_6279.jpg'><img loading=\"lazy\" decoding=\"async\" width=\"150\" height=\"150\" src=\"https:\/\/www.aphyllanthe.fr\/association\/wp-content\/uploads\/2016\/06\/IMG_6279-150x150.jpg\" class=\"attachment-thumbnail size-thumbnail\" alt=\"\" aria-describedby=\"gallery-1-3932\" \/><\/a>\n\t\t\t<\/div>\n\t\t\t\t<figcaption class='wp-caption-text gallery-caption' id='gallery-1-3932'>\n\t\t\t\tSpectacle de theatre des jeunes &#8211; 2016\n\t\t\t\t<\/figcaption><\/figure><figure class='gallery-item'>\n\t\t\t<div class='gallery-icon landscape'>\n\t\t\t\t<a href='https:\/\/www.aphyllanthe.fr\/association\/wp-content\/uploads\/2016\/06\/IMG_6273.jpg'><img loading=\"lazy\" decoding=\"async\" width=\"150\" height=\"150\" src=\"https:\/\/www.aphyllanthe.fr\/association\/wp-content\/uploads\/2016\/06\/IMG_6273-150x150.jpg\" class=\"attachment-thumbnail size-thumbnail\" alt=\"\" \/><\/a>\n\t\t\t<\/div><\/figure><figure class='gallery-item'>\n\t\t\t<div class='gallery-icon landscape'>\n\t\t\t\t<a href='https:\/\/www.aphyllanthe.fr\/association\/wp-content\/uploads\/2016\/06\/IMG_6252.jpg'><img loading=\"lazy\" decoding=\"async\" width=\"150\" height=\"150\" src=\"https:\/\/www.aphyllanthe.fr\/association\/wp-content\/uploads\/2016\/06\/IMG_6252-150x150.jpg\" class=\"attachment-thumbnail size-thumbnail\" alt=\"\" aria-describedby=\"gallery-1-3944\" \/><\/a>\n\t\t\t<\/div>\n\t\t\t\t<figcaption class='wp-caption-text gallery-caption' id='gallery-1-3944'>\n\t\t\t\tla pr\u00e9paration des g\u00e2teaux\n\t\t\t\t<\/figcaption><\/figure><figure class='gallery-item'>\n\t\t\t<div class='gallery-icon landscape'>\n\t\t\t\t<a href='https:\/\/www.aphyllanthe.fr\/association\/wp-content\/uploads\/2016\/06\/IMG_6321.jpg'><img loading=\"lazy\" decoding=\"async\" width=\"150\" height=\"150\" src=\"https:\/\/www.aphyllanthe.fr\/association\/wp-content\/uploads\/2016\/06\/IMG_6321-150x150.jpg\" class=\"attachment-thumbnail size-thumbnail\" alt=\"\" aria-describedby=\"gallery-1-3950\" \/><\/a>\n\t\t\t<\/div>\n\t\t\t\t<figcaption class='wp-caption-text gallery-caption' id='gallery-1-3950'>\n\t\t\t\tles b\u00e9n\u00e9voles\n\t\t\t\t<\/figcaption><\/figure><figure class='gallery-item'>\n\t\t\t<div class='gallery-icon landscape'>\n\t\t\t\t<a href='https:\/\/www.aphyllanthe.fr\/association\/wp-content\/uploads\/2016\/06\/IMG_6282.jpg'><img loading=\"lazy\" decoding=\"async\" width=\"150\" height=\"150\" src=\"https:\/\/www.aphyllanthe.fr\/association\/wp-content\/uploads\/2016\/06\/IMG_6282-150x150.jpg\" class=\"attachment-thumbnail size-thumbnail\" alt=\"\" \/><\/a>\n\t\t\t<\/div><\/figure><figure class='gallery-item'>\n\t\t\t<div class='gallery-icon landscape'>\n\t\t\t\t<a href='https:\/\/www.aphyllanthe.fr\/association\/wp-content\/uploads\/2016\/06\/IMG_6307.jpg'><img loading=\"lazy\" decoding=\"async\" width=\"150\" height=\"150\" src=\"https:\/\/www.aphyllanthe.fr\/association\/wp-content\/uploads\/2016\/06\/IMG_6307-150x150.jpg\" class=\"attachment-thumbnail size-thumbnail\" alt=\"\" aria-describedby=\"gallery-1-3946\" \/><\/a>\n\t\t\t<\/div>\n\t\t\t\t<figcaption class='wp-caption-text gallery-caption' id='gallery-1-3946'>\n\t\t\t\tla d\u00e9monstration de chant\n\t\t\t\t<\/figcaption><\/figure><figure class='gallery-item'>\n\t\t\t<div class='gallery-icon landscape'>\n\t\t\t\t<a href='https:\/\/www.aphyllanthe.fr\/association\/wp-content\/uploads\/2016\/06\/IMG_6298.jpg'><img loading=\"lazy\" decoding=\"async\" width=\"150\" height=\"150\" src=\"https:\/\/www.aphyllanthe.fr\/association\/wp-content\/uploads\/2016\/06\/IMG_6298-150x150.jpg\" class=\"attachment-thumbnail size-thumbnail\" alt=\"\" \/><\/a>\n\t\t\t<\/div><\/figure><figure class='gallery-item'>\n\t\t\t<div class='gallery-icon landscape'>\n\t\t\t\t<a href='https:\/\/www.aphyllanthe.fr\/association\/wp-content\/uploads\/2016\/06\/IMG_6232.jpg'><img loading=\"lazy\" decoding=\"async\" width=\"150\" height=\"150\" src=\"https:\/\/www.aphyllanthe.fr\/association\/wp-content\/uploads\/2016\/06\/IMG_6232-150x150.jpg\" class=\"attachment-thumbnail size-thumbnail\" alt=\"\" aria-describedby=\"gallery-1-3943\" \/><\/a>\n\t\t\t<\/div>\n\t\t\t\t<figcaption class='wp-caption-text gallery-caption' id='gallery-1-3943'>\n\t\t\t\tles sucettes g\u00e9antes\n\t\t\t\t<\/figcaption><\/figure><figure class='gallery-item'>\n\t\t\t<div class='gallery-icon landscape'>\n\t\t\t\t<a href='https:\/\/www.aphyllanthe.fr\/association\/wp-content\/uploads\/2016\/06\/IMG_6312.jpg'><img loading=\"lazy\" decoding=\"async\" width=\"150\" height=\"150\" src=\"https:\/\/www.aphyllanthe.fr\/association\/wp-content\/uploads\/2016\/06\/IMG_6312-150x150.jpg\" class=\"attachment-thumbnail size-thumbnail\" alt=\"\" aria-describedby=\"gallery-1-3948\" \/><\/a>\n\t\t\t<\/div>\n\t\t\t\t<figcaption class='wp-caption-text gallery-caption' id='gallery-1-3948'>\n\t\t\t\tla tombola\n\t\t\t\t<\/figcaption><\/figure><figure class='gallery-item'>\n\t\t\t<div class='gallery-icon landscape'>\n\t\t\t\t<a href='https:\/\/www.aphyllanthe.fr\/association\/wp-content\/uploads\/2016\/06\/IMG_6311.jpg'><img loading=\"lazy\" decoding=\"async\" width=\"150\" height=\"150\" src=\"https:\/\/www.aphyllanthe.fr\/association\/wp-content\/uploads\/2016\/06\/IMG_6311-150x150.jpg\" class=\"attachment-thumbnail size-thumbnail\" alt=\"\" aria-describedby=\"gallery-1-3947\" \/><\/a>\n\t\t\t<\/div>\n\t\t\t\t<figcaption class='wp-caption-text gallery-caption' id='gallery-1-3947'>\n\t\t\t\tla d\u00e9monstration de chant\n\t\t\t\t<\/figcaption><\/figure><figure class='gallery-item'>\n\t\t\t<div class='gallery-icon landscape'>\n\t\t\t\t<a href='https:\/\/www.aphyllanthe.fr\/association\/wp-content\/uploads\/2016\/06\/IMG_6304.jpg'><img loading=\"lazy\" decoding=\"async\" width=\"150\" height=\"150\" src=\"https:\/\/www.aphyllanthe.fr\/association\/wp-content\/uploads\/2016\/06\/IMG_6304-150x150.jpg\" class=\"attachment-thumbnail size-thumbnail\" alt=\"\" aria-describedby=\"gallery-1-3945\" \/><\/a>\n\t\t\t<\/div>\n\t\t\t\t<figcaption class='wp-caption-text gallery-caption' id='gallery-1-3945'>\n\t\t\t\tle salon de th\u00e9\n\t\t\t\t<\/figcaption><\/figure>\n\t\t<\/div>\n<br \/>\nLes animations ayant lieu dans un jardin fleuri d&rsquo;environ 4000 m2, il \u00e9tait \u00e9galement possible de faire une visite libre ou accompagn\u00e9e de ce jardin peupl\u00e9 de roses, de pivoines, d&rsquo;arbustes et de diverses plantes courantes et parfois rares.<\/p>\n<p>Environ 150 \u00e0 200 personnes, venant d&rsquo;Aigaliers et de plusieurs autres villages de l&rsquo;Uz\u00e8ge, ont particip\u00e9 aux animations dont l&rsquo;entr\u00e9e \u00e9tait enti\u00e8rement gratuite. Toute la recette des ventes au salon de th\u00e9 et des billets de tombola a \u00e9t\u00e9 revers\u00e9e au b\u00e9n\u00e9fice de l&rsquo;Association.<\/p>\n<p>Plusieurs des participants faisaient remarquer que cette f\u00eate rappelait ce qu&rsquo;on faisait autrefois dans les villages de campagne pour se retrouver avec parents, enfants et grand parents dans un esprit convivial autour des animations familiales. L&rsquo;Aphyllanthe est fi\u00e8re d&rsquo;avoir pu, pour un apr\u00e8s-midi, ressusciter un peu cette tradition populaire.<\/p>\n<p><a href=\"https:\/\/goo.gl\/photos\/1VkDnejoLUuqUzYEA\" target=\"_blank\">Le grand album photo.<\/a><\/p>\n","protected":false},"excerpt":{"rendered":"<p>Cette ann\u00e9e, l&rsquo;Association a d\u00e9cid\u00e9 de combiner la f\u00eate \u00ab\u00a0dimanche au jardin\u00a0\u00bb et la f\u00eate de la fin des ateliers hebdomadaires (fin de saison 2015-16). Ainsi l&rsquo;apr\u00e8s-midi du 5 juin, les adh\u00e9rents et le public local ont \u00e9t\u00e9 convi\u00e9s \u00e0 une f\u00eate avec de multiples animations dans un jardin priv\u00e9 de Gattigues.<\/p>\n","protected":false},"author":1,"featured_media":0,"comment_status":"closed","ping_status":"closed","sticky":false,"template":"","format":"standard","meta":{"footnotes":""},"categories":[3],"tags":[],"class_list":["post-3938","post","type-post","status-publish","format-standard","hentry","category-reportage"],"_links":{"self":[{"href":"https:\/\/www.aphyllanthe.fr\/association\/wp-json\/wp\/v2\/posts\/3938","targetHints":{"allow":["GET"]}}],"collection":[{"href":"https:\/\/www.aphyllanthe.fr\/association\/wp-json\/wp\/v2\/posts"}],"about":[{"href":"https:\/\/www.aphyllanthe.fr\/association\/wp-json\/wp\/v2\/types\/post"}],"author":[{"embeddable":true,"href":"https:\/\/www.aphyllanthe.fr\/association\/wp-json\/wp\/v2\/users\/1"}],"replies":[{"embeddable":true,"href":"https:\/\/www.aphyllanthe.fr\/association\/wp-json\/wp\/v2\/comments?post=3938"}],"version-history":[{"count":0,"href":"https:\/\/www.aphyllanthe.fr\/association\/wp-json\/wp\/v2\/posts\/3938\/revisions"}],"wp:attachment":[{"href":"https:\/\/www.aphyllanthe.fr\/association\/wp-json\/wp\/v2\/media?parent=3938"}],"wp:term":[{"taxonomy":"category","embeddable":true,"href":"https:\/\/www.aphyllanthe.fr\/association\/wp-json\/wp\/v2\/categories?post=3938"},{"taxonomy":"post_tag","embeddable":true,"href":"https:\/\/www.aphyllanthe.fr\/association\/wp-json\/wp\/v2\/tags?post=3938"}],"curies":[{"name":"wp","href":"https:\/\/api.w.org\/{rel}","templated":true}]}}