{"id":4034,"date":"2016-06-30T13:53:39","date_gmt":"2016-06-30T12:53:39","guid":{"rendered":"http:\/\/www.aphyllanthe.fr\/association\/?p=4034"},"modified":"2016-08-13T16:32:05","modified_gmt":"2016-08-13T15:32:05","slug":"cercle-des-lectrices-le-repas-de-fin-de-saison","status":"publish","type":"post","link":"https:\/\/www.aphyllanthe.fr\/association\/cercle-des-lectrices-le-repas-de-fin-de-saison\/","title":{"rendered":"Cercle des lectrices &#8211; le repas de fin de saison"},"content":{"rendered":"<p><img loading=\"lazy\" decoding=\"async\" class=\"alignleft size-thumbnail wp-image-4038\" src=\"http:\/\/www.aphyllanthe.fr\/association\/wp-content\/uploads\/2016\/06\/IMG_4957-150x150.jpg\" alt=\"cercle des lectrices repas de fin de saison\" width=\"150\" height=\"150\" \/>Le cercle des lectrices, compos\u00e9 d&rsquo;une vingtaine de lectrices passionn\u00e9es, s&rsquo;est retrouv\u00e9 le mardi 28 juin dans le Vaucluse pour un d\u00e9jeuner tr\u00e8s sympathique. Comme chaque mois, <!--more--> elles n&rsquo;ont pas d\u00e9rog\u00e9 \u00e0 la r\u00e8gle et, \u00e0 la fin du repas, ont \u00e9chang\u00e9 leurs lectures et leurs livres. Ces \u00e9changes mensuels qui se font d&rsquo;ordinaire dans les locaux de la biblioth\u00e8que ont permis de tisser des liens amicaux entre les participantes et d&rsquo;\u00e9changer autour des lectures de chacune.<\/p>\n<p><div id='gallery-1' class='gallery galleryid-4034 gallery-columns-4 gallery-size-thumbnail'><figure class='gallery-item'>\n\t\t\t<div class='gallery-icon landscape'>\n\t\t\t\t<a href='https:\/\/www.aphyllanthe.fr\/association\/wp-content\/uploads\/2016\/06\/IMG_4953.jpg'><img loading=\"lazy\" decoding=\"async\" width=\"150\" height=\"150\" src=\"https:\/\/www.aphyllanthe.fr\/association\/wp-content\/uploads\/2016\/06\/IMG_4953-150x150.jpg\" class=\"attachment-thumbnail size-thumbnail\" alt=\"\" \/><\/a>\n\t\t\t<\/div><\/figure><figure class='gallery-item'>\n\t\t\t<div class='gallery-icon landscape'>\n\t\t\t\t<a href='https:\/\/www.aphyllanthe.fr\/association\/wp-content\/uploads\/2016\/06\/IMG_4957.jpg'><img loading=\"lazy\" decoding=\"async\" width=\"150\" height=\"150\" src=\"https:\/\/www.aphyllanthe.fr\/association\/wp-content\/uploads\/2016\/06\/IMG_4957-150x150.jpg\" class=\"attachment-thumbnail size-thumbnail\" alt=\"\" \/><\/a>\n\t\t\t<\/div><\/figure><figure class='gallery-item'>\n\t\t\t<div class='gallery-icon landscape'>\n\t\t\t\t<a href='https:\/\/www.aphyllanthe.fr\/association\/wp-content\/uploads\/2016\/06\/IMG_4951.jpg'><img loading=\"lazy\" decoding=\"async\" width=\"150\" height=\"150\" src=\"https:\/\/www.aphyllanthe.fr\/association\/wp-content\/uploads\/2016\/06\/IMG_4951-150x150.jpg\" class=\"attachment-thumbnail size-thumbnail\" alt=\"\" \/><\/a>\n\t\t\t<\/div><\/figure><figure class='gallery-item'>\n\t\t\t<div class='gallery-icon landscape'>\n\t\t\t\t<a href='https:\/\/www.aphyllanthe.fr\/association\/wp-content\/uploads\/2016\/06\/IMG_4965.jpg'><img loading=\"lazy\" decoding=\"async\" width=\"150\" height=\"150\" src=\"https:\/\/www.aphyllanthe.fr\/association\/wp-content\/uploads\/2016\/06\/IMG_4965-150x150.jpg\" class=\"attachment-thumbnail size-thumbnail\" alt=\"\" \/><\/a>\n\t\t\t<\/div><\/figure>\n\t\t<\/div>\n<br \/>\nMerci aux fid\u00e8les participantes qui contribuent \u00e0 animer la biblioth\u00e8que et qui nous apportent de pr\u00e9cieux conseils au moment de l&rsquo;achat des nouveaux livres \u00e0 l&rsquo;automne.<\/p>\n","protected":false},"excerpt":{"rendered":"<p>Le cercle des lectrices, compos\u00e9 d&rsquo;une vingtaine de lectrices passionn\u00e9es, s&rsquo;est retrouv\u00e9 le mardi 28 juin dans le Vaucluse pour un d\u00e9jeuner tr\u00e8s sympathique. Comme chaque mois,<\/p>\n","protected":false},"author":1,"featured_media":0,"comment_status":"closed","ping_status":"closed","sticky":false,"template":"","format":"standard","meta":{"footnotes":""},"categories":[3],"tags":[],"class_list":["post-4034","post","type-post","status-publish","format-standard","hentry","category-reportage"],"_links":{"self":[{"href":"https:\/\/www.aphyllanthe.fr\/association\/wp-json\/wp\/v2\/posts\/4034","targetHints":{"allow":["GET"]}}],"collection":[{"href":"https:\/\/www.aphyllanthe.fr\/association\/wp-json\/wp\/v2\/posts"}],"about":[{"href":"https:\/\/www.aphyllanthe.fr\/association\/wp-json\/wp\/v2\/types\/post"}],"author":[{"embeddable":true,"href":"https:\/\/www.aphyllanthe.fr\/association\/wp-json\/wp\/v2\/users\/1"}],"replies":[{"embeddable":true,"href":"https:\/\/www.aphyllanthe.fr\/association\/wp-json\/wp\/v2\/comments?post=4034"}],"version-history":[{"count":0,"href":"https:\/\/www.aphyllanthe.fr\/association\/wp-json\/wp\/v2\/posts\/4034\/revisions"}],"wp:attachment":[{"href":"https:\/\/www.aphyllanthe.fr\/association\/wp-json\/wp\/v2\/media?parent=4034"}],"wp:term":[{"taxonomy":"category","embeddable":true,"href":"https:\/\/www.aphyllanthe.fr\/association\/wp-json\/wp\/v2\/categories?post=4034"},{"taxonomy":"post_tag","embeddable":true,"href":"https:\/\/www.aphyllanthe.fr\/association\/wp-json\/wp\/v2\/tags?post=4034"}],"curies":[{"name":"wp","href":"https:\/\/api.w.org\/{rel}","templated":true}]}}