{"id":4131,"date":"2016-07-12T16:48:59","date_gmt":"2016-07-12T15:48:59","guid":{"rendered":"http:\/\/www.aphyllanthe.fr\/association\/?p=4131"},"modified":"2016-07-12T16:59:19","modified_gmt":"2016-07-12T15:59:19","slug":"fermeture-dete-et-rentree","status":"publish","type":"post","link":"https:\/\/www.aphyllanthe.fr\/association\/fermeture-dete-et-rentree\/","title":{"rendered":"Fermeture d&rsquo;\u00e9t\u00e9 et rentr\u00e9e"},"content":{"rendered":"<p><img loading=\"lazy\" decoding=\"async\" src=\"http:\/\/www.aphyllanthe.fr\/association\/wp-content\/uploads\/2015\/02\/Fleur-Aphyllanthe.png\" alt=\"Fleur Aphyllanthe\" width=\"94\" height=\"93\" class=\"alignleft size-full wp-image-1142\" \/>La biblioth\u00e8que municipale d&rsquo;Aigaliers et le secr\u00e9tariat de l&rsquo;Aphyllanthe seront ferm\u00e9s du 25 juillet au 16 ao\u00fbt inclus. R\u00e9ouverture le 17 ao\u00fbt. La \u00ab\u00a0journ\u00e9e\u00a0\u00bb des inscriptions aura lieu le 7 septembre du 16h \u00e0 19h.  Les activit\u00e9s reprennent, pour la plupart, le 19 septembre.<\/p>\n","protected":false},"excerpt":{"rendered":"<p>La biblioth\u00e8que municipale d&rsquo;Aigaliers et le secr\u00e9tariat de l&rsquo;Aphyllanthe seront ferm\u00e9s du 25 juillet au 16 ao\u00fbt inclus. R\u00e9ouverture le 17 ao\u00fbt. La \u00ab\u00a0journ\u00e9e\u00a0\u00bb des inscriptions aura lieu le 7 septembre du 16h \u00e0 19h. Les activit\u00e9s reprennent, pour la plupart, le 19 septembre.<\/p>\n","protected":false},"author":1,"featured_media":0,"comment_status":"closed","ping_status":"closed","sticky":false,"template":"","format":"standard","meta":{"footnotes":""},"categories":[4],"tags":[],"class_list":["post-4131","post","type-post","status-publish","format-standard","hentry","category-annonce"],"_links":{"self":[{"href":"https:\/\/www.aphyllanthe.fr\/association\/wp-json\/wp\/v2\/posts\/4131","targetHints":{"allow":["GET"]}}],"collection":[{"href":"https:\/\/www.aphyllanthe.fr\/association\/wp-json\/wp\/v2\/posts"}],"about":[{"href":"https:\/\/www.aphyllanthe.fr\/association\/wp-json\/wp\/v2\/types\/post"}],"author":[{"embeddable":true,"href":"https:\/\/www.aphyllanthe.fr\/association\/wp-json\/wp\/v2\/users\/1"}],"replies":[{"embeddable":true,"href":"https:\/\/www.aphyllanthe.fr\/association\/wp-json\/wp\/v2\/comments?post=4131"}],"version-history":[{"count":0,"href":"https:\/\/www.aphyllanthe.fr\/association\/wp-json\/wp\/v2\/posts\/4131\/revisions"}],"wp:attachment":[{"href":"https:\/\/www.aphyllanthe.fr\/association\/wp-json\/wp\/v2\/media?parent=4131"}],"wp:term":[{"taxonomy":"category","embeddable":true,"href":"https:\/\/www.aphyllanthe.fr\/association\/wp-json\/wp\/v2\/categories?post=4131"},{"taxonomy":"post_tag","embeddable":true,"href":"https:\/\/www.aphyllanthe.fr\/association\/wp-json\/wp\/v2\/tags?post=4131"}],"curies":[{"name":"wp","href":"https:\/\/api.w.org\/{rel}","templated":true}]}}