{"id":4435,"date":"2016-10-08T16:47:57","date_gmt":"2016-10-08T15:47:57","guid":{"rendered":"http:\/\/www.aphyllanthe.fr\/association\/?p=4435"},"modified":"2016-10-12T17:43:38","modified_gmt":"2016-10-12T16:43:38","slug":"soiree-theatre-a-aigaliers","status":"publish","type":"post","link":"https:\/\/www.aphyllanthe.fr\/association\/soiree-theatre-a-aigaliers\/","title":{"rendered":"Soir\u00e9e th\u00e9\u00e2tre \u00e0 Aigaliers"},"content":{"rendered":"<figure id=\"attachment_537\" aria-describedby=\"caption-attachment-537\" style=\"width: 150px\" class=\"wp-caption alignleft\"><img loading=\"lazy\" decoding=\"async\" class=\"size-full wp-image-537\" src=\"http:\/\/www.aphyllanthe.fr\/association\/wp-content\/uploads\/2014\/12\/compagnie-de-l-ours.png\" alt=\"Logo, compagnie de l'Ours (Th\u00e9\u00e2tre)\" width=\"150\" height=\"109\" \/><figcaption id=\"caption-attachment-537\" class=\"wp-caption-text\">Compagnie de l&rsquo;Ours<\/figcaption><\/figure>\n<p>L&rsquo;Association a le plaisir de recevoir la Compagnie de l&rsquo;Ours le samedi soir 15 octobre \u00e0 la Salle Andr\u00e9 Meynier d&rsquo;Aigaliers pour la pr\u00e9sentation de leur nouvelle pi\u00e8ce :<!--more--><\/p>\n<p style=\"text-align: center;\"><span style=\"font-size: 1.3em; font-style: italic; text-decoration: underline;\">Encore un jour tout n&rsquo;oeuf<\/span><\/p>\n<div style=\"clear: both;\">\n<figure id=\"attachment_4454\" aria-describedby=\"caption-attachment-4454\" style=\"width: 212px\" class=\"wp-caption alignright\"><img loading=\"lazy\" decoding=\"async\" class=\"size-medium wp-image-4454\" src=\"http:\/\/www.aphyllanthe.fr\/association\/wp-content\/uploads\/2016\/10\/ours-212x300.jpg\" alt=\"Encore un jour tout n'oeuf\" width=\"212\" height=\"300\" srcset=\"https:\/\/www.aphyllanthe.fr\/association\/wp-content\/uploads\/2016\/10\/ours-212x300.jpg 212w, https:\/\/www.aphyllanthe.fr\/association\/wp-content\/uploads\/2016\/10\/ours-768x1086.jpg 768w, https:\/\/www.aphyllanthe.fr\/association\/wp-content\/uploads\/2016\/10\/ours-724x1024.jpg 724w, https:\/\/www.aphyllanthe.fr\/association\/wp-content\/uploads\/2016\/10\/ours-600x848.jpg 600w, https:\/\/www.aphyllanthe.fr\/association\/wp-content\/uploads\/2016\/10\/ours.jpg 1654w\" sizes=\"auto, (max-width: 212px) 100vw, 212px\" \/><figcaption id=\"caption-attachment-4454\" class=\"wp-caption-text\">Encore un jour tout n&rsquo;oeuf<\/figcaption><\/figure><\/p>\n<p><span style=\"font-size: 0.9em; font-style: italic; font-weight: 300;\">Une com\u00e9die d\u2019apr\u00e8s : R.Obaldia, JC.Crumberg, R.Dubillard<br \/>\nAvec : Patricia Matisson et Olivier Law<br \/>\nMise en sc\u00e8ne : Bernard Labb\u00e9<br \/>\nLumi\u00e8res : Eddy<\/span><\/div>\n<div style=\"width: 350px; float: left; padding-bottom: 20px;font-weight: 300;\">\u00ab\u00a0S\u2019il y avait une vie apr\u00e8s celle-ci ? Ce serait comment&nbsp;? Babeth et Ludovic, voisins de cercueil, nous am\u00e8nent dans un au-del\u00e0 joyeux, vivre une succession de p\u00e9rip\u00e9ties plus loufoques les unes que les autres\u2026\u2026 Madame ne croit en rien, Monsieur veut croire \u00e0 tout. Jour apr\u00e8s jour, soir apr\u00e8s soir, nuit apr\u00e8s nuit, ils s\u2019affrontent, s\u2019opposent, chacun, chacune tentant d\u2019imposer \u00e0 l\u2019autre son d\u00e9risoire point de vue. Ils s\u2019insultent, plaident, menacent, argumentent, m\u00ealant la mauvaise foi l\u2019ing\u00e9nuit\u00e9 et l\u2019absurdit\u00e9 au bon sens. Une balade \u00e0 travers les sens de la vie. Deux cercueils, deux personnages servant un texte d\u00e9licieux de qui passer une dr\u00f4le de soir\u00e9e.\u00a0\u00bb<\/div>\n<div style=\"clear: both; margin-top: 30px;\">\n<p><strong>Infos pratiques<\/strong><\/p>\n<p><em><strong>O\u00f9 :<\/strong><\/em> Salle Andr\u00e9 Meynier d&rsquo;Aigaliers, Route Stephane Hessel, Aigaliers<br \/>\n<em><strong>Quand :<\/strong><\/em> samedi 15 octobre 20h30<br \/>\n<em><strong>Tarif tout public :<\/strong><\/em> 6 \u20ac, enfant \u2013 de 10 ans gratuit<\/p>\n<\/div>\n","protected":false},"excerpt":{"rendered":"<p>L&rsquo;Association a le plaisir de recevoir la Compagnie de l&rsquo;Ours le samedi soir 15 octobre \u00e0 la Salle Andr\u00e9 Meynier d&rsquo;Aigaliers pour la pr\u00e9sentation de leur nouvelle pi\u00e8ce :<\/p>\n","protected":false},"author":1,"featured_media":0,"comment_status":"closed","ping_status":"closed","sticky":false,"template":"","format":"standard","meta":{"footnotes":""},"categories":[4],"tags":[],"class_list":["post-4435","post","type-post","status-publish","format-standard","hentry","category-annonce"],"_links":{"self":[{"href":"https:\/\/www.aphyllanthe.fr\/association\/wp-json\/wp\/v2\/posts\/4435","targetHints":{"allow":["GET"]}}],"collection":[{"href":"https:\/\/www.aphyllanthe.fr\/association\/wp-json\/wp\/v2\/posts"}],"about":[{"href":"https:\/\/www.aphyllanthe.fr\/association\/wp-json\/wp\/v2\/types\/post"}],"author":[{"embeddable":true,"href":"https:\/\/www.aphyllanthe.fr\/association\/wp-json\/wp\/v2\/users\/1"}],"replies":[{"embeddable":true,"href":"https:\/\/www.aphyllanthe.fr\/association\/wp-json\/wp\/v2\/comments?post=4435"}],"version-history":[{"count":0,"href":"https:\/\/www.aphyllanthe.fr\/association\/wp-json\/wp\/v2\/posts\/4435\/revisions"}],"wp:attachment":[{"href":"https:\/\/www.aphyllanthe.fr\/association\/wp-json\/wp\/v2\/media?parent=4435"}],"wp:term":[{"taxonomy":"category","embeddable":true,"href":"https:\/\/www.aphyllanthe.fr\/association\/wp-json\/wp\/v2\/categories?post=4435"},{"taxonomy":"post_tag","embeddable":true,"href":"https:\/\/www.aphyllanthe.fr\/association\/wp-json\/wp\/v2\/tags?post=4435"}],"curies":[{"name":"wp","href":"https:\/\/api.w.org\/{rel}","templated":true}]}}