{"id":4591,"date":"2016-11-09T10:59:05","date_gmt":"2016-11-09T09:59:05","guid":{"rendered":"http:\/\/www.aphyllanthe.fr\/association\/?p=4591"},"modified":"2016-11-09T18:47:31","modified_gmt":"2016-11-09T17:47:31","slug":"visite-des-truffieres-duzes","status":"publish","type":"post","link":"https:\/\/www.aphyllanthe.fr\/association\/visite-des-truffieres-duzes\/","title":{"rendered":"Visite des Truffi\u00e8res d&rsquo;Uz\u00e8s"},"content":{"rendered":"<p><img loading=\"lazy\" decoding=\"async\" src=\"http:\/\/www.aphyllanthe.fr\/association\/wp-content\/uploads\/2016\/11\/truffes-paysan.jpg\" alt=\"visite truffi\u00e8res d&#039;uz\u00e8s\" width=\"193\" height=\"150\" class=\"alignleft size-full wp-image-4607\" \/><span style=\"color:#3257ff;font-weight:500;font-size:1.2em;\">La truffe en Uz\u00e8ge  &#8211; tout le monde conna\u00eet&#8230;   Vraiment ?? <\/p>\n<p>L&rsquo;Association vous propose de faire une visite guid\u00e9e des Truffi\u00e8res d\u2019Uz\u00e8s pour <em><strong>vraiment<\/strong><\/em> connaitre le sujet. Du <a href =\"http:\/\/lestruffieresduzes.fr\/fr\/accueil\/\" target=\"_blank\">site des Truffi\u00e8res<\/a> : <\/p>\n<p>\u00ab\u00a0Oasis de nature situ\u00e9e aux portes d\u2019Uz\u00e8s, Les Truffi\u00e8res d\u2019Uz\u00e8s, c\u2019est 15 hectares d\u2019espaces consacr\u00e9s \u00e0 la truffe et \u00e0 la nature, am\u00e9nag\u00e9s pour accueillir les visiteurs.<!--more--><br \/>\n<img loading=\"lazy\" decoding=\"async\" src=\"http:\/\/www.aphyllanthe.fr\/association\/wp-content\/uploads\/2016\/11\/salle-truffiere.jpg\" alt=\"visite truffi\u00e8res d&#039;uz\u00e8s\" width=\"373\" height=\"250\" class=\"aligncenter size-full wp-image-4605\" srcset=\"https:\/\/www.aphyllanthe.fr\/association\/wp-content\/uploads\/2016\/11\/salle-truffiere.jpg 373w, https:\/\/www.aphyllanthe.fr\/association\/wp-content\/uploads\/2016\/11\/salle-truffiere-300x201.jpg 300w\" sizes=\"auto, (max-width: 373px) 100vw, 373px\" \/><br \/>\n Dans les jeunes plantations ou \u00e0 l\u2019ombre de ch\u00eanes cinquantenaires, vous d\u00e9couvrirez, au cours d\u2019une visite guid\u00e9e avec Michel Tournayre, troisi\u00e8me g\u00e9n\u00e9ration de trufficulteurs, les secrets de la truffe et de la nature m\u00e9diterran\u00e9enne.\u00a0\u00bb<\/p>\n<p><strong>Conditions : <\/strong><\/p>\n<p><figure id=\"attachment_4606\" aria-describedby=\"caption-attachment-4606\" style=\"width: 150px\" class=\"wp-caption alignright\"><img loading=\"lazy\" decoding=\"async\" src=\"http:\/\/www.aphyllanthe.fr\/association\/wp-content\/uploads\/2016\/11\/truffe.jpg\" alt=\"visite truffi\u00e8res d&#039;uz\u00e8s\" width=\"150\" height=\"150\" class=\"size-full wp-image-4606\" \/><figcaption id=\"caption-attachment-4606\" class=\"wp-caption-text\">la truffe<\/figcaption><\/figure><em><strong>Date :<\/strong><\/em> samedi 19 novembre<br \/>\n<em><strong>Heure :<\/strong><\/em> 14h30<br \/>\n<em><strong>Dur\u00e9e de visite :<\/strong><\/em> 2h<br \/>\n<em><strong>Adresse :<\/strong><\/em> 830 Route d\u2019Al\u00e8s, 30700 Uz\u00e8s (rdv sur place vers 14h15)<\/p>\n<table style=\"width:310px;\">\n<tr>\n<th>Tarifs<\/th>\n<th>Adh\u00e9rent<\/th>\n<th>Non-adh\u00e9rent<\/th>\n<\/tr>\n<tr>\n<th>Adultes<\/th>\n<td>3 \u20ac<\/td>\n<td>7 \u20ac<\/td>\n<\/tr>\n<tr>\n<th>Enfants<\/th>\n<td>1 \u20ac<\/td>\n<td>5 \u20ac<\/td>\n<\/tr>\n<\/table>\n<p><em><strong>Inscription \u00e0 l\u2019Aphyllanthe :<\/strong><\/em> 04 66 22 10 22<\/span><\/p>\n","protected":false},"excerpt":{"rendered":"<p>La truffe en Uz\u00e8ge &#8211; tout le monde conna\u00eet&#8230; Vraiment ?? L&rsquo;Association vous propose de faire une visite guid\u00e9e des Truffi\u00e8res d\u2019Uz\u00e8s pour vraiment connaitre le sujet. Du site des Truffi\u00e8res : \u00ab\u00a0Oasis de nature situ\u00e9e aux portes d\u2019Uz\u00e8s, Les Truffi\u00e8res d\u2019Uz\u00e8s, c\u2019est 15 hectares d\u2019espaces consacr\u00e9s \u00e0 la truffe et \u00e0 la nature, am\u00e9nag\u00e9s &hellip; <a href=\"https:\/\/www.aphyllanthe.fr\/association\/visite-des-truffieres-duzes\/\" class=\"more-link\">Continuer la lecture de <span class=\"screen-reader-text\">Visite des Truffi\u00e8res d&rsquo;Uz\u00e8s<\/span>  <span class=\"meta-nav\">&rarr;<\/span><\/a><\/p>\n","protected":false},"author":1,"featured_media":0,"comment_status":"closed","ping_status":"closed","sticky":false,"template":"","format":"standard","meta":{"footnotes":""},"categories":[4],"tags":[],"class_list":["post-4591","post","type-post","status-publish","format-standard","hentry","category-annonce"],"_links":{"self":[{"href":"https:\/\/www.aphyllanthe.fr\/association\/wp-json\/wp\/v2\/posts\/4591","targetHints":{"allow":["GET"]}}],"collection":[{"href":"https:\/\/www.aphyllanthe.fr\/association\/wp-json\/wp\/v2\/posts"}],"about":[{"href":"https:\/\/www.aphyllanthe.fr\/association\/wp-json\/wp\/v2\/types\/post"}],"author":[{"embeddable":true,"href":"https:\/\/www.aphyllanthe.fr\/association\/wp-json\/wp\/v2\/users\/1"}],"replies":[{"embeddable":true,"href":"https:\/\/www.aphyllanthe.fr\/association\/wp-json\/wp\/v2\/comments?post=4591"}],"version-history":[{"count":0,"href":"https:\/\/www.aphyllanthe.fr\/association\/wp-json\/wp\/v2\/posts\/4591\/revisions"}],"wp:attachment":[{"href":"https:\/\/www.aphyllanthe.fr\/association\/wp-json\/wp\/v2\/media?parent=4591"}],"wp:term":[{"taxonomy":"category","embeddable":true,"href":"https:\/\/www.aphyllanthe.fr\/association\/wp-json\/wp\/v2\/categories?post=4591"},{"taxonomy":"post_tag","embeddable":true,"href":"https:\/\/www.aphyllanthe.fr\/association\/wp-json\/wp\/v2\/tags?post=4591"}],"curies":[{"name":"wp","href":"https:\/\/api.w.org\/{rel}","templated":true}]}}