{"id":4993,"date":"2017-01-15T14:25:48","date_gmt":"2017-01-15T13:25:48","guid":{"rendered":"http:\/\/www.aphyllanthe.fr\/association\/?p=4993"},"modified":"2017-01-15T15:01:15","modified_gmt":"2017-01-15T14:01:15","slug":"debut-dannee-reussi","status":"publish","type":"post","link":"https:\/\/www.aphyllanthe.fr\/association\/debut-dannee-reussi\/","title":{"rendered":"D\u00e9but d&rsquo;ann\u00e9e r\u00e9ussi"},"content":{"rendered":"<p><strong>Stages et rencontres conviviales<\/strong><\/p>\n<li><em><strong>Stage (le 7 janvier 2017)<\/strong><\/em> : <\/li>\n<p><figure id=\"attachment_4988\" aria-describedby=\"caption-attachment-4988\" style=\"width: 150px\" class=\"wp-caption alignleft\"><img loading=\"lazy\" decoding=\"async\" src=\"http:\/\/www.aphyllanthe.fr\/association\/wp-content\/uploads\/2017\/01\/IMG_5176-150x150.jpg\" alt=\"\" width=\"150\" height=\"150\" class=\"size-thumbnail wp-image-4988\" \/><figcaption id=\"caption-attachment-4988\" class=\"wp-caption-text\">atelier en cours<\/figcaption><\/figure>L&rsquo;ann\u00e9e a bien commenc\u00e9e \u00e0 cette date pour les stagiaires du modelage en terre. l&rsquo;Association a organis\u00e9 le premier des 3 stages de modelage pr\u00e9vus ce trimestre. Malgr\u00e9 les rires et la bonne humeur l&rsquo;application est de rigueur sous l\u2019\u0153il attentif de l&rsquo;animatrice Marie qui a guid\u00e9 les apprentis potiers avec talent et patience. Le sujet du jour pour la plupart \u00e9tait de modeler une pintade (ou une girafe ou m\u00eame ce dont on avait envie &#8211; le sujet \u00e9tant libre&#8230;).  Ne manquez pas <a href=\"http:\/\/www.aphyllanthe.fr\/association\/stages-de-poterie\/\" target=\"_blank\")>les prochains stages<\/a>. <!--more--><\/p>\n<p><div id='gallery-1' class='gallery galleryid-4993 gallery-columns-3 gallery-size-thumbnail'><figure class='gallery-item'>\n\t\t\t<div class='gallery-icon landscape'>\n\t\t\t\t<a href='https:\/\/www.aphyllanthe.fr\/association\/wp-content\/uploads\/2017\/01\/DSC_4293.jpg'><img loading=\"lazy\" decoding=\"async\" width=\"150\" height=\"150\" src=\"https:\/\/www.aphyllanthe.fr\/association\/wp-content\/uploads\/2017\/01\/DSC_4293-150x150.jpg\" class=\"attachment-thumbnail size-thumbnail\" alt=\"\" aria-describedby=\"gallery-1-4984\" \/><\/a>\n\t\t\t<\/div>\n\t\t\t\t<figcaption class='wp-caption-text gallery-caption' id='gallery-1-4984'>\n\t\t\t\tconcentration\n\t\t\t\t<\/figcaption><\/figure><figure class='gallery-item'>\n\t\t\t<div class='gallery-icon landscape'>\n\t\t\t\t<a href='https:\/\/www.aphyllanthe.fr\/association\/wp-content\/uploads\/2017\/01\/DSC_4294.jpg'><img loading=\"lazy\" decoding=\"async\" width=\"150\" height=\"150\" src=\"https:\/\/www.aphyllanthe.fr\/association\/wp-content\/uploads\/2017\/01\/DSC_4294-150x150.jpg\" class=\"attachment-thumbnail size-thumbnail\" alt=\"\" aria-describedby=\"gallery-1-4985\" \/><\/a>\n\t\t\t<\/div>\n\t\t\t\t<figcaption class='wp-caption-text gallery-caption' id='gallery-1-4985'>\n\t\t\t\t\u00e9coutant l&rsquo;animatrice\n\t\t\t\t<\/figcaption><\/figure><figure class='gallery-item'>\n\t\t\t<div class='gallery-icon landscape'>\n\t\t\t\t<a href='https:\/\/www.aphyllanthe.fr\/association\/wp-content\/uploads\/2017\/01\/DSC_4292.jpg'><img loading=\"lazy\" decoding=\"async\" width=\"150\" height=\"150\" src=\"https:\/\/www.aphyllanthe.fr\/association\/wp-content\/uploads\/2017\/01\/DSC_4292-150x150.jpg\" class=\"attachment-thumbnail size-thumbnail\" alt=\"\" aria-describedby=\"gallery-1-4983\" \/><\/a>\n\t\t\t<\/div>\n\t\t\t\t<figcaption class='wp-caption-text gallery-caption' id='gallery-1-4983'>\n\t\t\t\tconcentration\n\t\t\t\t<\/figcaption><\/figure><figure class='gallery-item'>\n\t\t\t<div class='gallery-icon landscape'>\n\t\t\t\t<a href='https:\/\/www.aphyllanthe.fr\/association\/wp-content\/uploads\/2017\/01\/IMG_5174.jpg'><img loading=\"lazy\" decoding=\"async\" width=\"150\" height=\"150\" src=\"https:\/\/www.aphyllanthe.fr\/association\/wp-content\/uploads\/2017\/01\/IMG_5174-150x150.jpg\" class=\"attachment-thumbnail size-thumbnail\" alt=\"\" aria-describedby=\"gallery-1-4987\" \/><\/a>\n\t\t\t<\/div>\n\t\t\t\t<figcaption class='wp-caption-text gallery-caption' id='gallery-1-4987'>\n\t\t\t\ton peaufine son travail\n\t\t\t\t<\/figcaption><\/figure><figure class='gallery-item'>\n\t\t\t<div class='gallery-icon landscape'>\n\t\t\t\t<a href='https:\/\/www.aphyllanthe.fr\/association\/wp-content\/uploads\/2017\/01\/IMG_5176.jpg'><img loading=\"lazy\" decoding=\"async\" width=\"150\" height=\"150\" src=\"https:\/\/www.aphyllanthe.fr\/association\/wp-content\/uploads\/2017\/01\/IMG_5176-150x150.jpg\" class=\"attachment-thumbnail size-thumbnail\" alt=\"\" aria-describedby=\"gallery-1-4988\" \/><\/a>\n\t\t\t<\/div>\n\t\t\t\t<figcaption class='wp-caption-text gallery-caption' id='gallery-1-4988'>\n\t\t\t\tatelier en cours\n\t\t\t\t<\/figcaption><\/figure><figure class='gallery-item'>\n\t\t\t<div class='gallery-icon portrait'>\n\t\t\t\t<a href='https:\/\/www.aphyllanthe.fr\/association\/wp-content\/uploads\/2017\/01\/DSC_4295r.jpg'><img loading=\"lazy\" decoding=\"async\" width=\"150\" height=\"150\" src=\"https:\/\/www.aphyllanthe.fr\/association\/wp-content\/uploads\/2017\/01\/DSC_4295r-150x150.jpg\" class=\"attachment-thumbnail size-thumbnail\" alt=\"\" aria-describedby=\"gallery-1-4990\" \/><\/a>\n\t\t\t<\/div>\n\t\t\t\t<figcaption class='wp-caption-text gallery-caption' id='gallery-1-4990'>\n\t\t\t\tl&rsquo;animatrice\n\t\t\t\t<\/figcaption><\/figure>\n\t\t<\/div>\n<br \/>\n&nbsp;<\/p>\n<li><em><strong>Apr\u00e8s-midi convivial (le 8 janvier 2017)<\/strong><\/em> :<\/li>\n<p><figure id=\"attachment_4989\" aria-describedby=\"caption-attachment-4989\" style=\"width: 300px\" class=\"wp-caption alignright\"><a href=\"http:\/\/www.aphyllanthe.fr\/association\/wp-content\/uploads\/2017\/01\/IMG_5186-galette.jpg\"><img loading=\"lazy\" decoding=\"async\" src=\"http:\/\/www.aphyllanthe.fr\/association\/wp-content\/uploads\/2017\/01\/IMG_5186-galette-300x225.jpg\" alt=\"\" width=\"300\" height=\"225\" class=\"size-medium wp-image-4989\" srcset=\"https:\/\/www.aphyllanthe.fr\/association\/wp-content\/uploads\/2017\/01\/IMG_5186-galette-300x225.jpg 300w, https:\/\/www.aphyllanthe.fr\/association\/wp-content\/uploads\/2017\/01\/IMG_5186-galette-768x576.jpg 768w, https:\/\/www.aphyllanthe.fr\/association\/wp-content\/uploads\/2017\/01\/IMG_5186-galette-1024x768.jpg 1024w, https:\/\/www.aphyllanthe.fr\/association\/wp-content\/uploads\/2017\/01\/IMG_5186-galette-600x450.jpg 600w, https:\/\/www.aphyllanthe.fr\/association\/wp-content\/uploads\/2017\/01\/IMG_5186-galette.jpg 1440w\" sizes=\"auto, (max-width: 300px) 100vw, 300px\" \/><\/a><figcaption id=\"caption-attachment-4989\" class=\"wp-caption-text\">salle comble pour la galette des rois 2017<\/figcaption><\/figure>Salle comble \u00e0 Aigaliers pour la galette des rois offerte par l&rsquo;Association \u00e0 ses adh\u00e9rents. Au moins 60 adh\u00e9rents ont r\u00e9pondu \u00e0 l&rsquo;appel et malgr\u00e9 l&rsquo;affluence il y en avait pour tous. L&rsquo;Association s&rsquo;est fait une sp\u00e9cialit\u00e9 de ce rendez-vous convivial depuis maintenant 4 ans. <\/p>\n<p>Une belle fa\u00e7on de d\u00e9marrer l&rsquo;ann\u00e9e pour l&rsquo;Association. <\/p>\n","protected":false},"excerpt":{"rendered":"<p>Stages et rencontres conviviales Stage (le 7 janvier 2017) : L&rsquo;ann\u00e9e a bien commenc\u00e9e \u00e0 cette date pour les stagiaires du modelage en terre. l&rsquo;Association a organis\u00e9 le premier des 3 stages de modelage pr\u00e9vus ce trimestre. Malgr\u00e9 les rires et la bonne humeur l&rsquo;application est de rigueur sous l\u2019\u0153il attentif de l&rsquo;animatrice Marie qui &hellip; <a href=\"https:\/\/www.aphyllanthe.fr\/association\/debut-dannee-reussi\/\" class=\"more-link\">Continuer la lecture de <span class=\"screen-reader-text\">D\u00e9but d&rsquo;ann\u00e9e r\u00e9ussi<\/span>  <span class=\"meta-nav\">&rarr;<\/span><\/a><\/p>\n","protected":false},"author":1,"featured_media":0,"comment_status":"closed","ping_status":"closed","sticky":false,"template":"","format":"standard","meta":{"footnotes":""},"categories":[3],"tags":[],"class_list":["post-4993","post","type-post","status-publish","format-standard","hentry","category-reportage"],"_links":{"self":[{"href":"https:\/\/www.aphyllanthe.fr\/association\/wp-json\/wp\/v2\/posts\/4993","targetHints":{"allow":["GET"]}}],"collection":[{"href":"https:\/\/www.aphyllanthe.fr\/association\/wp-json\/wp\/v2\/posts"}],"about":[{"href":"https:\/\/www.aphyllanthe.fr\/association\/wp-json\/wp\/v2\/types\/post"}],"author":[{"embeddable":true,"href":"https:\/\/www.aphyllanthe.fr\/association\/wp-json\/wp\/v2\/users\/1"}],"replies":[{"embeddable":true,"href":"https:\/\/www.aphyllanthe.fr\/association\/wp-json\/wp\/v2\/comments?post=4993"}],"version-history":[{"count":0,"href":"https:\/\/www.aphyllanthe.fr\/association\/wp-json\/wp\/v2\/posts\/4993\/revisions"}],"wp:attachment":[{"href":"https:\/\/www.aphyllanthe.fr\/association\/wp-json\/wp\/v2\/media?parent=4993"}],"wp:term":[{"taxonomy":"category","embeddable":true,"href":"https:\/\/www.aphyllanthe.fr\/association\/wp-json\/wp\/v2\/categories?post=4993"},{"taxonomy":"post_tag","embeddable":true,"href":"https:\/\/www.aphyllanthe.fr\/association\/wp-json\/wp\/v2\/tags?post=4993"}],"curies":[{"name":"wp","href":"https:\/\/api.w.org\/{rel}","templated":true}]}}