{"id":5016,"date":"2017-01-15T16:25:52","date_gmt":"2017-01-15T15:25:52","guid":{"rendered":"http:\/\/www.aphyllanthe.fr\/association\/?p=5016"},"modified":"2017-01-19T22:15:41","modified_gmt":"2017-01-19T21:15:41","slug":"legypte-de-ramses-ii","status":"publish","type":"post","link":"https:\/\/www.aphyllanthe.fr\/association\/legypte-de-ramses-ii\/","title":{"rendered":"L\u2019\u00c9gypte de Rams\u00e8s II"},"content":{"rendered":"<p><figure id=\"attachment_5027\" aria-describedby=\"caption-attachment-5027\" style=\"width: 150px\" class=\"wp-caption alignleft\"><a href=\"http:\/\/www.aphyllanthe.fr\/association\/wp-content\/uploads\/2017\/01\/khaem.jpg\"><img loading=\"lazy\" decoding=\"async\" src=\"http:\/\/www.aphyllanthe.fr\/association\/wp-content\/uploads\/2017\/01\/khaem-150x150.jpg\" alt=\"\" width=\"150\" height=\"150\" class=\"size-thumbnail wp-image-5027\" \/><\/a><figcaption id=\"caption-attachment-5027\" class=\"wp-caption-text\">buste de Rams\u00e8s II<\/figcaption><\/figure>Le dimanche 22 janvier, l&rsquo;Association propose une visite guid\u00e9e \u00e0 une exposition sur l\u2019\u00c9gypte antique : <strong>Savoir et pouvoir \u00e0 l&rsquo;\u00e9poque de Rams\u00e8s II, Kh\u00e2emouaset.<\/strong> Cette exposition pr\u00e9sente plus de 140 pi\u00e8ces rares de collections prestigieuses du Louvre et d&rsquo;autres mus\u00e9es du monde entier. Pour les amateurs de l\u2019\u00c9gypte antique, c&rsquo;est \u00e0 ne pas manquer. <!--more--><\/p>\n<div style=\"clear:both;\"><\/div>\n<p><strong>Description de l&rsquo;exposition sur le <a href=\"http:\/\/www.arles-antique.cg13.fr\/khaemouaset\/index.html\" target=\"_blank\">site du mus\u00e9e<\/a><\/strong><\/p>\n<p><figure id=\"attachment_5028\" aria-describedby=\"caption-attachment-5028\" style=\"width: 300px\" class=\"wp-caption alignright\"><a href=\"http:\/\/www.aphyllanthe.fr\/association\/wp-content\/uploads\/2017\/01\/Pectoral_ramsesII.jpg\"><img loading=\"lazy\" decoding=\"async\" src=\"http:\/\/www.aphyllanthe.fr\/association\/wp-content\/uploads\/2017\/01\/Pectoral_ramsesII-300x260.jpg\" alt=\"\" width=\"300\" height=\"260\" class=\"size-medium wp-image-5028\" srcset=\"https:\/\/www.aphyllanthe.fr\/association\/wp-content\/uploads\/2017\/01\/Pectoral_ramsesII-300x260.jpg 300w, https:\/\/www.aphyllanthe.fr\/association\/wp-content\/uploads\/2017\/01\/Pectoral_ramsesII-768x667.jpg 768w, https:\/\/www.aphyllanthe.fr\/association\/wp-content\/uploads\/2017\/01\/Pectoral_ramsesII-1024x889.jpg 1024w, https:\/\/www.aphyllanthe.fr\/association\/wp-content\/uploads\/2017\/01\/Pectoral_ramsesII-600x521.jpg 600w, https:\/\/www.aphyllanthe.fr\/association\/wp-content\/uploads\/2017\/01\/Pectoral_ramsesII.jpg 1244w\" sizes=\"auto, (max-width: 300px) 100vw, 300px\" \/><\/a><figcaption id=\"caption-attachment-5028\" class=\"wp-caption-text\">pectoral Rams\u00e8s II<\/figcaption><\/figure><em><span style=\"font-weight:350;font-size:.9em;\">\u00ab\u00a0Le mus\u00e9e d\u00e9partemental Arles antique consacre cette exposition au prince Kh\u00e2emouaset, image de l\u2019\u00e9rudit et de l\u2019homme de pouvoir de l\u2019\u00c9gypte ancienne. Elle met en exergue les liens \u00e9troits qu\u2019ont pu entretenir le prince et son p\u00e8re, Rams\u00e8s II, qu\u2019il assista toute sa vie durant. Grand pr\u00eatre du dieu Ptah \u00e0 Memphis, il devait \u00eatre un des personnages les plus puissants d\u2019\u00c9gypte. Il est pass\u00e9 \u00e0 la post\u00e9rit\u00e9 comme premier \u00ab arch\u00e9ologue de l\u2019histoire \u00bb tant il s\u2019est int\u00e9ress\u00e9 au pass\u00e9 en restaurant les monuments des pharaons de l\u2019Ancien Empire dans la r\u00e9gion entre Gizeh et Saqqara. &#8230;\u00a0\u00bb<\/span><\/em><\/p>\n<table style=\"float:right;width:270px;margin-left:25px;border:2px solid blue;\">\n<tr>\n<th style=\"border-bottom:1px solid blue;\">Tarifs<\/th>\n<th style=\"border-bottom:1px solid blue;\">Adh\u00e9rent<\/th>\n<th style=\"border-bottom:1px solid blue;\">Non-adh\u00e9rent<\/th>\n<\/tr>\n<tr>\n<th>adultes<\/th>\n<td>5,00 \u20ac<\/td>\n<td>10,00 \u20ac<\/td>\n<\/tr>\n<tr>\n<th>enfants<\/th>\n<td>2,00 \u20ac<\/td>\n<td>5,00 \u20ac<\/td>\n<\/tr>\n<\/table>\n<p><strong>Conditions <\/strong><br \/>\n<em><strong>Date :<\/strong><\/em> dimanche 22 janvier<br \/>\n<em><strong>Lieu :<\/strong><\/em> Mus\u00e9e d\u00e9partemental Arles antique, Presqu&rsquo;\u00eele du cirque romain,  Arles<br \/>\n<em><strong>Debut de visite guid\u00e9e :<\/strong><\/em> 11:00 (assurez-vous d&rsquo;\u00eatre sur place au plus tard \u00e0 10h45)<br \/>\n<em><strong>Dur\u00e9e :<\/strong><\/em> environ une heure<br \/>\n<em><strong>Inscriptions :<\/strong><\/em> contacter l&rsquo;Association aux <a href=\"http:\/\/www.aphyllanthe.fr\/association\/accueil\/\"  target=\"_blank\">horaires d&rsquo;ouverture<\/a><br \/>\n<em><strong>Attention :<\/strong><\/em> nombre de places limit\u00e9<br \/>\n<em><strong>Note : <\/strong><\/em> pour participer au d\u00e9jeuner \u00e0 un restaurant d&rsquo;Arles apr\u00e8s l&rsquo;expo, il est essentiel de contacter l&rsquo;Association. <\/p>\n","protected":false},"excerpt":{"rendered":"<p>Le dimanche 22 janvier, l&rsquo;Association propose une visite guid\u00e9e \u00e0 une exposition sur l\u2019\u00c9gypte antique : Savoir et pouvoir \u00e0 l&rsquo;\u00e9poque de Rams\u00e8s II, Kh\u00e2emouaset. Cette exposition pr\u00e9sente plus de 140 pi\u00e8ces rares de collections prestigieuses du Louvre et d&rsquo;autres mus\u00e9es du monde entier. Pour les amateurs de l\u2019\u00c9gypte antique, c&rsquo;est \u00e0 ne pas manquer.<\/p>\n","protected":false},"author":1,"featured_media":0,"comment_status":"closed","ping_status":"closed","sticky":false,"template":"","format":"standard","meta":{"footnotes":""},"categories":[4],"tags":[],"class_list":["post-5016","post","type-post","status-publish","format-standard","hentry","category-annonce"],"_links":{"self":[{"href":"https:\/\/www.aphyllanthe.fr\/association\/wp-json\/wp\/v2\/posts\/5016","targetHints":{"allow":["GET"]}}],"collection":[{"href":"https:\/\/www.aphyllanthe.fr\/association\/wp-json\/wp\/v2\/posts"}],"about":[{"href":"https:\/\/www.aphyllanthe.fr\/association\/wp-json\/wp\/v2\/types\/post"}],"author":[{"embeddable":true,"href":"https:\/\/www.aphyllanthe.fr\/association\/wp-json\/wp\/v2\/users\/1"}],"replies":[{"embeddable":true,"href":"https:\/\/www.aphyllanthe.fr\/association\/wp-json\/wp\/v2\/comments?post=5016"}],"version-history":[{"count":0,"href":"https:\/\/www.aphyllanthe.fr\/association\/wp-json\/wp\/v2\/posts\/5016\/revisions"}],"wp:attachment":[{"href":"https:\/\/www.aphyllanthe.fr\/association\/wp-json\/wp\/v2\/media?parent=5016"}],"wp:term":[{"taxonomy":"category","embeddable":true,"href":"https:\/\/www.aphyllanthe.fr\/association\/wp-json\/wp\/v2\/categories?post=5016"},{"taxonomy":"post_tag","embeddable":true,"href":"https:\/\/www.aphyllanthe.fr\/association\/wp-json\/wp\/v2\/tags?post=5016"}],"curies":[{"name":"wp","href":"https:\/\/api.w.org\/{rel}","templated":true}]}}