{"id":5107,"date":"2017-01-27T10:42:11","date_gmt":"2017-01-27T09:42:11","guid":{"rendered":"http:\/\/www.aphyllanthe.fr\/association\/?p=5107"},"modified":"2017-01-28T21:10:36","modified_gmt":"2017-01-28T20:10:36","slug":"avenir-de-laphyllanthe","status":"publish","type":"post","link":"https:\/\/www.aphyllanthe.fr\/association\/avenir-de-laphyllanthe\/","title":{"rendered":"Avenir de l&rsquo;Aphyllanthe"},"content":{"rendered":"<p><img loading=\"lazy\" decoding=\"async\" src=\"http:\/\/www.aphyllanthe.fr\/association\/wp-content\/uploads\/2015\/02\/Fleur-Aphyllanthe.png\" alt=\"\" width=\"94\" height=\"93\" class=\"alignleft size-full wp-image-1142\" \/>Depuis 2003, \u00e0 Aigaliers et dans le voisinage, l&rsquo;Association l&rsquo;Aphyllanthe propose des animations, des sorties, des cours, des ateliers, des activit\u00e9s sportives, des projets scolaires et bien plus pour un public de tous les \u00e2ges. Depuis 2010, l&rsquo;Association a consid\u00e9rablement grandi, avec plus de 200 membres, pr\u00e8s de 700 participants aux diverses activit\u00e9s ponctuelles de 2016 et plus de 50 inscrits aux cours et ateliers hebdomadaires. De plus, l\u2019Association agit en milieu scolaire en participant au programme national CLAS \u2013 aide \u00e0 la scolarit\u00e9. <\/p>\n<p>Le soutien de la mairie d&rsquo;Aigaliers, des mairies de Foissac et de Baron et une coop\u00e9ration forte avec la CAF du Gard permettent d&rsquo;assurer le financement des activit\u00e9s \u00e0 prix modique et une permanence d&rsquo;au moins 20 h par semaine \u00e0 la biblioth\u00e8que d&rsquo;Aigaliers, devenue un lieu de vie tr\u00e8s anim\u00e9.  Malgr\u00e9 ces acquis, malgr\u00e9 l&rsquo;efficacit\u00e9 de la secr\u00e9taire d&rsquo;accueil, l&rsquo;Association ne peut pas exister sans un CA et un Bureau engag\u00e9 et disponible. En 2017, plusieurs d\u00e9parts sont \u00e0 pr\u00e9voir dans cette \u00e9quipe. <strong>Si vous tenez \u00e0 la p\u00e9rennisation de cette Association, merci de <a href=\"http:\/\/www.aphyllanthe.fr\/association\/pdf\/lettre-ouverte.pdf\" target=\"_blank\">lire ceci<\/a>, et d\u2019agir en cons\u00e9quence. <\/strong><\/p>\n","protected":false},"excerpt":{"rendered":"<p>Depuis 2003, \u00e0 Aigaliers et dans le voisinage, l&rsquo;Association l&rsquo;Aphyllanthe propose des animations, des sorties, des cours, des ateliers, des activit\u00e9s sportives, des projets scolaires et bien plus pour un public de tous les \u00e2ges. Depuis 2010, l&rsquo;Association a consid\u00e9rablement grandi, avec plus de 200 membres, pr\u00e8s de 700 participants aux diverses activit\u00e9s ponctuelles de &hellip; <a href=\"https:\/\/www.aphyllanthe.fr\/association\/avenir-de-laphyllanthe\/\" class=\"more-link\">Continuer la lecture de <span class=\"screen-reader-text\">Avenir de l&rsquo;Aphyllanthe<\/span>  <span class=\"meta-nav\">&rarr;<\/span><\/a><\/p>\n","protected":false},"author":1,"featured_media":0,"comment_status":"closed","ping_status":"closed","sticky":false,"template":"","format":"standard","meta":{"footnotes":""},"categories":[4],"tags":[],"class_list":["post-5107","post","type-post","status-publish","format-standard","hentry","category-annonce"],"_links":{"self":[{"href":"https:\/\/www.aphyllanthe.fr\/association\/wp-json\/wp\/v2\/posts\/5107","targetHints":{"allow":["GET"]}}],"collection":[{"href":"https:\/\/www.aphyllanthe.fr\/association\/wp-json\/wp\/v2\/posts"}],"about":[{"href":"https:\/\/www.aphyllanthe.fr\/association\/wp-json\/wp\/v2\/types\/post"}],"author":[{"embeddable":true,"href":"https:\/\/www.aphyllanthe.fr\/association\/wp-json\/wp\/v2\/users\/1"}],"replies":[{"embeddable":true,"href":"https:\/\/www.aphyllanthe.fr\/association\/wp-json\/wp\/v2\/comments?post=5107"}],"version-history":[{"count":0,"href":"https:\/\/www.aphyllanthe.fr\/association\/wp-json\/wp\/v2\/posts\/5107\/revisions"}],"wp:attachment":[{"href":"https:\/\/www.aphyllanthe.fr\/association\/wp-json\/wp\/v2\/media?parent=5107"}],"wp:term":[{"taxonomy":"category","embeddable":true,"href":"https:\/\/www.aphyllanthe.fr\/association\/wp-json\/wp\/v2\/categories?post=5107"},{"taxonomy":"post_tag","embeddable":true,"href":"https:\/\/www.aphyllanthe.fr\/association\/wp-json\/wp\/v2\/tags?post=5107"}],"curies":[{"name":"wp","href":"https:\/\/api.w.org\/{rel}","templated":true}]}}