{"id":5685,"date":"2017-05-21T20:45:12","date_gmt":"2017-05-21T19:45:12","guid":{"rendered":"http:\/\/www.aphyllanthe.fr\/association\/?p=5685"},"modified":"2017-05-22T20:11:43","modified_gmt":"2017-05-22T19:11:43","slug":"escapade-sur-la-via-ferrata","status":"publish","type":"post","link":"https:\/\/www.aphyllanthe.fr\/association\/escapade-sur-la-via-ferrata\/","title":{"rendered":"Escapade sur la via ferrata"},"content":{"rendered":"<p><figure id=\"attachment_5692\" aria-describedby=\"caption-attachment-5692\" style=\"width: 300px\" class=\"wp-caption alignleft\"><a href=\"http:\/\/www.aphyllanthe.fr\/association\/wp-content\/uploads\/2017\/05\/IMG_6799.jpg\"><img loading=\"lazy\" decoding=\"async\" src=\"http:\/\/www.aphyllanthe.fr\/association\/wp-content\/uploads\/2017\/05\/IMG_6799-300x169.jpg\" alt=\"le top d\u00e9part\" width=\"300\" height=\"169\" class=\"size-medium wp-image-5692\" srcset=\"https:\/\/www.aphyllanthe.fr\/association\/wp-content\/uploads\/2017\/05\/IMG_6799-300x169.jpg 300w, https:\/\/www.aphyllanthe.fr\/association\/wp-content\/uploads\/2017\/05\/IMG_6799-768x432.jpg 768w, https:\/\/www.aphyllanthe.fr\/association\/wp-content\/uploads\/2017\/05\/IMG_6799-1024x575.jpg 1024w, https:\/\/www.aphyllanthe.fr\/association\/wp-content\/uploads\/2017\/05\/IMG_6799-600x337.jpg 600w, https:\/\/www.aphyllanthe.fr\/association\/wp-content\/uploads\/2017\/05\/IMG_6799.jpg 1920w\" sizes=\"auto, (max-width: 300px) 100vw, 300px\" \/><\/a><figcaption id=\"caption-attachment-5692\" class=\"wp-caption-text\">le top d\u00e9part<\/figcaption><\/figure><strong>Via ferrata<\/strong> : <em>il s&rsquo;agit d&rsquo;un itin\u00e9raire sportif entre randonn\u00e9e et escalade le long des parois rocheuses sur lesquelles ont \u00e9t\u00e9 fix\u00e9s des \u00e9quipements m\u00e9talliques permettant de faciliter la progression et d&rsquo;assurer les pratiquants (c\u00e2ble, rampes, \u00e9chelons, poutres, \u00e9chelles).<\/em><\/p>\n<p>Sept adultes et sept jeunes se sont retrouv\u00e9s samedi 20 mai vers 13h45 \u00e0 Collias pour d\u00e9couvrir la via ferrata. Deux moniteurs du bureau des moniteurs du Gard, Alexandre et Cl\u00e9ment, encadraient l&rsquo;activit\u00e9. Le temps \u00e9tait au rendez-vous, ni trop chaud ni trop froid, et a permis au groupe de pratiquer dans de bonnes conditions.<\/p>\n<div id='gallery-1' class='gallery galleryid-5685 gallery-columns-5 gallery-size-medium'><figure class='gallery-item'>\n\t\t\t<div class='gallery-icon portrait'>\n\t\t\t\t<a href='https:\/\/www.aphyllanthe.fr\/association\/wp-content\/uploads\/2017\/05\/20170520_153012.jpg'><img loading=\"lazy\" decoding=\"async\" width=\"169\" height=\"300\" src=\"https:\/\/www.aphyllanthe.fr\/association\/wp-content\/uploads\/2017\/05\/20170520_153012-169x300.jpg\" class=\"attachment-medium size-medium\" alt=\"un passage d\u00e9licat\" aria-describedby=\"gallery-1-5688\" srcset=\"https:\/\/www.aphyllanthe.fr\/association\/wp-content\/uploads\/2017\/05\/20170520_153012-169x300.jpg 169w, https:\/\/www.aphyllanthe.fr\/association\/wp-content\/uploads\/2017\/05\/20170520_153012-576x1024.jpg 576w, https:\/\/www.aphyllanthe.fr\/association\/wp-content\/uploads\/2017\/05\/20170520_153012-600x1068.jpg 600w, https:\/\/www.aphyllanthe.fr\/association\/wp-content\/uploads\/2017\/05\/20170520_153012.jpg 607w\" sizes=\"auto, (max-width: 169px) 100vw, 169px\" \/><\/a>\n\t\t\t<\/div>\n\t\t\t\t<figcaption class='wp-caption-text gallery-caption' id='gallery-1-5688'>\n\t\t\t\tun passage d\u00e9licat\n\t\t\t\t<\/figcaption><\/figure><figure class='gallery-item'>\n\t\t\t<div class='gallery-icon portrait'>\n\t\t\t\t<a href='https:\/\/www.aphyllanthe.fr\/association\/wp-content\/uploads\/2017\/05\/20170520_144019.jpg'><img loading=\"lazy\" decoding=\"async\" width=\"169\" height=\"300\" src=\"https:\/\/www.aphyllanthe.fr\/association\/wp-content\/uploads\/2017\/05\/20170520_144019-169x300.jpg\" class=\"attachment-medium size-medium\" alt=\"petit bouchon sur la piste\" aria-describedby=\"gallery-1-5686\" srcset=\"https:\/\/www.aphyllanthe.fr\/association\/wp-content\/uploads\/2017\/05\/20170520_144019-169x300.jpg 169w, https:\/\/www.aphyllanthe.fr\/association\/wp-content\/uploads\/2017\/05\/20170520_144019-576x1024.jpg 576w, https:\/\/www.aphyllanthe.fr\/association\/wp-content\/uploads\/2017\/05\/20170520_144019-600x1068.jpg 600w, https:\/\/www.aphyllanthe.fr\/association\/wp-content\/uploads\/2017\/05\/20170520_144019.jpg 607w\" sizes=\"auto, (max-width: 169px) 100vw, 169px\" \/><\/a>\n\t\t\t<\/div>\n\t\t\t\t<figcaption class='wp-caption-text gallery-caption' id='gallery-1-5686'>\n\t\t\t\tpetit bouchon sur la piste\n\t\t\t\t<\/figcaption><\/figure><figure class='gallery-item'>\n\t\t\t<div class='gallery-icon portrait'>\n\t\t\t\t<a href='https:\/\/www.aphyllanthe.fr\/association\/wp-content\/uploads\/2017\/05\/20170520_150935.jpg'><img loading=\"lazy\" decoding=\"async\" width=\"169\" height=\"300\" src=\"https:\/\/www.aphyllanthe.fr\/association\/wp-content\/uploads\/2017\/05\/20170520_150935-169x300.jpg\" class=\"attachment-medium size-medium\" alt=\"un passage un peu vertical\" aria-describedby=\"gallery-1-5687\" srcset=\"https:\/\/www.aphyllanthe.fr\/association\/wp-content\/uploads\/2017\/05\/20170520_150935-169x300.jpg 169w, https:\/\/www.aphyllanthe.fr\/association\/wp-content\/uploads\/2017\/05\/20170520_150935-576x1024.jpg 576w, https:\/\/www.aphyllanthe.fr\/association\/wp-content\/uploads\/2017\/05\/20170520_150935-600x1068.jpg 600w, https:\/\/www.aphyllanthe.fr\/association\/wp-content\/uploads\/2017\/05\/20170520_150935.jpg 607w\" sizes=\"auto, (max-width: 169px) 100vw, 169px\" \/><\/a>\n\t\t\t<\/div>\n\t\t\t\t<figcaption class='wp-caption-text gallery-caption' id='gallery-1-5687'>\n\t\t\t\tun passage un peu vertical\n\t\t\t\t<\/figcaption><\/figure><figure class='gallery-item'>\n\t\t\t<div class='gallery-icon portrait'>\n\t\t\t\t<a href='https:\/\/www.aphyllanthe.fr\/association\/wp-content\/uploads\/2017\/05\/20170520_163511.jpg'><img loading=\"lazy\" decoding=\"async\" width=\"169\" height=\"300\" src=\"https:\/\/www.aphyllanthe.fr\/association\/wp-content\/uploads\/2017\/05\/20170520_163511-169x300.jpg\" class=\"attachment-medium size-medium\" alt=\"paroi vertical\" aria-describedby=\"gallery-1-5689\" srcset=\"https:\/\/www.aphyllanthe.fr\/association\/wp-content\/uploads\/2017\/05\/20170520_163511-169x300.jpg 169w, https:\/\/www.aphyllanthe.fr\/association\/wp-content\/uploads\/2017\/05\/20170520_163511-576x1024.jpg 576w, https:\/\/www.aphyllanthe.fr\/association\/wp-content\/uploads\/2017\/05\/20170520_163511-600x1068.jpg 600w, https:\/\/www.aphyllanthe.fr\/association\/wp-content\/uploads\/2017\/05\/20170520_163511.jpg 607w\" sizes=\"auto, (max-width: 169px) 100vw, 169px\" \/><\/a>\n\t\t\t<\/div>\n\t\t\t\t<figcaption class='wp-caption-text gallery-caption' id='gallery-1-5689'>\n\t\t\t\tparoi vertical\n\t\t\t\t<\/figcaption><\/figure><figure class='gallery-item'>\n\t\t\t<div class='gallery-icon portrait'>\n\t\t\t\t<a href='https:\/\/www.aphyllanthe.fr\/association\/wp-content\/uploads\/2017\/05\/20170520_164035.jpg'><img loading=\"lazy\" decoding=\"async\" width=\"169\" height=\"300\" src=\"https:\/\/www.aphyllanthe.fr\/association\/wp-content\/uploads\/2017\/05\/20170520_164035-169x300.jpg\" class=\"attachment-medium size-medium\" alt=\"descente en rappel\" aria-describedby=\"gallery-1-5690\" srcset=\"https:\/\/www.aphyllanthe.fr\/association\/wp-content\/uploads\/2017\/05\/20170520_164035-169x300.jpg 169w, https:\/\/www.aphyllanthe.fr\/association\/wp-content\/uploads\/2017\/05\/20170520_164035-576x1024.jpg 576w, https:\/\/www.aphyllanthe.fr\/association\/wp-content\/uploads\/2017\/05\/20170520_164035-600x1068.jpg 600w, https:\/\/www.aphyllanthe.fr\/association\/wp-content\/uploads\/2017\/05\/20170520_164035.jpg 607w\" sizes=\"auto, (max-width: 169px) 100vw, 169px\" \/><\/a>\n\t\t\t<\/div>\n\t\t\t\t<figcaption class='wp-caption-text gallery-caption' id='gallery-1-5690'>\n\t\t\t\tdescente en rappel\n\t\t\t\t<\/figcaption><\/figure>\n\t\t<\/div>\n\n<p><!--more--><\/p>\n<p><figure id=\"attachment_5691\" aria-describedby=\"caption-attachment-5691\" style=\"width: 300px\" class=\"wp-caption alignright\"><a href=\"http:\/\/www.aphyllanthe.fr\/association\/wp-content\/uploads\/2017\/05\/FullSizeRender01.jpg\"><img loading=\"lazy\" decoding=\"async\" src=\"http:\/\/www.aphyllanthe.fr\/association\/wp-content\/uploads\/2017\/05\/FullSizeRender01-300x225.jpg\" alt=\"la tyrolienne\" width=\"300\" height=\"225\" class=\"size-medium wp-image-5691\" srcset=\"https:\/\/www.aphyllanthe.fr\/association\/wp-content\/uploads\/2017\/05\/FullSizeRender01-300x225.jpg 300w, https:\/\/www.aphyllanthe.fr\/association\/wp-content\/uploads\/2017\/05\/FullSizeRender01-768x576.jpg 768w, https:\/\/www.aphyllanthe.fr\/association\/wp-content\/uploads\/2017\/05\/FullSizeRender01-1024x768.jpg 1024w, https:\/\/www.aphyllanthe.fr\/association\/wp-content\/uploads\/2017\/05\/FullSizeRender01-600x450.jpg 600w, https:\/\/www.aphyllanthe.fr\/association\/wp-content\/uploads\/2017\/05\/FullSizeRender01.jpg 1440w\" sizes=\"auto, (max-width: 300px) 100vw, 300px\" \/><\/a><figcaption id=\"caption-attachment-5691\" class=\"wp-caption-text\">la tyrolienne<\/figcaption><\/figure>Apr\u00e8s s&rsquo;\u00eatre \u00e9quip\u00e9s (casque d&rsquo;escalade, baudrier, poulie), \u00eatre all\u00e9s au pied de la falaise, avoir \u00e9cout\u00e9 et compris les consignes de s\u00e9curit\u00e9, les pratiquants ont \u00e9volu\u00e9 sur le parcours. Dans une belle ambiance, avec concentration, chacun a pu avancer sur une voie facile ou plus difficile, faire de la tyrolienne, traverser sur un pont de singe et terminer enfin par une descente en rappel, pour ceux qui le souhaitaient. Un bel apr\u00e8s-midi sportif avec des vues magnifiques sur le Gardon o\u00f9 les participants ont test\u00e9 leurs limites voire les ont d\u00e9pass\u00e9es. <\/p>\n<p><a href=\"https:\/\/goo.gl\/photos\/JnntmEHYKBD1uSkN9\" target=\"_blank\">Cliquez pour voir l&rsquo;album photo.<\/a> <\/p>\n<p>Bravo  \u00e0 tous! <\/p>\n","protected":false},"excerpt":{"rendered":"<p>Via ferrata : il s&rsquo;agit d&rsquo;un itin\u00e9raire sportif entre randonn\u00e9e et escalade le long des parois rocheuses sur lesquelles ont \u00e9t\u00e9 fix\u00e9s des \u00e9quipements m\u00e9talliques permettant de faciliter la progression et d&rsquo;assurer les pratiquants (c\u00e2ble, rampes, \u00e9chelons, poutres, \u00e9chelles). Sept adultes et sept jeunes se sont retrouv\u00e9s samedi 20 mai vers 13h45 \u00e0 Collias pour &hellip; <a href=\"https:\/\/www.aphyllanthe.fr\/association\/escapade-sur-la-via-ferrata\/\" class=\"more-link\">Continuer la lecture de <span class=\"screen-reader-text\">Escapade sur la via ferrata<\/span>  <span class=\"meta-nav\">&rarr;<\/span><\/a><\/p>\n","protected":false},"author":1,"featured_media":0,"comment_status":"closed","ping_status":"closed","sticky":false,"template":"","format":"standard","meta":{"footnotes":""},"categories":[3],"tags":[],"class_list":["post-5685","post","type-post","status-publish","format-standard","hentry","category-reportage"],"_links":{"self":[{"href":"https:\/\/www.aphyllanthe.fr\/association\/wp-json\/wp\/v2\/posts\/5685","targetHints":{"allow":["GET"]}}],"collection":[{"href":"https:\/\/www.aphyllanthe.fr\/association\/wp-json\/wp\/v2\/posts"}],"about":[{"href":"https:\/\/www.aphyllanthe.fr\/association\/wp-json\/wp\/v2\/types\/post"}],"author":[{"embeddable":true,"href":"https:\/\/www.aphyllanthe.fr\/association\/wp-json\/wp\/v2\/users\/1"}],"replies":[{"embeddable":true,"href":"https:\/\/www.aphyllanthe.fr\/association\/wp-json\/wp\/v2\/comments?post=5685"}],"version-history":[{"count":0,"href":"https:\/\/www.aphyllanthe.fr\/association\/wp-json\/wp\/v2\/posts\/5685\/revisions"}],"wp:attachment":[{"href":"https:\/\/www.aphyllanthe.fr\/association\/wp-json\/wp\/v2\/media?parent=5685"}],"wp:term":[{"taxonomy":"category","embeddable":true,"href":"https:\/\/www.aphyllanthe.fr\/association\/wp-json\/wp\/v2\/categories?post=5685"},{"taxonomy":"post_tag","embeddable":true,"href":"https:\/\/www.aphyllanthe.fr\/association\/wp-json\/wp\/v2\/tags?post=5685"}],"curies":[{"name":"wp","href":"https:\/\/api.w.org\/{rel}","templated":true}]}}